{"id":342800,"date":"2025-08-25T12:34:10","date_gmt":"2025-08-25T12:34:10","guid":{"rendered":"https:\/\/www.europesays.com\/fr\/342800\/"},"modified":"2025-08-25T12:34:10","modified_gmt":"2025-08-25T12:34:10","slug":"a-toulon-le-ministre-de-la-sante-au-coeur-des-urgences-de-sainte-musse","status":"publish","type":"post","link":"https:\/\/www.europesays.com\/fr\/342800\/","title":{"rendered":"\u00c0 Toulon, le ministre de la Sant\u00e9 au coeur des urgences de Sainte-Musse"},"content":{"rendered":"<p>                    <img loading=\"lazy\" decoding=\"async\" src=\"https:\/\/www.europesays.com\/fr\/wp-content\/uploads\/2025\/08\/f25fd3d488079af6f2f41ee20c6584.jpg\" class=\"img-responsive post-image\" width=\"680\" height=\"510\" alt=\"\u00c0 Toulon, le ministre (\u2026)\" title=\"\u00c0 Toulon, le ministre de la Sant\u00e9 au coeur des urgences de Sainte-Musse\"\/><\/p>\n<p class=\"chapo\">En juillet, Yannick Neuder, ministre de la Sant\u00e9 et de l\u2019Acc\u00e8s aux soins, \u00e9tait en visite \u00e0 l\u2019h\u00f4pital de Toulon.<\/p>\n<p>En effet, l\u2019h\u00f4pital Sainte Musse \u00e0 Toulon, \u00e9tablissement du Centre Hospitalier Intercommunal Toulon &#8211; La Seyne-sur-Mer, a accueilli Yannick Neuder, ministre de la Sant\u00e9 et de l\u2019Acc\u00e8s aux soins.<br class=\"texte\"\/><br \/>\nCette visite a \u00e9t\u00e9 l\u2019occasion d\u2019\u00e9changes avec les \u00e9quipes et les patients dans le contexte actuel du Plan de mobilisation interne en cours au CHI Toulon-La Seyne-sur-Mer et au Centre Hospitalier d\u2019Hy\u00e8res. C\u2019\u00e9tait aussi l\u2019occasion de valoriser les services de soins programm\u00e9s et non programm\u00e9s de l\u2019h\u00f4pital, les projets en cours et \u00e0 venir, notamment en mati\u00e8re d\u2019investissement immobilier. Le ministre a adress\u00e9 un message fort de soutien et de reconnaissance, saluant l\u2019engagement au quotidien de l\u2019ensemble de la communaut\u00e9 hospitali\u00e8re au service des patients.<\/p>\n<p>URGENCES<\/p>\n<p>Durant sa visite, le ministre a parcouru les diff\u00e9rents services des urgences de l\u2019\u00e9tablissement qui avait d\u00e9clench\u00e9 son plan blanc le 8 juillet dernier. Ce plan a permis de consolider les renforts d\u2019effectifs, de fluidifier les sorties et de modifier l\u2019organisation des conditions d\u2019accueil. Cela a \u00e9t\u00e9 rendu possible avec l\u2019ouverture d\u2019une salle \u00ab\u00a0plan blanc\u00a0\u00bb install\u00e9e pour l\u2019accueil des patients des urgences en attente de transfert ou d\u2019hospitalisation.<\/p>\n<p>Au centre de r\u00e9gulation du SAMU, situ\u00e9 au sein de l\u2019h\u00f4pital Sainte-Musse, Yannick Neuder a constat\u00e9 la mont\u00e9e en charge du service, notamment parce que ce jour-l\u00e0 SOS m\u00e9decins est ferm\u00e9 partout dans le Var.<\/p>\n<p>\u00ab\u00a0Dans le m\u00eame temps, les m\u00e9decins ne se d\u00e9placent plus \u00e0 domicile. Or, nous avons une population vieillissante qui ne peut pas toujours se rendre au cabinet, et par cons\u00e9quent, ils nous appellent\u00a0\u00bb, a expliqu\u00e9 un m\u00e9decin du SAMU.<\/p>\n<p>En effet, l\u2019h\u00f4pital constate un flux d\u2019appels plus important qu\u2019\u00e0 l\u2019habitude\u00a0: \u00ab\u00a0Cela est constat\u00e9 \u00e0 Toulon, \u00e0 La Seyne-sur-Mer et Hy\u00e8res, avec une hausse du niveau d\u2019appels au SAMU et des urgences autour de nous qui fonctionnent en mode d\u00e9grad\u00e9 \u2013 notamment celles de l\u2019h\u00f4pital militaire Sainte-Anne\u00a0\u00bb, a expliqu\u00e9<strong> Yann Le Bras<\/strong>, directeur du Centre hospitalier intercommunal Toulon &#8211; La Seyne (CHITS) et du Centre hospitalier d\u2019Hy\u00e8res.<\/p>\n<p>\u00c0 ce sujet, l\u2019h\u00f4pital va agrandir le local d\u00e9di\u00e9 aux urgences. \u00ab\u00a0Ainsi, le centre de r\u00e9gulation du SAMU et le Service d\u2019acc\u00e8s aux soins (SAS) vont \u00eatre agrandis d\u2019ici fin 2026-d\u00e9but 2027, passant de 29 \u00e0 41 postes et d\u2019une surface de 138 \u00e0 196 m2\u00a0\u00bb, a d\u00e9taill\u00e9 le Dr Catherine Velly, chef de p\u00f4le des urgences de Sainte-Musse (urgences adultes, SAMU, SMUR, Centre 15).<\/p>\n<p>Enfin, \u00e0 l\u2019occasion de ce d\u00e9placement, le ministre est revenu sur les annonces de Fran\u00e7ois Bayrou sur le budget 2026 et sur les 5 milliards d\u2019\u00e9conomies demand\u00e9s au secteur de la sant\u00e9.<\/p>\n<p>Photo de Une \u00a9 Philippe OLIVIER<\/p>\n","protected":false},"excerpt":{"rendered":"En juillet, Yannick Neuder, ministre de la Sant\u00e9 et de l\u2019Acc\u00e8s aux soins, \u00e9tait en visite \u00e0 l\u2019h\u00f4pital&hellip;\n","protected":false},"author":2,"featured_media":342801,"comment_status":"","ping_status":"","sticky":false,"template":"","format":"standard","meta":{"footnotes":""},"categories":[9619],"tags":[1111,11,2408,1777,674,1011,27,12,882,25,2310],"class_list":{"0":"post-342800","1":"post","2":"type-post","3":"status-publish","4":"format-standard","5":"has-post-thumbnail","7":"category-toulon","8":"tag-actu","9":"tag-actualites","10":"tag-appels-d","11":"tag-eu","12":"tag-europe","13":"tag-fr","14":"tag-france","15":"tag-news","16":"tag-provence-alpes-cote-dazur","17":"tag-republique-francaise","18":"tag-toulon"},"share_on_mastodon":{"url":"https:\/\/pubeurope.com\/@fr\/115089431935304195","error":""},"_links":{"self":[{"href":"https:\/\/www.europesays.com\/fr\/wp-json\/wp\/v2\/posts\/342800","targetHints":{"allow":["GET"]}}],"collection":[{"href":"https:\/\/www.europesays.com\/fr\/wp-json\/wp\/v2\/posts"}],"about":[{"href":"https:\/\/www.europesays.com\/fr\/wp-json\/wp\/v2\/types\/post"}],"author":[{"embeddable":true,"href":"https:\/\/www.europesays.com\/fr\/wp-json\/wp\/v2\/users\/2"}],"replies":[{"embeddable":true,"href":"https:\/\/www.europesays.com\/fr\/wp-json\/wp\/v2\/comments?post=342800"}],"version-history":[{"count":0,"href":"https:\/\/www.europesays.com\/fr\/wp-json\/wp\/v2\/posts\/342800\/revisions"}],"wp:featuredmedia":[{"embeddable":true,"href":"https:\/\/www.europesays.com\/fr\/wp-json\/wp\/v2\/media\/342801"}],"wp:attachment":[{"href":"https:\/\/www.europesays.com\/fr\/wp-json\/wp\/v2\/media?parent=342800"}],"wp:term":[{"taxonomy":"category","embeddable":true,"href":"https:\/\/www.europesays.com\/fr\/wp-json\/wp\/v2\/categories?post=342800"},{"taxonomy":"post_tag","embeddable":true,"href":"https:\/\/www.europesays.com\/fr\/wp-json\/wp\/v2\/tags?post=342800"}],"curies":[{"name":"wp","href":"https:\/\/api.w.org\/{rel}","templated":true}]}}