{"id":342812,"date":"2025-08-25T12:40:10","date_gmt":"2025-08-25T12:40:10","guid":{"rendered":"https:\/\/www.europesays.com\/fr\/342812\/"},"modified":"2025-08-25T12:40:10","modified_gmt":"2025-08-25T12:40:10","slug":"grenoble-cette-piscine-municipale-va-fermer-ses-portes-a-la-fin-du-mois-voici-laquelle","status":"publish","type":"post","link":"https:\/\/www.europesays.com\/fr\/342812\/","title":{"rendered":"Grenoble. Cette piscine municipale va fermer ses portes \u00e0 la fin du mois, voici laquelle"},"content":{"rendered":"<p>            Par<br \/>\n        <strong><br \/>\n            <a href=\"https:\/\/actu.fr\/auteur\/emma-ressegaire\" title=\"Consulter tous les articles de Emma Ressegaire\" target=\"_blank\" rel=\"noopener\">Emma Ressegaire<\/a><br \/>\n        <\/strong><\/p>\n<p>        Publi\u00e9 le<\/p>\n<p>            25 ao\u00fbt 2025 \u00e0 14h23        <\/p>\n<p><strong>Plus que quelques longueurs possibles<\/strong> dans cette piscine municipale de <a href=\"https:\/\/actu.fr\/grenoble\/\" target=\"_blank\" rel=\"noopener\">Grenoble<\/a> avant la fin de ce mois d\u2019ao\u00fbt.\u00a0<\/p>\n<p class=\" wall-content\">La piscine Jean-Bron va fermer ses portes <strong>le dimanche 31 ao\u00fbt au soir<\/strong>. Une annonce faite par la Ville de Grenoble \u00e0 travers une publication Facebook post\u00e9e le dimanche 24 ao\u00fbt.\u00a0<\/p>\n<p class=\" wall-content\">Comme chaque ann\u00e9e, cette piscine municipale n\u2019ouvre ses portes que <strong>pour la saison estivale<\/strong>. Ainsi, il ne reste plus qu\u2019une petite semaine pour profiter d\u2019une baignade.<\/p>\n<p>    <a href=\"https:\/\/www.facebook.com\/plugins\/post.php?href=https%3A%2F%2Fwww.facebook.com%2FVilledeGrenoble%2Fposts%2Fpfbid02WrpNeWcsJwDbSXMysmmAbYGCSKizt43UtfXirRyuvpEmgY8WUGJsV7aCf843knWTl&amp;show_text=true&amp;width=350\" title=\"Ouvrie le lien\" target=\"_blank\" rel=\"noopener\">Cliquez ici pour visualiser le contenu<\/a><\/p>\n<p>76 000 personnes dans cette piscine<\/p>\n<p class=\" wall-content\">Pour cet \u00e9t\u00e9 2025, la municipalit\u00e9 annonce que pr\u00e8s de <strong>76 000 personnes sont venues se baigner<\/strong> \u00e0 la piscine Jean Bron.<\/p>\n<p class=\" wall-content\">Celle-ci rouvrira ses portes du 8 septembre au 18 octobre <strong>mais seulement pour les scolaires et les associations\u00a0<\/strong>suite aux travaux de la piscine du Clos d\u2019Or jusqu\u2019\u00e0 la Toussaint.<\/p>\n<p>Piscine municipale Jean Bron<br \/>7 Rue Lazare Carnot, 38000 Grenoble<br \/>Horaires : tous les jours de 9h30 \u00e0 14h et de 15h30 \u00e0 19h. Matinales d\u00e8s 7h30 les mardis et jeudis (acc\u00e8s au bassin de 25m uniquement). Nocturnes jusqu\u2019\u00e0 20h30 les mardis et jeudis.<br \/>Tarifs : 4\u20ac pour les Grenoblois \/ 6\u20ac pour les non-Grenoblois. Pour les moins de 18 ans \u00e0 2,40\u20ac.<\/p>\n<p class=\" wall-content\">Personnalisez votre actualit\u00e9 en ajoutant vos villes et m\u00e9dias en favori avec <a href=\"https:\/\/moncompte.actu.fr\" title=\"D\u00e9couvez Mon Actu\" rel=\"nofollow noopener\" data-trk=\"{&quot;cta&quot;:{&quot;action&quot;:&quot;https:\\\/\\\/moncompte.actu.fr&quot;,&quot;category&quot;:&quot;mon compte&quot;,&quot;from&quot;:&quot;article footer&quot;,&quot;name&quot;:&quot;Mon actu&quot;,&quot;type&quot;:&quot;cta&quot;}}\" target=\"_blank\">Mon Actu<\/a>.<\/p>\n","protected":false},"excerpt":{"rendered":"Par Emma Ressegaire Publi\u00e9 le 25 ao\u00fbt 2025 \u00e0 14h23 Plus que quelques longueurs possibles dans cette piscine&hellip;\n","protected":false},"author":2,"featured_media":342813,"comment_status":"","ping_status":"","sticky":false,"template":"","format":"standard","meta":{"footnotes":""},"categories":[9566],"tags":[1111,11,2430,1777,674,1011,27,2731,12,25,104,15637],"class_list":{"0":"post-342812","1":"post","2":"type-post","3":"status-publish","4":"format-standard","5":"has-post-thumbnail","7":"category-grenoble","8":"tag-actu","9":"tag-actualites","10":"tag-auvergne-rhone-alpes","11":"tag-eu","12":"tag-europe","13":"tag-fr","14":"tag-france","15":"tag-grenoble","16":"tag-news","17":"tag-republique-francaise","18":"tag-societe","19":"tag-vague-de-chaleur"},"share_on_mastodon":{"url":"https:\/\/pubeurope.com\/@fr\/115089455500164106","error":""},"_links":{"self":[{"href":"https:\/\/www.europesays.com\/fr\/wp-json\/wp\/v2\/posts\/342812","targetHints":{"allow":["GET"]}}],"collection":[{"href":"https:\/\/www.europesays.com\/fr\/wp-json\/wp\/v2\/posts"}],"about":[{"href":"https:\/\/www.europesays.com\/fr\/wp-json\/wp\/v2\/types\/post"}],"author":[{"embeddable":true,"href":"https:\/\/www.europesays.com\/fr\/wp-json\/wp\/v2\/users\/2"}],"replies":[{"embeddable":true,"href":"https:\/\/www.europesays.com\/fr\/wp-json\/wp\/v2\/comments?post=342812"}],"version-history":[{"count":0,"href":"https:\/\/www.europesays.com\/fr\/wp-json\/wp\/v2\/posts\/342812\/revisions"}],"wp:featuredmedia":[{"embeddable":true,"href":"https:\/\/www.europesays.com\/fr\/wp-json\/wp\/v2\/media\/342813"}],"wp:attachment":[{"href":"https:\/\/www.europesays.com\/fr\/wp-json\/wp\/v2\/media?parent=342812"}],"wp:term":[{"taxonomy":"category","embeddable":true,"href":"https:\/\/www.europesays.com\/fr\/wp-json\/wp\/v2\/categories?post=342812"},{"taxonomy":"post_tag","embeddable":true,"href":"https:\/\/www.europesays.com\/fr\/wp-json\/wp\/v2\/tags?post=342812"}],"curies":[{"name":"wp","href":"https:\/\/api.w.org\/{rel}","templated":true}]}}