{"id":342814,"date":"2025-08-25T12:41:10","date_gmt":"2025-08-25T12:41:10","guid":{"rendered":"https:\/\/www.europesays.com\/fr\/342814\/"},"modified":"2025-08-25T12:41:10","modified_gmt":"2025-08-25T12:41:10","slug":"un-homme-juge-pour-avoir-fauche-une-famille-apres-la-victoire-du-psg-en-ligue-des-champions-2","status":"publish","type":"post","link":"https:\/\/www.europesays.com\/fr\/342814\/","title":{"rendered":"Un homme jug\u00e9 pour avoir fauch\u00e9 une famille apr\u00e8s la victoire du PSG en Ligue des champions"},"content":{"rendered":"<p><strong>Accident &#8211; Apr\u00e8s le sacre des Parisiens en Ligue des champions en mai dernier, ce jeune conducteur vis\u00e9 par des tirs de mortiers avait roul\u00e9 sur une famille, faisant deux bless\u00e9s graves<\/strong><\/p>\n<p>Il avait fauch\u00e9 une famille \u00e0 <a href=\"https:\/\/www.20minutes.fr\/grenoble\/?at_medium=RSS%20feed&amp;at_campaign=ynews&amp;utm_source=yahoo&amp;utm_medium=rss&amp;utm_campaign=news_feed&amp;utm_content=in_article_link\" rel=\"nofollow noopener\" target=\"_blank\" data-ylk=\"slk:Grenoble;elm:context_link;itc:0;sec:content-canvas\" class=\"link \">Grenoble <\/a>(Is\u00e8re) apr\u00e8s la <a href=\"https:\/\/www.20minutes.fr\/sport\/football\/diaporama-4156258-psg-inter-chiffres-improbables-victoire-ecrasante-parisiens-finale-ligue-champions?at_medium=RSS%20feed&amp;at_campaign=ynews&amp;utm_source=yahoo&amp;utm_medium=rss&amp;utm_campaign=news_feed&amp;utm_content=in_article_link\" rel=\"nofollow noopener\" target=\"_blank\" data-ylk=\"slk:victoire du PSG en finale de la Ligue des champions;elm:context_link;itc:0;sec:content-canvas\" class=\"link \">victoire du PSG en finale de la Ligue des champions<\/a>, le 31\u00a0mai dernier. Selon <a href=\"https:\/\/france3-regions.franceinfo.fr\/auvergne-rhone-alpes\/isere\/grenoble\/famille-fauchee-a-grenoble-apres-la-victoire-du-psg-le-conducteur-juge-lundi-pour-blessures-involontaires-3205877.html?at_medium=RSS%20feed&amp;at_campaign=ynews&amp;utm_source=yahoo&amp;utm_medium=rss&amp;utm_campaign=news_feed&amp;utm_content=in_article_link\" rel=\"nofollow noopener\" target=\"_blank\" data-ylk=\"slk:France 3 R\u00e9gions;elm:context_link;itc:0;sec:content-canvas\" class=\"link \">France 3 R\u00e9gions<\/a>, le conducteur sera jug\u00e9 ce lundi pour \u00ab\u00a0blessures involontaires\u00a0\u00bb.<\/p>\n<p>Ce soir-l\u00e0, les c\u00e9l\u00e9brations et la liesse avaient laiss\u00e9 place \u00e0 une sc\u00e8ne de cauchemar. Lors de ce drame, quatre membres d\u2019une famille avaient \u00e9t\u00e9 percut\u00e9s par la voiture d\u2019un jeune homme de 19 ans.<\/p>\n<p>Trois bless\u00e9s dont un grave lors de cet accident<\/p>\n<p>Jug\u00e9 ce lundi au tribunal correctionnel de Grenoble, il est reproch\u00e9 au jeune conducteur les d\u00e9lits suivants\u00a0: \u00ab\u00a0violation manifestement d\u00e9lib\u00e9r\u00e9e d\u2019une obligation de s\u00e9curit\u00e9 ou de prudence\u00a0\u00bb, \u00ab\u00a0destruction du bien d\u2019un charg\u00e9 de mission de service public\u00a0\u00bb, \u00ab\u00a0d\u00e9gradation ou d\u00e9t\u00e9rioration d\u2019un bien appartenant \u00e0 autrui\u00a0\u00bb, et \u00ab\u00a0circulation d\u2019un v\u00e9hicule non autoris\u00e9 sur une voie r\u00e9serv\u00e9e aux v\u00e9hicules de transport en commun\u00a0\u00bb.<\/p>\n<p>Dans un premier temps, lors de cette soir\u00e9e, de nombreux tirs de mortiers avaient \u00e9t\u00e9 signal\u00e9s au centre-ville. Lors d\u2019un moment de tension, vers 23h40, un v\u00e9hicule BMW s\u00e9rie 1, qui roulait sur les rails du tramway, avait alors percut\u00e9 \u00e0 vive allure un groupe de pi\u00e9tons sur l\u2019avenue Alsace-Lorraine. Une femme de 46 ans, ses deux fils jumeaux de 17 ans et sa ni\u00e8ce de 18 ans avaient \u00e9t\u00e9 bless\u00e9s, dont deux gri\u00e8vement.<\/p>\n<p>Le conducteur avait pris la fuite avant de se rendre \u00e0 la police. Il avait indiqu\u00e9 aux enqu\u00eateurs avoir perdu le contr\u00f4le de sa voiture apr\u00e8s avoir \u00e9t\u00e9 pris pour cible par des tirs(&#8230;)<\/p>\n<p><a href=\"https:\/\/www.20minutes.fr\/justice\/4169387-20250825-grenoble-homme-juge-avoir-fauche-famille-apres-victoire-psg-ligue-champions?at_medium=RSS%20feed&amp;at_campaign=ynews&amp;utm_source=yahoo&amp;utm_medium=rss&amp;utm_campaign=news_feed&amp;utm_content=read_more_link&quot;\" rel=\"nofollow noopener\" target=\"_blank\" data-ylk=\"slk:Lire la suite sur 20minutes;elm:context_link;itc:0;sec:content-canvas\" class=\"link \">Lire la suite sur 20minutes<\/a><\/p>\n<p>\u00c0 lire aussi :<br \/><a href=\"https:\/\/www.20minutes.fr\/faits_divers\/4156569-20250602-violences-apres-sacre-psg-jeune-conducteur-fauche-famille-grenoble-bientot-juge?at_medium=RSS%20feed&amp;at_campaign=ynews&amp;utm_source=yahoo&amp;utm_medium=rss&amp;utm_campaign=news_feed&amp;utm_content=related_content_link\" rel=\"nofollow noopener\" target=\"_blank\" data-ylk=\"slk:PSG\u00a0champion d\u2019Europe\u00a0: Le jeune conducteur qui a fauch\u00e9 une famille \u00e0 Grenoble bient\u00f4t jug\u00e9;elm:context_link;itc:0;sec:content-canvas\" class=\"link \">PSG\u00a0champion d\u2019Europe\u00a0: Le jeune conducteur qui a fauch\u00e9 une famille \u00e0 Grenoble bient\u00f4t jug\u00e9<\/a><br \/><a href=\"https:\/\/www.20minutes.fr\/faits_divers\/4157888-20250611-normandie-policier-blesse-fusee-detresse-apres-victoire-psg-sorti-coma?at_medium=RSS%20feed&amp;at_campaign=ynews&amp;utm_source=yahoo&amp;utm_medium=rss&amp;utm_campaign=news_feed&amp;utm_content=related_content_link\" rel=\"nofollow noopener\" target=\"_blank\" data-ylk=\"slk:Normandie\u00a0: Le policier bless\u00e9 par une fus\u00e9e de d\u00e9tresse apr\u00e8s la victoire du PSG est sorti du coma;elm:context_link;itc:0;sec:content-canvas\" class=\"link \">Normandie\u00a0: Le policier bless\u00e9 par une fus\u00e9e de d\u00e9tresse apr\u00e8s la victoire du PSG est sorti du coma<\/a><\/p>\n","protected":false},"excerpt":{"rendered":"Accident &#8211; Apr\u00e8s le sacre des Parisiens en Ligue des champions en mai dernier, ce jeune conducteur vis\u00e9&hellip;\n","protected":false},"author":2,"featured_media":342815,"comment_status":"","ping_status":"","sticky":false,"template":"","format":"standard","meta":{"footnotes":""},"categories":[9566],"tags":[1111,11,2430,1777,674,19651,1011,27,2731,47893,447,12,47894,93,25],"class_list":{"0":"post-342814","1":"post","2":"type-post","3":"status-publish","4":"format-standard","5":"has-post-thumbnail","7":"category-grenoble","8":"tag-actu","9":"tag-actualites","10":"tag-auvergne-rhone-alpes","11":"tag-eu","12":"tag-europe","13":"tag-finale-de-la-ligue-des-champions","14":"tag-fr","15":"tag-france","16":"tag-grenoble","17":"tag-jeune-conducteur","18":"tag-ligue-des-champions","19":"tag-news","20":"tag-obligation-de-securite","21":"tag-psg","22":"tag-republique-francaise"},"share_on_mastodon":{"url":"https:\/\/pubeurope.com\/@fr\/115089459410038721","error":""},"_links":{"self":[{"href":"https:\/\/www.europesays.com\/fr\/wp-json\/wp\/v2\/posts\/342814","targetHints":{"allow":["GET"]}}],"collection":[{"href":"https:\/\/www.europesays.com\/fr\/wp-json\/wp\/v2\/posts"}],"about":[{"href":"https:\/\/www.europesays.com\/fr\/wp-json\/wp\/v2\/types\/post"}],"author":[{"embeddable":true,"href":"https:\/\/www.europesays.com\/fr\/wp-json\/wp\/v2\/users\/2"}],"replies":[{"embeddable":true,"href":"https:\/\/www.europesays.com\/fr\/wp-json\/wp\/v2\/comments?post=342814"}],"version-history":[{"count":0,"href":"https:\/\/www.europesays.com\/fr\/wp-json\/wp\/v2\/posts\/342814\/revisions"}],"wp:featuredmedia":[{"embeddable":true,"href":"https:\/\/www.europesays.com\/fr\/wp-json\/wp\/v2\/media\/342815"}],"wp:attachment":[{"href":"https:\/\/www.europesays.com\/fr\/wp-json\/wp\/v2\/media?parent=342814"}],"wp:term":[{"taxonomy":"category","embeddable":true,"href":"https:\/\/www.europesays.com\/fr\/wp-json\/wp\/v2\/categories?post=342814"},{"taxonomy":"post_tag","embeddable":true,"href":"https:\/\/www.europesays.com\/fr\/wp-json\/wp\/v2\/tags?post=342814"}],"curies":[{"name":"wp","href":"https:\/\/api.w.org\/{rel}","templated":true}]}}