{"id":342816,"date":"2025-08-25T12:42:14","date_gmt":"2025-08-25T12:42:14","guid":{"rendered":"https:\/\/www.europesays.com\/fr\/342816\/"},"modified":"2025-08-25T12:42:14","modified_gmt":"2025-08-25T12:42:14","slug":"rue-du-chapitre-the-place-to-be-au-moyen-age","status":"publish","type":"post","link":"https:\/\/www.europesays.com\/fr\/342816\/","title":{"rendered":"RUE DU CHAPITRE\u00a0: \u00ab\u00a0THE PLACE TO BE\u00a0\u00bb AU MOYEN-\u00c2GE"},"content":{"rendered":"<p style=\"text-align: justify\"><strong>S\u00c9RIE D\u2019\u00c9T\u00c9.\u00a0Jusqu\u2019\u00e0 la fin du mois d\u2019ao\u00fbt, Rennes Infos Autrement vous propose une balade \u00e0 travers le nom des rues. Anecdotes, Histoire, patrimoine : que se cache derri\u00e8re l\u2019odonymie rennaise ?<br \/>Aujourd\u2019hui, levons le nez, rue du Chapitre, derri\u00e8re la cath\u00e9drale.<\/strong><\/p>\n<p style=\"text-align: justify\">Imaginez-vous au Moyen-\u00c2ge. La rue du Chapitre tout comme sa voisine est au c\u0153ur de la cit\u00e9 m\u00e9di\u00e9vale, puisqu\u2019elle borde la cath\u00e9drale, centre n\u00e9vralgique de Rennes. Dans cette art\u00e8re qui se nomme alors \u00ab\u00a0rue du Four au Chapitre\u00a0\u00bb car le clerg\u00e9 y cuit son pain, se concentrent les \u00e9lites qui souhaitent graviter autour de l\u2019\u00e9v\u00eaque.<\/p>\n<p style=\"text-align: justify\">Aujourd\u2019hui encore, sur la fa\u00e7ade du num\u00e9ro 16, on devine l\u2019ancienne activit\u00e9 en d\u00e9couvrant les \u00e9pis de bl\u00e9 et les cl\u00e9s de Saint-Pierre.<\/p>\n<p style=\"text-align: justify\">On pourrait croire que la rue est enti\u00e8rement moyen\u00e2geuse\u2026 mais on se tromperait. Car le patrimoine b\u00e2ti ne date pas uniquement de cette \u00e9poque.<\/p>\n<p style=\"text-align: justify\"><strong>\u00ab\u00a0Quand on traverse l\u2019\u00e9troite rue du Chapitre on a l\u2019impression d\u2019\u00eatre, \u00e0 tort, dans une ambiance m\u00e9di\u00e9vale avec les fa\u00e7ades \u00e0 pans-de-bois et le trac\u00e9 un peu irr\u00e9gulier de la rue\u00a0\u00bb<\/strong>\u00a0pr\u00e9cise Gilles Brohan animateur du patrimoine \u00e0 l\u2019Office de tourisme.\u00a0<strong>\u00ab La rue fait la jonction entre ce qu\u2019on appelle la ville de bois, dont la partie autour de la cath\u00e9drale a \u00e9t\u00e9 \u00e9pargn\u00e9e par\u00a0l\u2019incendie de 1720, et la partie reconstruite en pierres\u00a0\u00bb<\/strong>.<\/p>\n<p style=\"text-align: justify\"><strong>Un mix d\u2019\u00e9poques<\/strong><\/p>\n<p style=\"text-align: justify\">A l\u2019angle de la rue de la Psalette, les num\u00e9ro 20 et 22 rappellent l\u2019\u00e9poque Renaissance. <strong>\u00ab\u00a0Leur vocabulaire sculpt\u00e9 avec des profils de visages humains ou d\u2019animaux sculpt\u00e9s sur les poteaux, des rinceaux v\u00e9g\u00e9taux, des denticules et des oves (en forme d\u2019\u0153uf) sculpt\u00e9s sont caract\u00e9ristiques des motifs de la Seconde Renaissance qui fleurissent sur les fa\u00e7ades au cours du XVI\u00e8me si\u00e8cle\u00a0\u00bb\u00a0<\/strong>d\u00e9taille Gilles Brohan. Pas \u00e9vident pour un novice de diff\u00e9rencier les styles\u2026 alors l\u2019animateur du patrimoine a une astuce\u00a0: <strong>\u00ab\u00a0Les sculptures et peintures sur les fa\u00e7ades sont d\u2019une certaine mani\u00e8re un h\u00e9ritage des pratiques m\u00e9di\u00e9vales, mais les motifs sont diff\u00e9rents. Sur les maisons du Moyen \u00c2ge, le d\u00e9cor sculpt\u00e9 est moins abondant avec des motifs \u00e0 chevrons et des croix de Saint-Andr\u00e9.\u00a0\u00bb<\/strong><\/p>\n<p style=\"text-align: justify\"><strong>Si tu ne viens pas \u00e0 Lagard\u00e8re, Largard\u00e8re ira rue du Chapitre<\/strong><\/p>\n<p style=\"text-align: justify\">Avez-vous d\u00e9j\u00e0 pouss\u00e9 la porte de l\u2019H\u00f4tel de Blossac, 6 rue du Chapitre\u00a0? La demeure, d\u00e9crite comme <strong>\u00ab le plus beau monument de l\u2019architecture priv\u00e9e que poss\u00e8de la ville de Rennes \u00bb <\/strong>par Barth\u00e9lemy Poquet du Haut Juss\u00e9 en 1966, aurait inspir\u00e9 Paul F\u00e9val lors de l\u2019\u00e9criture de son c\u00e9l\u00e8bre Bossu.<\/p>\n<p style=\"text-align: justify\">Il s\u2019agit ici plus d\u2019un fait que d\u2019un mythe, car l\u2019auteur est n\u00e9 en ces lieux et y a \u00e9crit plusieurs de ses c\u00e9l\u00e8bres romans de cape et d\u2019\u00e9p\u00e9e. Si vous visitez les lieux, regardez le magistral escalier \u00e0 l\u2019entr\u00e9e, propice aux combats de fleuret et de sabre.<\/p>\n","protected":false},"excerpt":{"rendered":"S\u00c9RIE D\u2019\u00c9T\u00c9.\u00a0Jusqu\u2019\u00e0 la fin du mois d\u2019ao\u00fbt, Rennes Infos Autrement vous propose une balade \u00e0 travers le nom&hellip;\n","protected":false},"author":2,"featured_media":342817,"comment_status":"","ping_status":"","sticky":false,"template":"","format":"standard","meta":{"footnotes":""},"categories":[2821],"tags":[1111,11,829,1777,674,1011,27,12,584,25],"class_list":{"0":"post-342816","1":"post","2":"type-post","3":"status-publish","4":"format-standard","5":"has-post-thumbnail","7":"category-rennes","8":"tag-actu","9":"tag-actualites","10":"tag-bretagne","11":"tag-eu","12":"tag-europe","13":"tag-fr","14":"tag-france","15":"tag-news","16":"tag-rennes","17":"tag-republique-francaise"},"share_on_mastodon":{"url":"https:\/\/pubeurope.com\/@fr\/115089463431330237","error":""},"_links":{"self":[{"href":"https:\/\/www.europesays.com\/fr\/wp-json\/wp\/v2\/posts\/342816","targetHints":{"allow":["GET"]}}],"collection":[{"href":"https:\/\/www.europesays.com\/fr\/wp-json\/wp\/v2\/posts"}],"about":[{"href":"https:\/\/www.europesays.com\/fr\/wp-json\/wp\/v2\/types\/post"}],"author":[{"embeddable":true,"href":"https:\/\/www.europesays.com\/fr\/wp-json\/wp\/v2\/users\/2"}],"replies":[{"embeddable":true,"href":"https:\/\/www.europesays.com\/fr\/wp-json\/wp\/v2\/comments?post=342816"}],"version-history":[{"count":0,"href":"https:\/\/www.europesays.com\/fr\/wp-json\/wp\/v2\/posts\/342816\/revisions"}],"wp:featuredmedia":[{"embeddable":true,"href":"https:\/\/www.europesays.com\/fr\/wp-json\/wp\/v2\/media\/342817"}],"wp:attachment":[{"href":"https:\/\/www.europesays.com\/fr\/wp-json\/wp\/v2\/media?parent=342816"}],"wp:term":[{"taxonomy":"category","embeddable":true,"href":"https:\/\/www.europesays.com\/fr\/wp-json\/wp\/v2\/categories?post=342816"},{"taxonomy":"post_tag","embeddable":true,"href":"https:\/\/www.europesays.com\/fr\/wp-json\/wp\/v2\/tags?post=342816"}],"curies":[{"name":"wp","href":"https:\/\/api.w.org\/{rel}","templated":true}]}}