{"id":342818,"date":"2025-08-25T12:43:19","date_gmt":"2025-08-25T12:43:19","guid":{"rendered":"https:\/\/www.europesays.com\/fr\/342818\/"},"modified":"2025-08-25T12:43:19","modified_gmt":"2025-08-25T12:43:19","slug":"un-cador-passe-devant-dans-le-dossier-conrad-harder","status":"publish","type":"post","link":"https:\/\/www.europesays.com\/fr\/342818\/","title":{"rendered":"un cador passe devant dans le dossier Conrad Harder"},"content":{"rendered":"<p>Balay\u00e9 \u00e0 Lorient dans de dr\u00f4les de circonstances hier dimanche en Ligue 1 (4-0), <a href=\"https:\/\/www.dailymercato.com\/club\/stade-rennais-fc-24\" rel=\"nofollow noopener\" target=\"_blank\">Rennes<\/a> attend encore beaucoup des derniers jours de ce mercato d&rsquo;\u00e9t\u00e9. Le coach Habib Beye esp\u00e8re surtout d\u00e9nicher un nouvel avant-centre, apr\u00e8s avoir envoy\u00e9 Arnaud Kalimuendo en Premier League anglaise.\u00a0<\/p>\n<p>Comme nous vous l&rsquo;expliquions ces derni\u00e8res heures, <a href=\"https:\/\/www.dailymercato.com\/news\/mercato-rennes-harder-lepaul-imbroglio-chez-les-rouge-et-noir\" rel=\"nofollow noopener\" target=\"_blank\">le Stade Rennais a deux cibles prioritaires<\/a>. Est\u00e9ban Lepaul, le buteur d&rsquo;Angers SCO, et Conrad Harder, le joueur du Sporting Portugal. H\u00e9las, concernant l&rsquo;avant-centre danois, les choses se compliquent s\u00e9rieusement.\u00a0<\/p>\n<blockquote class=\"twitter-tweet\"><p>&#13;<\/p>\n<p dir=\"ltr\" lang=\"en\">\ud83d\udea8\ud83d\udd34\u26ab\ufe0f Conrad Harder deal enters key stages after talks reported in the recent days.<\/p>\n<p>AC Milan are closing in on \u20ac24m plus \u20ac3m deal with Sporting, negotiations advanced.<\/p>\n<p>Harder and Sporting also received formal bid from Rennes, in direct talks since they sold Kalimuendo. <a href=\"https:\/\/t.co\/o7ogCPXYge\" rel=\"nofollow\">pic.twitter.com\/o7ogCPXYge<\/a><\/p>\n<p>&#13;<br \/>\n\u2014 Fabrizio Romano (@FabrizioRomano) <a href=\"https:\/\/twitter.com\/FabrizioRomano\/status\/1959672055135125901?ref_src=twsrc%5Etfw\" rel=\"nofollow noopener\" target=\"_blank\">August 24, 2025<\/a><\/p><\/blockquote>\n<p>L&rsquo;AC Milan devant Rennes pour Conrad Harder<\/p>\n<p>Comme l&rsquo;indique Fabrizio Romano, c&rsquo;est bel et bien l&rsquo;<a href=\"https:\/\/www.dailymercato.com\/club\/ac-milan-70\" rel=\"nofollow noopener\" target=\"_blank\">AC Milan<\/a> qui est sur le point de trouver un accord avec le Sporting Portugal pour Conrad Harder. On parle ici d&rsquo;une proposition \u00e0 hauteur de 24 millions d&rsquo;euros, soit la valeur marchande du joueur, avec 3 millions de bonus.\u00a0<\/p>\n<p>D\u00e9sormais, soit le Stade Rennais joue au jeu dangereux de la surench\u00e8re. Soit, il l\u00e2che l&rsquo;affaire, concentrant tous ses efforts sur Lepaul, ou une autre opportunit\u00e9 de march\u00e9. On pense, par exemple, \u00e0 Lucas Stassin, le buteur de l&rsquo;<a href=\"https:\/\/www.dailymercato.com\/club\/as-saint-etienne-20\" rel=\"nofollow noopener\" target=\"_blank\">ASSE<\/a>. \u00c0 suivre de pr\u00e8s.\u00a0<\/p>\n<p>Nordiste pure souche, qui pr\u00e9f\u00e8re un bon match de National avec l&rsquo;USBCO \u00e0 la rivalit\u00e9 entre le RC Lens et le LOSC. Fan des grosses ambiances avant tout, de l&rsquo;ASSE \u00e0 l&rsquo;OM en passant par Strasbourg. Aux armes !<\/p>\n<p>            <script async src=\"https:\/\/platform.twitter.com\/widgets.js\" charset=\"utf-8\"><\/script><\/p>\n","protected":false},"excerpt":{"rendered":"Balay\u00e9 \u00e0 Lorient dans de dr\u00f4les de circonstances hier dimanche en Ligue 1 (4-0), Rennes attend encore beaucoup&hellip;\n","protected":false},"author":2,"featured_media":342819,"comment_status":"","ping_status":"","sticky":false,"template":"","format":"standard","meta":{"footnotes":""},"categories":[2821],"tags":[1111,11,829,1777,674,1011,27,12,584,25],"class_list":{"0":"post-342818","1":"post","2":"type-post","3":"status-publish","4":"format-standard","5":"has-post-thumbnail","7":"category-rennes","8":"tag-actu","9":"tag-actualites","10":"tag-bretagne","11":"tag-eu","12":"tag-europe","13":"tag-fr","14":"tag-france","15":"tag-news","16":"tag-rennes","17":"tag-republique-francaise"},"share_on_mastodon":{"url":"https:\/\/pubeurope.com\/@fr\/115089467287498640","error":""},"_links":{"self":[{"href":"https:\/\/www.europesays.com\/fr\/wp-json\/wp\/v2\/posts\/342818","targetHints":{"allow":["GET"]}}],"collection":[{"href":"https:\/\/www.europesays.com\/fr\/wp-json\/wp\/v2\/posts"}],"about":[{"href":"https:\/\/www.europesays.com\/fr\/wp-json\/wp\/v2\/types\/post"}],"author":[{"embeddable":true,"href":"https:\/\/www.europesays.com\/fr\/wp-json\/wp\/v2\/users\/2"}],"replies":[{"embeddable":true,"href":"https:\/\/www.europesays.com\/fr\/wp-json\/wp\/v2\/comments?post=342818"}],"version-history":[{"count":0,"href":"https:\/\/www.europesays.com\/fr\/wp-json\/wp\/v2\/posts\/342818\/revisions"}],"wp:featuredmedia":[{"embeddable":true,"href":"https:\/\/www.europesays.com\/fr\/wp-json\/wp\/v2\/media\/342819"}],"wp:attachment":[{"href":"https:\/\/www.europesays.com\/fr\/wp-json\/wp\/v2\/media?parent=342818"}],"wp:term":[{"taxonomy":"category","embeddable":true,"href":"https:\/\/www.europesays.com\/fr\/wp-json\/wp\/v2\/categories?post=342818"},{"taxonomy":"post_tag","embeddable":true,"href":"https:\/\/www.europesays.com\/fr\/wp-json\/wp\/v2\/tags?post=342818"}],"curies":[{"name":"wp","href":"https:\/\/api.w.org\/{rel}","templated":true}]}}