{"id":342820,"date":"2025-08-25T12:44:09","date_gmt":"2025-08-25T12:44:09","guid":{"rendered":"https:\/\/www.europesays.com\/fr\/342820\/"},"modified":"2025-08-25T12:44:09","modified_gmt":"2025-08-25T12:44:09","slug":"le-cinema-star-saint-exupery-fermera-le-6-octobre-pour-18-mois-de-travaux","status":"publish","type":"post","link":"https:\/\/www.europesays.com\/fr\/342820\/","title":{"rendered":"le cin\u00e9ma Star Saint-Exup\u00e9ry fermera le 6 octobre pour 18 mois de travaux"},"content":{"rendered":"<p>            Par<br \/>\n        <strong><br \/>\n            <a href=\"https:\/\/actu.fr\/auteur\/ivan-capecchi\" title=\"Consulter tous les articles de Ivan CAPECCHI\" rel=\"nofollow noopener\" target=\"_blank\">Ivan CAPECCHI<\/a><br \/>\n        <\/strong><\/p>\n<p>        Publi\u00e9 le<\/p>\n<p>            25 ao\u00fbt 2025 \u00e0 14h30        <\/p>\n<p>Le <strong>cin\u00e9ma Star Saint-Exup\u00e9ry<\/strong>, situ\u00e9 <a href=\"https:\/\/actu.fr\/grand-est\/strasbourg_67482\/cinema-star-a-strasbourg-pourquoi-les-affiches-de-films-ne-seront-plus-visibles-depuis-la-rue-du-22-novembre_62570746.html\" rel=\"nofollow noopener\" target=\"_blank\">rue du 22-Novembre \u00e0 Strasbourg<\/a>, va fermer le <strong>6\u00a0octobre 2025<\/strong> pour <strong>18\u00a0mois de travaux de r\u00e9novation<\/strong>, avec une<strong> r\u00e9ouverture pr\u00e9vue en mars\u00a02027<\/strong>.<\/p>\n<p>Travaux au Star Saint-Exup\u00e9ry\u2009: une mise aux normes de s\u00e9curit\u00e9 et d\u2019accessibilit\u00e9<\/p>\n<p class=\" wall-content\">L\u2019op\u00e9ration, d\u2019un <strong>montant de 8,5\u00a0millions d\u2019euros<\/strong>, vise \u00e0 mettre le b\u00e2timent de 1912 <a href=\"https:\/\/actu.fr\/grand-est\/strasbourg_67482\/mise-aux-normes-nouvelle-entree-et-moins-de-sieges-la-renovation-du-cinema-star-devoilee_62567187.html\" rel=\"nofollow noopener\" target=\"_blank\">aux normes de s\u00e9curit\u00e9 et d\u2019accessibilit\u00e9<\/a>, avec notamment<strong> l\u2019installation d\u2019un ascenseur<\/strong>. D\u2019ailleurs, en raison de cette mise en accessibilit\u00e9, <a href=\"https:\/\/actu.fr\/grand-est\/strasbourg_67482\/baisse-du-nombre-de-sieges-au-cinema-star-saint-exupery-je-ne-suis-pas-inquiet-reagit-son-gerant_62575517.html\" rel=\"nofollow noopener\" target=\"_blank\">le nombre total de places passera de 683 \u00e0 626<\/a>.<\/p>\n<p class=\" wall-content\">Une <strong>nouvelle entr\u00e9e sera cr\u00e9\u00e9e rue de la Vignette<\/strong>, connect\u00e9e \u00e0 celle de la rue du 22-Novembre par un <strong>hall traversant avec escalier monumental<\/strong>.<\/p>\n<p class=\" wall-content\"><strong>La fa\u00e7ade sera \u00e9galement retravaill\u00e9e<\/strong>.<\/p>\n<p>Une s\u00e9ance de cl\u00f4ture festive<\/p>\n<p class=\" wall-content\">La fermeture du Star Saint-Exup\u00e9ry interviendra juste apr\u00e8s la <strong>18e \u00e9dition du Festival europ\u00e9en du film fantastique de Strasbourg (FEFFS)<\/strong>, qui aura lieu <strong>du 26\u00a0septembre au 5\u00a0octobre 2025<\/strong>.<\/p>\n<p class=\" wall-content\">La veille de la fermeture, le dimanche 5\u00a0octobre au soir, une <strong>s\u00e9ance de cl\u00f4ture sp\u00e9ciale<\/strong> sera organis\u00e9e (sans lien avec le FEFFS). Le film The Party, de Blake Edwards, sera projet\u00e9.<\/p>\n<p>Votre r\u00e9gion, votre actu !<\/p>\n<p>Recevez chaque jour les infos qui comptent pour vous.<\/p>\n<p>\t<a href=\"https:\/\/actu.fr\/newsletter\" class=\"ac-btn ac-btn--corner ac-btn--medium ac-btn--blue800\" rel=\"nofollow noopener\" target=\"_blank\">S&rsquo;incrire<\/a><\/p>\n<p class=\" wall-content\">\u00ab\u2009C\u2019est un film culte, l\u00e9ger, une com\u00e9die qui incarne la f\u00eate. Une fa\u00e7on de c\u00e9l\u00e9brer de mani\u00e8re joyeuse cette fermeture <strong>et de se dire qu\u2019on se revoit dans un an et demi<\/strong>\u2009\u00bb, commente Flore Tournois, directrice d\u2019exploitation.<\/p>\n<p class=\" wall-content\">Personnalisez votre actualit\u00e9 en ajoutant vos villes et m\u00e9dias en favori avec <a href=\"https:\/\/moncompte.actu.fr\" title=\"D\u00e9couvez Mon Actu\" rel=\"nofollow noopener\" data-trk=\"{&quot;cta&quot;:{&quot;action&quot;:&quot;https:\\\/\\\/moncompte.actu.fr&quot;,&quot;category&quot;:&quot;mon compte&quot;,&quot;from&quot;:&quot;article footer&quot;,&quot;name&quot;:&quot;Mon actu&quot;,&quot;type&quot;:&quot;cta&quot;}}\" target=\"_blank\">Mon Actu<\/a>.<\/p>\n","protected":false},"excerpt":{"rendered":"Par Ivan CAPECCHI Publi\u00e9 le 25 ao\u00fbt 2025 \u00e0 14h30 Le cin\u00e9ma Star Saint-Exup\u00e9ry, situ\u00e9 rue du 22-Novembre&hellip;\n","protected":false},"author":2,"featured_media":342821,"comment_status":"","ping_status":"","sticky":false,"template":"","format":"standard","meta":{"footnotes":""},"categories":[2820],"tags":[1111,11,650,1777,674,1011,27,775,1652,12,25,640],"class_list":{"0":"post-342820","1":"post","2":"type-post","3":"status-publish","4":"format-standard","5":"has-post-thumbnail","7":"category-strasbourg","8":"tag-actu","9":"tag-actualites","10":"tag-cinema","11":"tag-eu","12":"tag-europe","13":"tag-fr","14":"tag-france","15":"tag-grand-est","16":"tag-loisirs-culture","17":"tag-news","18":"tag-republique-francaise","19":"tag-strasbourg"},"share_on_mastodon":{"url":"https:\/\/pubeurope.com\/@fr\/115089471181068746","error":""},"_links":{"self":[{"href":"https:\/\/www.europesays.com\/fr\/wp-json\/wp\/v2\/posts\/342820","targetHints":{"allow":["GET"]}}],"collection":[{"href":"https:\/\/www.europesays.com\/fr\/wp-json\/wp\/v2\/posts"}],"about":[{"href":"https:\/\/www.europesays.com\/fr\/wp-json\/wp\/v2\/types\/post"}],"author":[{"embeddable":true,"href":"https:\/\/www.europesays.com\/fr\/wp-json\/wp\/v2\/users\/2"}],"replies":[{"embeddable":true,"href":"https:\/\/www.europesays.com\/fr\/wp-json\/wp\/v2\/comments?post=342820"}],"version-history":[{"count":0,"href":"https:\/\/www.europesays.com\/fr\/wp-json\/wp\/v2\/posts\/342820\/revisions"}],"wp:featuredmedia":[{"embeddable":true,"href":"https:\/\/www.europesays.com\/fr\/wp-json\/wp\/v2\/media\/342821"}],"wp:attachment":[{"href":"https:\/\/www.europesays.com\/fr\/wp-json\/wp\/v2\/media?parent=342820"}],"wp:term":[{"taxonomy":"category","embeddable":true,"href":"https:\/\/www.europesays.com\/fr\/wp-json\/wp\/v2\/categories?post=342820"},{"taxonomy":"post_tag","embeddable":true,"href":"https:\/\/www.europesays.com\/fr\/wp-json\/wp\/v2\/tags?post=342820"}],"curies":[{"name":"wp","href":"https:\/\/api.w.org\/{rel}","templated":true}]}}