{"id":342822,"date":"2025-08-25T12:45:36","date_gmt":"2025-08-25T12:45:36","guid":{"rendered":"https:\/\/www.europesays.com\/fr\/342822\/"},"modified":"2025-08-25T12:45:36","modified_gmt":"2025-08-25T12:45:36","slug":"les-reactions-apres-racing-club-de-strasbourg-2","status":"publish","type":"post","link":"https:\/\/www.europesays.com\/fr\/342822\/","title":{"rendered":"Les r\u00e9actions apr\u00e8s Racing Club de Strasbourg"},"content":{"rendered":"<p>Apr\u00e8s son gros rat\u00e9, Emmanuel Emegha voulait d\u00e9dramatiser. Le capitaine pr\u00e9f\u00e9rait retenir sa r\u00e9action avec son but inscrit en fin de match. Pour Abdoul Ouattara, qui s&rsquo;est bien senti sur la pelouse de la Meinau, le Racing doit continuer \u00e0 produire son jeu, sans se renier, y compris \u00e0 Brondby jeudi prochain. Enfin, Francis Coquelin, le milieu nantais, \u00e9tait plut\u00f4t content d&rsquo;avoir emb\u00eat\u00e9 une \u00e9quipe qu&rsquo;il juge taill\u00e9e pour les places europ\u00e9ennes.<\/p>\n","protected":false},"excerpt":{"rendered":"Apr\u00e8s son gros rat\u00e9, Emmanuel Emegha voulait d\u00e9dramatiser. Le capitaine pr\u00e9f\u00e9rait retenir sa r\u00e9action avec son but inscrit&hellip;\n","protected":false},"author":2,"featured_media":342823,"comment_status":"","ping_status":"","sticky":false,"template":"","format":"standard","meta":{"footnotes":""},"categories":[2820],"tags":[1111,11,1777,674,1011,27,775,12,25,640],"class_list":{"0":"post-342822","1":"post","2":"type-post","3":"status-publish","4":"format-standard","5":"has-post-thumbnail","7":"category-strasbourg","8":"tag-actu","9":"tag-actualites","10":"tag-eu","11":"tag-europe","12":"tag-fr","13":"tag-france","14":"tag-grand-est","15":"tag-news","16":"tag-republique-francaise","17":"tag-strasbourg"},"share_on_mastodon":{"url":"https:\/\/pubeurope.com\/@fr\/115089475207550248","error":""},"_links":{"self":[{"href":"https:\/\/www.europesays.com\/fr\/wp-json\/wp\/v2\/posts\/342822","targetHints":{"allow":["GET"]}}],"collection":[{"href":"https:\/\/www.europesays.com\/fr\/wp-json\/wp\/v2\/posts"}],"about":[{"href":"https:\/\/www.europesays.com\/fr\/wp-json\/wp\/v2\/types\/post"}],"author":[{"embeddable":true,"href":"https:\/\/www.europesays.com\/fr\/wp-json\/wp\/v2\/users\/2"}],"replies":[{"embeddable":true,"href":"https:\/\/www.europesays.com\/fr\/wp-json\/wp\/v2\/comments?post=342822"}],"version-history":[{"count":0,"href":"https:\/\/www.europesays.com\/fr\/wp-json\/wp\/v2\/posts\/342822\/revisions"}],"wp:featuredmedia":[{"embeddable":true,"href":"https:\/\/www.europesays.com\/fr\/wp-json\/wp\/v2\/media\/342823"}],"wp:attachment":[{"href":"https:\/\/www.europesays.com\/fr\/wp-json\/wp\/v2\/media?parent=342822"}],"wp:term":[{"taxonomy":"category","embeddable":true,"href":"https:\/\/www.europesays.com\/fr\/wp-json\/wp\/v2\/categories?post=342822"},{"taxonomy":"post_tag","embeddable":true,"href":"https:\/\/www.europesays.com\/fr\/wp-json\/wp\/v2\/tags?post=342822"}],"curies":[{"name":"wp","href":"https:\/\/api.w.org\/{rel}","templated":true}]}}