{"id":342824,"date":"2025-08-25T12:46:12","date_gmt":"2025-08-25T12:46:12","guid":{"rendered":"https:\/\/www.europesays.com\/fr\/342824\/"},"modified":"2025-08-25T12:46:12","modified_gmt":"2025-08-25T12:46:12","slug":"keziah-jones-sinclair-the-liminanas-le-theatre-lino-ventura-a-nice-devoile-sa-saison-2025-2026","status":"publish","type":"post","link":"https:\/\/www.europesays.com\/fr\/342824\/","title":{"rendered":"Keziah Jones, Sinclair, The Limi\u00f1anas&#8230; le Th\u00e9\u00e2tre Lino-Ventura \u00e0 Nice d\u00e9voile sa saison 2025\/2026"},"content":{"rendered":"<p>Une bonne trentaine de dates confirm\u00e9es, des options pour une dizaine d\u2019autres au printemps, un syst\u00e8me gratuit de navettes entre le centre-ville de Nice et le quartier de l\u2019Ariane mis en place \u00e0 plusieurs reprises&#8230; Pour sa saison 2025-2026, le Th\u00e9\u00e2tre Lino-Ventura (TLV) fera les choses en grand, histoire de renouer avec un pass\u00e9 assez exaltant l\u2019ayant vu accueillir des musiciens de la trempe de Maceo Parker, Benjamin Biolay, The Kills ou Sharon Jones.<\/p>\n<p>Que ce soit avec les rendez-vous propos\u00e9s par la Ville de Nice ou d\u2019autres productions comme Panda Events, Directo, Fever Prod ou Imago, les mois \u00e0 venir offriront de belles affiches aux amateurs de musiques actuelles, de danse ou d\u2019humour (lire ci-dessous).<\/p>\n<p>Avec Keziah Jones, Sinclair, The Limi\u00f1anas&#8230;<\/p>\n<p>C\u00f4t\u00e9 musique, premier \u00e9pisode le 3 octobre avec un concert, celui de la chanteuse cap-verdienne <b>Elida Almeida<\/b>.<\/p>\n<p>Le voyage sonore se poursuivra le lendemain avec la <b>Fanfare<\/b> <b>Ciocarlia<\/b> et ses airs balkaniques.<\/p>\n<p>Le premier \u00ab\u00a0gros nom\u00a0\u00bb, ce sera <b>Keziah Jones<\/b>. Le Nig\u00e9rian, qui a d\u00e9j\u00e0 eu l\u2019occasion de se produire au TLV, reviendra avec ses morceaux blufunk inimitables le 11 octobre.<\/p>\n<p>Le 31 octobre, les amateurs de funk et de guitares inspir\u00e9s ne manqueront pas le passage de <b>Sinclair<\/b>, de retour avec un nouveau groupe, avec lequel il revisitera ses tubes et proposera des in\u00e9dits.<\/p>\n<p>Le 10 novembre, on basculera dans un registre plus rock avec <b>The Limi\u00f1anas<\/b>, groupe bouillonnant qui pr\u00e9sentera Faded, un album d\u00e9di\u00e9 aux h\u00e9ro\u00efnes oubli\u00e9es du cin\u00e9ma.<\/p>\n<p>              <img ci-src=\"https:\/\/www.nicematin.com\/concerts\/protec\/DATA_ART_16125431-DD01zR9I.jpg?vh=93a008&amp;ci_seal=68c98fcd62\" alt=\"\"\/><br \/>\n        L\u2019humoriste Antonia de Rendinger sera sur la sc\u00e8ne du TLV le 7 f\u00e9vrier prochain.  <strong>Photo DR.<\/strong> <\/p>\n<p>              <img ci-src=\"https:\/\/www.nicematin.com\/concerts\/protec\/DATA_ART_16125442-np8Toz3u.jpg?vh=3ac3c9&amp;ci_seal=a59e851450\" alt=\"\"\/><br \/>\n        Sinclair.   <strong>Photo Luc Boutria.<\/strong> <\/p>\n<p>                                Th\u00e9odort, Miki, Linh, Aupinard: le plein de d\u00e9couvertes<\/p>\n<p>Apparu en tant que youtubeur alors qu\u2019il n\u2019\u00e9tait encore qu\u2019un pr\u00e9-ado, <b>Th\u00e9odort<\/b> fait aujourd\u2019hui de la musique, port\u00e9 par son go\u00fbt pour le rap, l\u2019afro-pop et l\u2019amapiano. Tr\u00e8s populaire aupr\u00e8s d\u2019un jeune public, il sera de passage \u00e0 Nice le 14 novembre.<\/p>\n<p>Le 22 novembre, <b>Bonga<\/b>, voix angolaise tr\u00e8s pris\u00e9e de l\u2019Afrique lusophone, avec son sens du groove affirm\u00e9. \u00c0 l\u2019affiche \u00e9galement ce soir-l\u00e0, <b>Carlos Lopes<\/b>, talentueux auteur-compositeur-interpr\u00e8te du Franco-Cap-Verdien bas\u00e9 \u00e0 Nice.<\/p>\n<p>Le 29 novembre, \u00e7a swinguera et \u00e7a sentira le blues avec <b>Sanseverino<\/b>, chanteur et multi-instrumentiste sur le pont depuis le d\u00e9but des ann\u00e9es 1990. Il nous promet \u00ab\u00a0un concert sans \u00e9tiquette, entre stand-up musical et tourbillon sc\u00e9nique\u00a0\u00bb.<\/p>\n<p>C\u00f4t\u00e9 musique, le TLV d\u00e9butera l\u2019ann\u00e9e 2026 avec <b>Miki<\/b>. N\u00e9e \u00e0 Nice, mais ayant grandi au Luxembourg, la Franco-Cor\u00e9enne, pass\u00e9e par les Plages \u00e9lectroniques de Cannes il y a quelques jours, est l\u2019une des curiosit\u00e9s pop du moment. Elle d\u00e9barquera avec son tout premier album, attendu \u00e0 la rentr\u00e9e.<\/p>\n<p>\u00c9galement originaire de Nice, <b>Linh<\/b> conna\u00eet aussi une belle ascension. Choisie par Gims pour ses premi\u00e8res parties, gratifi\u00e9e d\u2019un single d\u2019or pour Je pense \u00e0 vous, elle est l\u2019une des belles promesses de la chanson fran\u00e7aise. \u00c0 \u00e9couter le 19 f\u00e9vrier.<\/p>\n<p><b>Natacha Atlas<\/b>, elle, viendra \u00e0 Nice le 28 f\u00e9vrier, en quartet jazz \u00e9lectro, pour d\u00e9voiler sa derni\u00e8re cr\u00e9ation, Parallel Universe.<\/p>\n<p>L\u2019<b>Orchestre national de Barb\u00e8s<\/b> sera ensuite de passage le 12 mars, au cours d\u2019une tourn\u00e9e marquant ses trente ans d\u2019existence.<\/p>\n<p>Lui aussi pass\u00e9 par les Plages \u00e9lectro, le Bordelais <b>Aupinard <\/b>repassera par la C\u00f4te le 14 mars, avec ses airs o\u00f9 la bossa, la pop et le r\u2019n\u2019b se marient.<\/p>\n<p>A suivre, le 24 mars, l\u2019ic\u00f4ne du reggae jama\u00efcain <b>Protoje<\/b>, ainsi que le rappeur <b>RSKO<\/b>, attendu le 15 avril. Rens. <a href=\"https:\/\/nicemusiclive.fr\/salle\/theatre-lino-ventura\" target=\"_blank\" rel=\"noopener\">nicemusiclive.fr\/salle\/theatre-lino-ventura<\/a><\/p>\n<p>De la danse, des inclassables et du rire<\/p>\n<p>Au Th\u00e9\u00e2tre Lino-Ventura, la musique domine les d\u00e9bats. Mais les autres disciplines artistiques y ont largement droit de cit\u00e9. Ainsi, le top d\u00e9part de la saison sera donn\u00e9 le 27 septembre, avec <b\/>, un ballet classique m\u00eal\u00e9 \u00e0 une dimension technologique.<\/p>\n<p>Le 14 octobre, place \u00e0 <b\/>, une cr\u00e9ation hybride entre conte, danse hip-hop et vid\u00e9o de la Compagnie de danses urbaines 6e dimension.<\/p>\n<p>Le 3 d\u00e9cembre, dans le cadre du No\u00ebl des enfants de l\u2019Ariane, le public pourra profiter gratuitement d\u2019une repr\u00e9setation du <b\/>.<\/p>\n<p>Les 5 d\u00e9cembre et 16 janvier, deux sessions de <b\/>, une pi\u00e8ce de th\u00e9\u00e2tre immersive ayant parcouru une cinquantaine de villes et o\u00f9 les spectateurs incarnent les membres d\u2019un jury durant un proc\u00e8s.<\/p>\n<p>Le 26 mars, Marie-Claude Pietragalla et son \u00e9poux Julien Derouault proposeront <b\/>, une adaptation dans\u00e9e d\u2019une pi\u00e8ce d\u2019Eug\u00e8ne Ionesco.<\/p>\n<p>Au rayon des inclassables, on placera deux spectacles: celui de <b>Cl\u00e9ment Viktorovitch<\/b>, docteur en sciences politiques et vulgarisateur avis\u00e9 du paysage audiovisuel (8 novembre), intitul\u00e9 L\u2019Art de ne pas dire. Ainsi que celui de l\u2019\u00e9crivain \u00e0 succ\u00e8s <b>Bernard Werber,<\/b> qui d\u00e9barquera avec V.I.E. \u2013 Voyage Int\u00e9rieur Exp\u00e9rimental, \u00ab\u00a0une exp\u00e9rience sensorielle et introspective\u00a0\u00bb, le 13 f\u00e9vrier.<\/p>\n<p>Une chose est s\u00fbre, on risque de se marrer souvent au TLV, tant les dates consacr\u00e9es \u00e0 l\u2019humour seront nombreuses. L\u2019influenceuse ni\u00e7oise <b>Gilzanira<\/b>, en r\u00e9sidence pendant cinq jours, lancera la s\u00e9rie le 25 octobre.<\/p>\n<p>Place ensuite \u00e0 l\u2019exp\u00e9riment\u00e9 <b>Nordine Ganso<\/b>, dans le cadre des Plages du rire, le 28 octobre.<\/p>\n<p>Le 12 d\u00e9cembre, autre proposition avec le chroniqueur de France Inter <b>Yann Marguet<\/b>.<\/p>\n<p>Le sexag\u00e9naire alg\u00e9rien <b>Abdelkader Secteur<\/b>, d\u00e9couvert sur le tard, ouvrira les vannes comiques de 2026 avec son show, le 24 janvier.<\/p>\n<p>En collaboration avec les Plages du rire \u00e9dition hiver, le TLV recevra ensuite <b>Blandine Lehout <\/b>et <b>Tom Baldetti, <\/b>tr\u00e8s populaires sur les r\u00e9seaux<b> <\/b>(28 et 29 janvier). Viendront ensuite <b>Antonia de Rendinger<\/b> (7 f\u00e9vrier) et <b>Hakim Jemili,<\/b> tr\u00e8s en vue depuis son r\u00f4le dans L\u2019amour, c\u2019est surc\u00f4t\u00e9 (14 f\u00e9vrier), puis <b>Sandrine Sarroche<\/b> (7 mars) et <b>Elies Zoghlami<\/b> (30 mai).<\/p>\n<p>              <img ci-src=\"https:\/\/www.nicematin.com\/concerts\/protec\/DATA_ART_16125440-R0ONk6zO.jpg?vh=709af7&amp;ci_seal=37bd59e4b7\" alt=\"\"\/><br \/>\n        Natacha Atlas.  <strong>Photo DR.<\/strong> <\/p>\n","protected":false},"excerpt":{"rendered":"Une bonne trentaine de dates confirm\u00e9es, des options pour une dizaine d\u2019autres au printemps, un syst\u00e8me gratuit de&hellip;\n","protected":false},"author":2,"featured_media":342825,"comment_status":"","ping_status":"","sticky":false,"template":"","format":"standard","meta":{"footnotes":""},"categories":[2819],"tags":[1111,11,4156,251,1777,674,1011,27,873,12,2401,882,25],"class_list":{"0":"post-342824","1":"post","2":"type-post","3":"status-publish","4":"format-standard","5":"has-post-thumbnail","7":"category-nice","8":"tag-actu","9":"tag-actualites","10":"tag-concerts","11":"tag-culture","12":"tag-eu","13":"tag-europe","14":"tag-fr","15":"tag-france","16":"tag-musique","17":"tag-news","18":"tag-nice","19":"tag-provence-alpes-cote-dazur","20":"tag-republique-francaise"},"share_on_mastodon":{"url":"https:\/\/pubeurope.com\/@fr\/115089479284034280","error":""},"_links":{"self":[{"href":"https:\/\/www.europesays.com\/fr\/wp-json\/wp\/v2\/posts\/342824","targetHints":{"allow":["GET"]}}],"collection":[{"href":"https:\/\/www.europesays.com\/fr\/wp-json\/wp\/v2\/posts"}],"about":[{"href":"https:\/\/www.europesays.com\/fr\/wp-json\/wp\/v2\/types\/post"}],"author":[{"embeddable":true,"href":"https:\/\/www.europesays.com\/fr\/wp-json\/wp\/v2\/users\/2"}],"replies":[{"embeddable":true,"href":"https:\/\/www.europesays.com\/fr\/wp-json\/wp\/v2\/comments?post=342824"}],"version-history":[{"count":0,"href":"https:\/\/www.europesays.com\/fr\/wp-json\/wp\/v2\/posts\/342824\/revisions"}],"wp:featuredmedia":[{"embeddable":true,"href":"https:\/\/www.europesays.com\/fr\/wp-json\/wp\/v2\/media\/342825"}],"wp:attachment":[{"href":"https:\/\/www.europesays.com\/fr\/wp-json\/wp\/v2\/media?parent=342824"}],"wp:term":[{"taxonomy":"category","embeddable":true,"href":"https:\/\/www.europesays.com\/fr\/wp-json\/wp\/v2\/categories?post=342824"},{"taxonomy":"post_tag","embeddable":true,"href":"https:\/\/www.europesays.com\/fr\/wp-json\/wp\/v2\/tags?post=342824"}],"curies":[{"name":"wp","href":"https:\/\/api.w.org\/{rel}","templated":true}]}}