{"id":342826,"date":"2025-08-25T12:47:11","date_gmt":"2025-08-25T12:47:11","guid":{"rendered":"https:\/\/www.europesays.com\/fr\/342826\/"},"modified":"2025-08-25T12:47:11","modified_gmt":"2025-08-25T12:47:11","slug":"pres-de-nice-lacteur-porno-ad-laurent-filme-a-cap-3000-sans-autorisation-la-securite-intervient","status":"publish","type":"post","link":"https:\/\/www.europesays.com\/fr\/342826\/","title":{"rendered":"Pr\u00e8s de Nice. L&rsquo;acteur porno AD Laurent filme \u00e0 Cap 3000 sans autorisation, la s\u00e9curit\u00e9 intervient"},"content":{"rendered":"<p>            Par<br \/>\n        <strong><br \/>\n            <a href=\"https:\/\/actu.fr\/auteur\/manon-reinhardt\" title=\"Consulter tous les articles de Manon Reinhardt\" target=\"_blank\" rel=\"noopener\">Manon Reinhardt<\/a><br \/>\n        <\/strong><\/p>\n<p>        Publi\u00e9 le<\/p>\n<p>            25 ao\u00fbt 2025 \u00e0 13h16        <\/p>\n<p>R\u00e9cemment auditionn\u00e9 par l\u2019Assembl\u00e9e nationale dans le cadre de ses activit\u00e9s sur les r\u00e9seaux sociaux,<strong> l\u2019influenceur et acteur porno AD Laurent<\/strong> a fait une apparition remarqu\u00e9e dans le centre commercial Cap 3000, ce samedi 23\u00a0ao\u00fbt 2025, pr\u00e8s de <a href=\"https:\/\/actu.fr\/provence-alpes-cote-d-azur\/nice_06088\" target=\"_blank\" rel=\"noopener\">Nice<\/a> (<a href=\"https:\/\/actu.fr\/provence-alpes-cote-d-azur\/alpes-maritimes_06\" target=\"_blank\" rel=\"noopener\">Alpes-Maritimes<\/a>). Sur des vid\u00e9os publi\u00e9es sur Twitter et TikTok, l\u2019ancien candidat de t\u00e9l\u00e9r\u00e9alit\u00e9 se balade dans les all\u00e9es du complexe, muni d\u2019un micro et suivi par un cam\u00e9raman. Seul probl\u00e8me, la direction assure qu\u2019il n\u2019avait re\u00e7u aucune autorisation de tournage, pourtant obligatoire.<\/p>\n<p>Des enfants lui parlent de ses films pornographiques<\/p>\n<p class=\" wall-content\">Son passage a \u00e9t\u00e9 film\u00e9 et post\u00e9 sur les r\u00e9seaux sociaux. Ce samedi, le controvers\u00e9 AD Laurent, <a href=\"https:\/\/actu.fr\/ile-de-france\/paris_75056\/paris-une-vision-toxique-de-la-sexualite-le-compte-tiktok-de-l-influenceur-ad-laurent-supprime_62647242.html\" target=\"_blank\" rel=\"noopener\">dont le compte TikTok a \u00e9t\u00e9 d\u00e9finitivement banni<\/a> en mai dernier suite au signalement de la ministre Aurore Berger, s\u2019est rendu dans le centre commercial Cap 3000 \u00e0 Saint-Laurent-du-Var.<\/p>\n<p class=\" wall-content\">Il a notamment \u00e9t\u00e9 film\u00e9 et interpell\u00e9 par de nombreux jeunes, <strong>manifestement mineurs<\/strong>. Certains enfants semblaient bien conna\u00eetre son contenu pornographique et n\u2019ont pas manqu\u00e9 de lui en parler. Sur le r\u00e9seau social X (ancien Twitter), une publication cumule 1,3\u00a0million de vues.<\/p>\n<p class=\" wall-content\">\n<p class=\" wall-content\">L\u2019ex-candidat de t\u00e9l\u00e9r\u00e9alit\u00e9 a tout de m\u00eame tenu \u00e0 leur rappeler\u2009: \u00ab\u2009Vous \u00eates un peu jeunes quand m\u00eame, c\u2019est pour les majeurs hein\u2026\u2009\u00bb. Les remarques se sont poursuivies et AD Laurent a ensuite fait mine de se boucher les oreilles. \u00ab\u2009Sachez que tous mes films sont uniquement pour des majeurs. Donc ces enfants sont un petit peu dissip\u00e9s et <strong>c\u2019est la faute des parents<\/strong>\u2009\u00bb, a-t-il martel\u00e9.<\/p>\n<p>Il aurait continu\u00e9 son tournage, malgr\u00e9 l\u2019intervention de la s\u00e9curit\u00e9<\/p>\n<p class=\" wall-content\">Muni d\u2019un micro et suivi par un cameraman, l\u2019influenceur donnait l\u2019impression de se trouver en tournage. Contact\u00e9, le service communication du centre commercial confirme \u00e0 actu Nice que la sc\u00e8ne s\u2019est bien d\u00e9roul\u00e9e ce samedi. Mais il indique qu\u2019\u00ab\u2009aucune autorisation de tournage \u00e0 CAP 3000 n\u2019a \u00e9t\u00e9 accord\u00e9e \u00e0 Monsieur AD Laurent\u2009\u00bb. Ses \u00e9quipes auraient m\u00eame <strong>continu\u00e9 \u00e0 filmer<\/strong> dans le complexe, malgr\u00e9 les demandes d\u2019arr\u00eat de la s\u00e9curit\u00e9.<\/p>\n<blockquote class=\"ac-article-quote wall-content\">\n<p>D\u00e8s que son \u00e9quipe a \u00e9t\u00e9 identifi\u00e9e avec du mat\u00e9riel professionnel, nos \u00e9quipes de s\u00e9curit\u00e9 sont intervenues pour lui rappeler l\u2019interdiction de filmer dans l\u2019enceinte du centre. Malgr\u00e9 cette interdiction claire et ferme, l\u2019int\u00e9ress\u00e9 a apparemment poursuivi ses prises de vues \u00e0 notre insu. Cap3000 tient \u00e0 rappeler que tout tournage au sein du centre est strictement soumis \u00e0 autorisation pr\u00e9alable et qu\u2019aucune autorisation n\u2019a \u00e9t\u00e9 accord\u00e9e en l\u2019occurrence.<\/p>\n<p>    <strong>Centre commercial Cap 3000 \u00e0 actu Nice<\/strong>\n            <\/p><\/blockquote>\n<p class=\" wall-content\">D\u2019autres vid\u00e9os de son passage ont \u00e9t\u00e9 post\u00e9es sur TikTok. Notamment o\u00f9 on le voit danser devant un corner de coques pour t\u00e9l\u00e9phone.<\/p>\n<p>Votre r\u00e9gion, votre actu !<\/p>\n<p>Recevez chaque jour les infos qui comptent pour vous.<\/p>\n<p>\t<a href=\"https:\/\/actu.fr\/newsletter\" class=\"ac-btn ac-btn--corner ac-btn--medium ac-btn--blue800\" target=\"_blank\" rel=\"noopener\">S&rsquo;incrire<\/a><\/p>\n<blockquote class=\"tiktok-embed\" cite=\"https:\/\/www.tiktok.com\/@adlaurentrediff_\/video\/7542144297244626198\" data-video-id=\"7542144297244626198\" data-embed-from=\"oembed\" style=\"max-width:605px; min-width:325px;\"><p>\n<a target=\"_blank\" title=\"@adlaurentrediff_\" href=\"https:\/\/www.tiktok.com\/@adlaurentrediff_?refer=embed\" rel=\"noopener\">@adlaurentrediff_<\/a> <\/p>\n<p>Tu t\u2019attendais \u00e0 \u00e7a ??\ud83e\udd2f\ud83d\udd25<a title=\"adlaurent\" target=\"_blank\" href=\"https:\/\/www.tiktok.com\/tag\/adlaurent?refer=embed\" rel=\"noopener\">#adlaurent<\/a> <a title=\"adshowisback\" target=\"_blank\" href=\"https:\/\/www.tiktok.com\/tag\/adshowisback?refer=embed\" rel=\"noopener\">#adshowisback<\/a> <a title=\"pourtoi\" target=\"_blank\" href=\"https:\/\/www.tiktok.com\/tag\/pourtoi?refer=embed\" rel=\"noopener\">#pourtoi<\/a> <a title=\"pupuce\" target=\"_blank\" href=\"https:\/\/www.tiktok.com\/tag\/pupuce?refer=embed\" rel=\"noopener\">#pupuce<\/a> <a title=\"adshow\" target=\"_blank\" href=\"https:\/\/www.tiktok.com\/tag\/adshow?refer=embed\" rel=\"noopener\">#adshow<\/a> <\/p>\n<p> <a target=\"_blank\" title=\"\u266c son original - adlaurentrediff_\" href=\"https:\/\/www.tiktok.com\/music\/son-original-7542144292992240406?refer=embed\" rel=\"noopener\">\u266c son original \u2013 adlaurentrediff_<\/a> <\/p>\n<\/blockquote>\n<p>AD Laurent \u00e9galement accus\u00e9 de viols aggrav\u00e9s<\/p>\n<p class=\" wall-content\">Le centre commercial Cap 3000 n\u2019a pas pr\u00e9cis\u00e9 si des poursuites judiciaires pouvaient \u00eatre engag\u00e9es. Adrien Laurent, de son vrai nom, est aussi connu pour ses tourmentes judiciaires. <a href=\"https:\/\/actu.fr\/faits-divers\/info-actu-fr-ad-laurent-influenceur-star-sur-tiktok-accuse-de-viols-une-plainte-deposee_60845293.html\" target=\"_blank\" rel=\"noopener\">Une plainte avait \u00e9t\u00e9 d\u00e9pos\u00e9e<\/a> contre lui par une jeune femme en mars 2024 pour viols aggrav\u00e9s, comme l\u2019avait r\u00e9v\u00e9l\u00e9 actu.fr.<\/p>\n<p class=\" wall-content\">Personnalisez votre actualit\u00e9 en ajoutant vos villes et m\u00e9dias en favori avec <a href=\"https:\/\/moncompte.actu.fr\" title=\"D\u00e9couvez Mon Actu\" rel=\"nofollow noopener\" data-trk=\"{&quot;cta&quot;:{&quot;action&quot;:&quot;https:\\\/\\\/moncompte.actu.fr&quot;,&quot;category&quot;:&quot;mon compte&quot;,&quot;from&quot;:&quot;article footer&quot;,&quot;name&quot;:&quot;Mon actu&quot;,&quot;type&quot;:&quot;cta&quot;}}\" target=\"_blank\">Mon Actu<\/a>.<\/p>\n<p>                    <script async src=\"\/\/www.tiktok.com\/embed.js\"><\/script><\/p>\n","protected":false},"excerpt":{"rendered":"Par Manon Reinhardt Publi\u00e9 le 25 ao\u00fbt 2025 \u00e0 13h16 R\u00e9cemment auditionn\u00e9 par l\u2019Assembl\u00e9e nationale dans le cadre&hellip;\n","protected":false},"author":2,"featured_media":342827,"comment_status":"","ping_status":"","sticky":false,"template":"","format":"standard","meta":{"footnotes":""},"categories":[2819],"tags":[1111,11,1777,674,1011,27,12,2401,2897,882,25,104,2439],"class_list":{"0":"post-342826","1":"post","2":"type-post","3":"status-publish","4":"format-standard","5":"has-post-thumbnail","7":"category-nice","8":"tag-actu","9":"tag-actualites","10":"tag-eu","11":"tag-europe","12":"tag-fr","13":"tag-france","14":"tag-news","15":"tag-nice","16":"tag-nice-cote-dazur","17":"tag-provence-alpes-cote-dazur","18":"tag-republique-francaise","19":"tag-societe","20":"tag-tiktok"},"share_on_mastodon":{"url":"https:\/\/pubeurope.com\/@fr\/115089483021670735","error":""},"_links":{"self":[{"href":"https:\/\/www.europesays.com\/fr\/wp-json\/wp\/v2\/posts\/342826","targetHints":{"allow":["GET"]}}],"collection":[{"href":"https:\/\/www.europesays.com\/fr\/wp-json\/wp\/v2\/posts"}],"about":[{"href":"https:\/\/www.europesays.com\/fr\/wp-json\/wp\/v2\/types\/post"}],"author":[{"embeddable":true,"href":"https:\/\/www.europesays.com\/fr\/wp-json\/wp\/v2\/users\/2"}],"replies":[{"embeddable":true,"href":"https:\/\/www.europesays.com\/fr\/wp-json\/wp\/v2\/comments?post=342826"}],"version-history":[{"count":0,"href":"https:\/\/www.europesays.com\/fr\/wp-json\/wp\/v2\/posts\/342826\/revisions"}],"wp:featuredmedia":[{"embeddable":true,"href":"https:\/\/www.europesays.com\/fr\/wp-json\/wp\/v2\/media\/342827"}],"wp:attachment":[{"href":"https:\/\/www.europesays.com\/fr\/wp-json\/wp\/v2\/media?parent=342826"}],"wp:term":[{"taxonomy":"category","embeddable":true,"href":"https:\/\/www.europesays.com\/fr\/wp-json\/wp\/v2\/categories?post=342826"},{"taxonomy":"post_tag","embeddable":true,"href":"https:\/\/www.europesays.com\/fr\/wp-json\/wp\/v2\/tags?post=342826"}],"curies":[{"name":"wp","href":"https:\/\/api.w.org\/{rel}","templated":true}]}}