{"id":342828,"date":"2025-08-25T12:48:25","date_gmt":"2025-08-25T12:48:25","guid":{"rendered":"https:\/\/www.europesays.com\/fr\/342828\/"},"modified":"2025-08-25T12:48:25","modified_gmt":"2025-08-25T12:48:25","slug":"un-evenement-nantais-a-la-portee-nationale","status":"publish","type":"post","link":"https:\/\/www.europesays.com\/fr\/342828\/","title":{"rendered":"un \u00e9v\u00e9nement nantais \u00e0 la port\u00e9e nationale"},"content":{"rendered":"<p class=\"text-introduction\">Les Assises nationales du r\u00e9emploi s\u2019installent \u00e0 la Cit\u00e9 des congr\u00e8s le jeudi 27\u00a0novembre. Cet \u00e9v\u00e9nement, le premier de son genre, portera les couleurs de Nantes. Du jaune, il pr\u00e9f\u00e9rera le vert, symbole d&rsquo;une nouvelle \u00e9conomie territoriale qui se veut circulaire. Beno\u00eet Varin, pr\u00e9sident de Rcube, la F\u00e9d\u00e9ration professionnelle du r\u00e9emploi et de la r\u00e9paration, nous livre la gen\u00e8se du projet.<\/p>\n<p>                                                <img decoding=\"async\" loading=\"lazy\" src=\"https:\/\/www.europesays.com\/fr\/wp-content\/uploads\/2025\/08\/BenoitVarinIJWeb-760x396-c-default.jpg\"   width=\"760\" height=\"396\" alt=\"Beno\u00eet Varin, pr\u00e9sident de Rcube.\" aria-describedby=\"caption-post-159971\"\/><\/p>\n<p id=\"caption-attachment-159971\" class=\"wp-caption-text\">Beno\u00eet Varin, pr\u00e9sident de Rcube. Sa Wang<\/p>\n<p><strong>Pourquoi Rcube a choisi Nantes pour ces premi\u00e8res rencontres\u00a0?<\/strong><\/p>\n<p>Nous avions d\u00e9j\u00e0 les Assises nationales des d\u00e9chets \u00e0 Nantes. On s\u2019est demand\u00e9 pourquoi on ne laissait pas plus de place au r\u00e9emploi\u00a0? En en parlant avec Nantes M\u00e9tropole et sur l\u2019initiative des membres de Rcube, on a cr\u00e9\u00e9 les Assises nationales du r\u00e9emploi. Et pourquoi Nantes\u00a0? On y retrouve de nombreux acteurs du r\u00e9emploi et le territoire est moteur sur la question. J\u2019y suis moi-m\u00eame, en tant que cofondateur de Recommerce Solutions (reconditio\u2026<\/p>\n<p>                        Publi\u00e9 par<\/p>\n<p>                                                            <a class=\"article-pagination-prev link-btn\" href=\"https:\/\/www.informateurjudiciaire.fr\/actualites\/la-revolution-de-68-dyvon-chotard\/\" rel=\"nofollow noopener\" target=\"_blank\"><\/p>\n<p>  Article pr\u00e9c\u00e9dent<br \/>\n                                    La r\u00e9volution de 68 d\u2019Yvon Chotard<br \/>\n                                <\/a><\/p>\n","protected":false},"excerpt":{"rendered":"Les Assises nationales du r\u00e9emploi s\u2019installent \u00e0 la Cit\u00e9 des congr\u00e8s le jeudi 27\u00a0novembre. Cet \u00e9v\u00e9nement, le premier&hellip;\n","protected":false},"author":2,"featured_media":342829,"comment_status":"","ping_status":"","sticky":false,"template":"","format":"standard","meta":{"footnotes":""},"categories":[2818],"tags":[1111,11,1777,674,1011,27,766,12,2636,25],"class_list":{"0":"post-342828","1":"post","2":"type-post","3":"status-publish","4":"format-standard","5":"has-post-thumbnail","7":"category-nantes","8":"tag-actu","9":"tag-actualites","10":"tag-eu","11":"tag-europe","12":"tag-fr","13":"tag-france","14":"tag-nantes","15":"tag-news","16":"tag-pays-de-la-loire","17":"tag-republique-francaise"},"share_on_mastodon":{"url":"https:\/\/pubeurope.com\/@fr\/115089487560500155","error":""},"_links":{"self":[{"href":"https:\/\/www.europesays.com\/fr\/wp-json\/wp\/v2\/posts\/342828","targetHints":{"allow":["GET"]}}],"collection":[{"href":"https:\/\/www.europesays.com\/fr\/wp-json\/wp\/v2\/posts"}],"about":[{"href":"https:\/\/www.europesays.com\/fr\/wp-json\/wp\/v2\/types\/post"}],"author":[{"embeddable":true,"href":"https:\/\/www.europesays.com\/fr\/wp-json\/wp\/v2\/users\/2"}],"replies":[{"embeddable":true,"href":"https:\/\/www.europesays.com\/fr\/wp-json\/wp\/v2\/comments?post=342828"}],"version-history":[{"count":0,"href":"https:\/\/www.europesays.com\/fr\/wp-json\/wp\/v2\/posts\/342828\/revisions"}],"wp:featuredmedia":[{"embeddable":true,"href":"https:\/\/www.europesays.com\/fr\/wp-json\/wp\/v2\/media\/342829"}],"wp:attachment":[{"href":"https:\/\/www.europesays.com\/fr\/wp-json\/wp\/v2\/media?parent=342828"}],"wp:term":[{"taxonomy":"category","embeddable":true,"href":"https:\/\/www.europesays.com\/fr\/wp-json\/wp\/v2\/categories?post=342828"},{"taxonomy":"post_tag","embeddable":true,"href":"https:\/\/www.europesays.com\/fr\/wp-json\/wp\/v2\/tags?post=342828"}],"curies":[{"name":"wp","href":"https:\/\/api.w.org\/{rel}","templated":true}]}}