{"id":342830,"date":"2025-08-25T12:49:10","date_gmt":"2025-08-25T12:49:10","guid":{"rendered":"https:\/\/www.europesays.com\/fr\/342830\/"},"modified":"2025-08-25T12:49:10","modified_gmt":"2025-08-25T12:49:10","slug":"apres-avoir-braque-des-fetards-il-jette-son-pistolet-charge-dans-la-voiture-dun-couple-quil-ne-connait-pas","status":"publish","type":"post","link":"https:\/\/www.europesays.com\/fr\/342830\/","title":{"rendered":"apr\u00e8s avoir braqu\u00e9 des f\u00eatards, il jette son pistolet charg\u00e9 dans la voiture d\u2019un couple qu\u2019il ne conna\u00eet pas"},"content":{"rendered":"<p>Dimanche, au petit matin, un jeune homme a braqu\u00e9 une arme \u00e0 feu sur des personnes qui sortaient de bo\u00eete de nuit. Il a \u00e9t\u00e9 interpell\u00e9 dans la foul\u00e9e.<\/p>\n<p class=\"fig-paragraph\">Grosse frayeur mais aucun bless\u00e9. \u00c0\u00a0<a href=\"https:\/\/www.lefigaro.fr\/nantes\" target=\"_blank\" data-fig-type=\"Section\" rel=\"noopener\" data-gtm-custom-categorie=\"navigation\" data-gtm-custom-action=\"crossclick\" data-gtm-custom-label=\"Contextuel\" data-gtm-event=\"customEventSPE\" data-fig-domain=\"LEFIGARO\">Nantes<\/a>\u00a0(Loire-Atlantique), un jeune homme \u00e2g\u00e9 de 27 ans a \u00e9t\u00e9 interpell\u00e9, dimanche 24 ao\u00fbt, apr\u00e8s avoir tent\u00e9 de s\u2019en prendre \u00e0 un groupe de f\u00eatards qui venait de quitter un club du centre-ville, vers 6h45 du matin. L\u2019agresseur a braqu\u00e9 une arme \u00e0 feu semi-automatique sur ses victimes, avant que le guet-apens ne d\u00e9g\u00e9n\u00e8re en rixe. Sans faire usage de son pistolet, l\u2019individu a finalement pris la fuite avant d\u2019\u00eatre arr\u00eat\u00e9 par la police, sans son arme de poing.<\/p>\n<p class=\"fig-paragraph\">Les forces de l\u2019ordre ont malgr\u00e9 tout retrouv\u00e9 la trace de l\u2019arme \u00e0 feu. Le suspect s\u2019\u00e9tait d\u00e9barrass\u00e9 du pistolet dans sa fuite, en le jetant dans l\u2019habitacle d\u2019une voiture prise au hasard et occup\u00e9e par un couple. L\u2019arme \u00e9tait charg\u00e9e.<\/p>\n<p>                                    <a class=\"fig-a11y-skip a11y-hidden\" href=\"#fig-a11y-skip-main-inarticle\"><br \/>\n        Passer la publicit\u00e9<br \/>\n    <\/a><\/p>\n<p>Bien connu de la police<\/p>\n<p class=\"fig-paragraph\">Les faits se sont d\u00e9roul\u00e9s \u00e0 proximit\u00e9 du Colors, une bo\u00eete de nuit situ\u00e9e \u00e0 deux pas du\u00a0<a href=\"http:\/\/www.lefigaro.fr\/nantes\/nantes-un-ilot-de-fraicheur-pourrait-etre-amenage-au-centre-du-chateau-des-ducs-de-bretagne-20250330\" target=\"_blank\" data-fig-type=\"NewsFlash\" rel=\"noopener\" data-gtm-custom-categorie=\"navigation\" data-gtm-custom-action=\"crossclick\" data-gtm-custom-label=\"Contextuel\" data-gtm-event=\"customEventSPE\" data-fig-domain=\"LEFIGARO\">ch\u00e2teau des ducs de Bretagne<\/a>. L\u2019individu a affirm\u00e9 en garde \u00e0 vue avoir cherch\u00e9 \u00e0 se d\u00e9fendre d\u2019un groupe de personnes qui le mena\u00e7aient avec des tessons de bouteille. Le jeune homme a r\u00e9fut\u00e9 \u00eatre le propri\u00e9taire de l\u2019arme \u00e0 feu, pr\u00e9tendant qu\u2019elle lui a \u00e9t\u00e9 pr\u00eat\u00e9e par un ami.<\/p>\n<p class=\"fig-paragraph\">Habitant de Saint-Herblain, dans la banlieue ouest de Nantes, le suspect est bien connu de la police, indique une source du commissariat central\u00a0: \u00abIl faisait des cambriolages quand il \u00e9tait petit. Depuis, il a \u00e9t\u00e9 entendu \u00e0 plusieurs reprises pour des affaires de violences conjugales\u00bb. D\u00e9f\u00e9r\u00e9 devant le parquet, l\u2019individu devait \u00eatre jug\u00e9 lundi en comparution imm\u00e9diate, au tribunal correctionnel de Nantes.<\/p>\n","protected":false},"excerpt":{"rendered":"Dimanche, au petit matin, un jeune homme a braqu\u00e9 une arme \u00e0 feu sur des personnes qui sortaient&hellip;\n","protected":false},"author":2,"featured_media":342831,"comment_status":"","ping_status":"","sticky":false,"template":"","format":"standard","meta":{"footnotes":""},"categories":[2818],"tags":[1111,11,5141,1777,674,1011,27,766,12,2636,25,2949],"class_list":{"0":"post-342830","1":"post","2":"type-post","3":"status-publish","4":"format-standard","5":"has-post-thumbnail","7":"category-nantes","8":"tag-actu","9":"tag-actualites","10":"tag-arme-a-feu","11":"tag-eu","12":"tag-europe","13":"tag-fr","14":"tag-france","15":"tag-nantes","16":"tag-news","17":"tag-pays-de-la-loire","18":"tag-republique-francaise","19":"tag-violences"},"share_on_mastodon":{"url":"https:\/\/pubeurope.com\/@fr\/115089490832524199","error":""},"_links":{"self":[{"href":"https:\/\/www.europesays.com\/fr\/wp-json\/wp\/v2\/posts\/342830","targetHints":{"allow":["GET"]}}],"collection":[{"href":"https:\/\/www.europesays.com\/fr\/wp-json\/wp\/v2\/posts"}],"about":[{"href":"https:\/\/www.europesays.com\/fr\/wp-json\/wp\/v2\/types\/post"}],"author":[{"embeddable":true,"href":"https:\/\/www.europesays.com\/fr\/wp-json\/wp\/v2\/users\/2"}],"replies":[{"embeddable":true,"href":"https:\/\/www.europesays.com\/fr\/wp-json\/wp\/v2\/comments?post=342830"}],"version-history":[{"count":0,"href":"https:\/\/www.europesays.com\/fr\/wp-json\/wp\/v2\/posts\/342830\/revisions"}],"wp:featuredmedia":[{"embeddable":true,"href":"https:\/\/www.europesays.com\/fr\/wp-json\/wp\/v2\/media\/342831"}],"wp:attachment":[{"href":"https:\/\/www.europesays.com\/fr\/wp-json\/wp\/v2\/media?parent=342830"}],"wp:term":[{"taxonomy":"category","embeddable":true,"href":"https:\/\/www.europesays.com\/fr\/wp-json\/wp\/v2\/categories?post=342830"},{"taxonomy":"post_tag","embeddable":true,"href":"https:\/\/www.europesays.com\/fr\/wp-json\/wp\/v2\/tags?post=342830"}],"curies":[{"name":"wp","href":"https:\/\/api.w.org\/{rel}","templated":true}]}}