{"id":342834,"date":"2025-08-25T12:51:11","date_gmt":"2025-08-25T12:51:11","guid":{"rendered":"https:\/\/www.europesays.com\/fr\/342834\/"},"modified":"2025-08-25T12:51:11","modified_gmt":"2025-08-25T12:51:11","slug":"au-capc-de-bordeaux-les-objets-du-quotidien-se-reinventent-avec-malice","status":"publish","type":"post","link":"https:\/\/www.europesays.com\/fr\/342834\/","title":{"rendered":"Au Capc de Bordeaux, les objets du quotidien se r\u00e9inventent avec malice"},"content":{"rendered":"<p>Trente artistes s\u2019amusent \u00e0 d\u00e9tourner les normes et les mani\u00e8res d\u2019\u00eatre au monde\u00a0: un manifeste vibrant de la ruse et du bricolage.<\/p>\n<p>Dans son texte publi\u00e9 en\u00a01980, L\u2019Invention du quotidien, le\u00a0philosophe Michel de Certeau mobilisait des notions essentielles, comme la\u00a0ruse, la\u00a0d\u00e9rive, le\u00a0d\u00e9tournement, le\u00a0piratage, souvent proches du situationnisme, pour d\u00e9fendre l\u2019id\u00e9e que l\u2019homme ordinaire pouvait s\u2019opposer \u00e0\u00a0\u201cla\u00a0Raison technicienne\u201d en s\u2019appropriant le\u00a0quotidien gr\u00e2ce aux\u00a0arts de faire, \u00e0 des tactiques malignes de r\u00e9sistance. Marqu\u00e9e par cette lecture, Sandra Patron, directrice du Capc, a invit\u00e9 trente artistes \u00e0 travailler autour de cette id\u00e9e.<\/p>\n<p>Invit\u00e9\u00b7es \u00e0 inventer, tous\u00b7tes ont facilement jou\u00e9 le\u00a0jeu, tant, comme le souligne la commissaire, ils et elles \u201cs\u2019int\u00e9ressent \u00e0\u00a0des objets et outils communs qu\u2019ils d\u00e9tournent et se r\u00e9approprient, \u00e0\u00a0des mat\u00e9riaux fragiles et instables, \u00e0\u00a0des situations pr\u00e9caires, \u00e0\u00a0des lieux en mutation, \u00e0\u00a0des formes de travail sous-valoris\u00e9\u201d. Le\u00a0parcours d\u00e9montre la\u00a0v\u00e9locit\u00e9 de gestes anim\u00e9s par la\u00a0volont\u00e9 de \u201ccollecter, recycler, r\u00e9employer, transformer, collaborer, r\u00e9parer, emprunter, pirater, enqu\u00eater\u201d.<\/p>\n<p>Adepte des gestes discrets et absurdes, Francis Al\u00ffs, en poussant dans les rues de Mexico un bloc de glace fondant sous le\u00a0soleil (Paradox of Praxis\u00a01), sugg\u00e8re que \u201cparfois, faire quelque chose revient vraiment \u00e0\u00a0ne rien faire\u201d et que, surtout, r\u00e9enchanter le quotidien pousse \u00e0\u00a0en subvertir les\u00a0r\u00e8gles. Anri Sala, dans sa vid\u00e9o Dammi i\u00a0colori (2003), plong\u00e9e dans les\u00a0rues de Tirana dont le\u00a0maire a\u00a0d\u00e9cid\u00e9 de colorer les\u00a0fa\u00e7ades grises pour la r\u00e9habiliter, filme l\u2019\u00e9mergence d\u2019une utopie urbaine incarn\u00e9e par la\u00a0couleur.<\/p>\n<p>La pr\u00e9sence de pi\u00e8ces embl\u00e9matiques de\u00a0ces trente derni\u00e8res ann\u00e9es se m\u00eale \u00e0\u00a0une somme d\u2019\u0153uvres d\u2019aujourd\u2019hui, qui cherchent \u00e0\u00a0d\u00e9r\u00e9gler nos mani\u00e8res d\u2019\u00eatre au monde. La folle somme des\u00a0gestes artistiques oscille ici entre le\u00a0parasitage de l\u2019architecture (le\u00a0jardin de Wilfrid Almendra), la\u00a0po\u00e9sie performative (l\u2019invitation \u00e0\u00a0\u00e9chapper aux\u00a0normes des villes de Klara Lid\u00e9n), l\u2019\u00e9coute subversive (le\u00a0jukebox de Ruth Ewan qui d\u00e9voile les\u00a0chansons qui changent le\u00a0monde), le\u00a0bricolage (les\u00a0incroyables sculptures de Yuko Mohri, qui s\u2019inspire des ruses dans les\u00a0stations de m\u00e9tro de Tokyo pour stopper les\u00a0fuites d\u2019eau et propose une\u00a0version bordelaise de ses inventions pleine de seaux, b\u00e2ches et parapluies)\u2026<\/p>\n<p>\u00c0 ce floril\u00e8ge de rafistolages et de raccommodages, le\u00a0parcours ajoute une\u00a0dimension militante et utopiste bouleversante, \u00e0\u00a0l\u2019instar de la\u00a0s\u00e9rie d\u2019images de l\u2019artiste indienne Shilpa Gupta, qui propose \u00e0\u00a0des passant\u00b7es de marcher dans la\u00a0rue avec un ballon sur lequel est inscrit un r\u00eave, \u201cje veux vivre sans peur\u201d, ou de la vid\u00e9o d\u2019Oliver Hardt (Protest\/Architecture), qui consigne des mouvements de protestation dans le\u00a0monde entier, entre 1968 et 2023, visant \u00e0\u00a0occuper des espaces publics, vivre dans des structures temporaires, r\u00e9sister aux\u00a0expulsions\u2026<\/p>\n<p>Entre \u00e9ruption et discr\u00e9tion, entre soul\u00e8vements collectifs et micro-gestes ouvrant des br\u00e8ches dans l\u2019ordre norm\u00e9 des choses, L\u2019Invention du quotidien soutient l\u2019id\u00e9e que l\u2019art, lorsqu\u2019il se rend attentif \u00e0\u00a0l\u2019inventivit\u00e9 et au\u00a0renversement des normes sociales, a de l\u2019\u00e9nergie \u00e0\u00a0revendre. Gr\u00e2ce \u00e0\u00a0lui, l\u2019invention des possibles nous tend les\u00a0bras et nous capte les\u00a0yeux.<\/p>\n<p><strong>L\u2019Invention du quotidien au Capc, mus\u00e9e d\u2019art contemporain de Bordeaux, jusqu\u2019au 4 janvier.<\/strong><\/p>\n","protected":false},"excerpt":{"rendered":"Trente artistes s\u2019amusent \u00e0 d\u00e9tourner les normes et les mani\u00e8res d\u2019\u00eatre au monde\u00a0: un manifeste vibrant de la&hellip;\n","protected":false},"author":2,"featured_media":342835,"comment_status":"","ping_status":"","sticky":false,"template":"","format":"standard","meta":{"footnotes":""},"categories":[2817],"tags":[1111,11,1997,8716,1777,674,1011,27,12,2219,25],"class_list":{"0":"post-342834","1":"post","2":"type-post","3":"status-publish","4":"format-standard","5":"has-post-thumbnail","7":"category-bordeaux","8":"tag-actu","9":"tag-actualites","10":"tag-bordeaux","11":"tag-cafeyn","12":"tag-eu","13":"tag-europe","14":"tag-fr","15":"tag-france","16":"tag-news","17":"tag-nouvelle-aquitaine","18":"tag-republique-francaise"},"share_on_mastodon":{"url":"https:\/\/pubeurope.com\/@fr\/115089498704830346","error":""},"_links":{"self":[{"href":"https:\/\/www.europesays.com\/fr\/wp-json\/wp\/v2\/posts\/342834","targetHints":{"allow":["GET"]}}],"collection":[{"href":"https:\/\/www.europesays.com\/fr\/wp-json\/wp\/v2\/posts"}],"about":[{"href":"https:\/\/www.europesays.com\/fr\/wp-json\/wp\/v2\/types\/post"}],"author":[{"embeddable":true,"href":"https:\/\/www.europesays.com\/fr\/wp-json\/wp\/v2\/users\/2"}],"replies":[{"embeddable":true,"href":"https:\/\/www.europesays.com\/fr\/wp-json\/wp\/v2\/comments?post=342834"}],"version-history":[{"count":0,"href":"https:\/\/www.europesays.com\/fr\/wp-json\/wp\/v2\/posts\/342834\/revisions"}],"wp:featuredmedia":[{"embeddable":true,"href":"https:\/\/www.europesays.com\/fr\/wp-json\/wp\/v2\/media\/342835"}],"wp:attachment":[{"href":"https:\/\/www.europesays.com\/fr\/wp-json\/wp\/v2\/media?parent=342834"}],"wp:term":[{"taxonomy":"category","embeddable":true,"href":"https:\/\/www.europesays.com\/fr\/wp-json\/wp\/v2\/categories?post=342834"},{"taxonomy":"post_tag","embeddable":true,"href":"https:\/\/www.europesays.com\/fr\/wp-json\/wp\/v2\/tags?post=342834"}],"curies":[{"name":"wp","href":"https:\/\/api.w.org\/{rel}","templated":true}]}}