{"id":342836,"date":"2025-08-25T12:52:10","date_gmt":"2025-08-25T12:52:10","guid":{"rendered":"https:\/\/www.europesays.com\/fr\/342836\/"},"modified":"2025-08-25T12:52:10","modified_gmt":"2025-08-25T12:52:10","slug":"toulouse-une-des-villes-etudiantes-les-moins-cheres-de-france-ce-que-disent-les-chiffres","status":"publish","type":"post","link":"https:\/\/www.europesays.com\/fr\/342836\/","title":{"rendered":"Toulouse, une des villes \u00e9tudiantes les moins ch\u00e8res de France ? Ce que disent les chiffres"},"content":{"rendered":"<p>            Par<br \/>\n        <strong><br \/>\n            <a href=\"https:\/\/actu.fr\/auteur\/gabriel-kenedi\" title=\"Consulter tous les articles de Gabriel Kenedi\" rel=\"nofollow noopener\" target=\"_blank\">Gabriel Kenedi<\/a><br \/>\n        <\/strong><\/p>\n<p>        Publi\u00e9 le<\/p>\n<p>            25 ao\u00fbt 2025 \u00e0 14h32        <\/p>\n<p>Avec ses universit\u00e9s de qualit\u00e9 et sa convivencia, <strong>Toulouse<\/strong> est depuis plusieurs d\u00e9cennies <a href=\"https:\/\/actu.fr\/toulouse\/\" rel=\"nofollow noopener\" target=\"_blank\">une ville tr\u00e8s pris\u00e9e des \u00e9tudiants<\/a>, qui sont <strong>plus de 130 000<\/strong> \u00e0 suivre chaque ann\u00e9e un cursus dans la Ville rose ! D\u2019apr\u00e8s le syndicat \u00e9tudiant l\u2019UNEF, qui vient de publier son classement annuel du co\u00fbt de la vie \u00e9tudiante, les prix ne cessent d\u2019augmenter pour les \u00e9tudiants\u2026 y compris \u00e0 <strong>Toulouse<\/strong>. Que disent les chiffres de cette \u00e9tude ? On fait le point.\u00a0<\/p>\n<p>Une des villes les moins ch\u00e8res ?\u00a0<\/p>\n<p class=\" wall-content\">D\u2019apr\u00e8s les donn\u00e9es de l\u2019UNEF, Toulouse s\u2019en sort plut\u00f4t bien en termes de <strong>co\u00fbt de la vie \u00e9tudiante<\/strong>, par rapport \u00e0 d\u2019autres villes universitaires. Avec un co\u00fbt mensuel de 1214,65\u20ac, <strong>Toulouse<\/strong> figure en 20e position, derri\u00e8re des villes comme <strong>Lille<\/strong> (1220,32\u20ac), <strong>Montpellier<\/strong> (1221,15\u20ac), <strong>Marseille<\/strong> (1256,48\u20ac), <strong>Strasbourg<\/strong> (1261,48\u20ac), <strong>Bordeaux<\/strong> (1289,95\u20ac), <strong>Lyon<\/strong> (1323,98\u20ac) ou <strong>Nice<\/strong> (1370,15\u20ac), <strong>Paris<\/strong> demeurant la ville la plus ch\u00e8re (1626,76\u20ac) et <strong>Limoges<\/strong> \u00e9tant consid\u00e9r\u00e9e comme la ville la moins ch\u00e8re (1073,66\u20ac).\u00a0<\/p>\n<p class=\" wall-content\"><strong>Voici le classement complet\u2009:<\/strong><\/p>\n<ol class=\" wall-content\">\n<li>Paris\u2009: 1\u2009626,76\u00a0euros (+4,13 %) ;<\/li>\n<li>Nanterre\u2009: 1\u2009520,33\u00a0euros (+13,68 %) ;\u00a0<\/li>\n<li>Cr\u00e9teil\u2009: 1\u2009502,33\u00a0euros (+6,37 %) ;\u00a0<\/li>\n<li>Saint-Denis\u2009: 1\u2009447,33\u00a0euros (+6,94 %) ;\u00a0<\/li>\n<li>Cergy\u2009: 1\u2009374,33\u00a0euros (+4,72 %) ;\u00a0<\/li>\n<li>Guyancourt\u2009: 1\u2009370,33\u00a0euros (+3,08 %) ;\u00a0<\/li>\n<li>Nice\u2009: 1\u2009370,15\u00a0euros (5,15\u2009%)\u2009;<\/li>\n<li>Orsay\u2009: 1\u2009367,33\u00a0euros (+6,21 %) ;<\/li>\n<li>\u00c9vry\u2009: 1\u2009344,33\u00a0euros (+5,57 %) ;\u00a0<\/li>\n<li>Lyon\u2009: 1\u2009323,98\u00a0euros (+6,53 %) ;\u00a0<\/li>\n<li>Champs-sur-Marne\u2009: 1\u2009315,33\u00a0euros (+1,70 %) ;<\/li>\n<li>Aix-en-Provence\u2009: 1\u2009291,48\u00a0euros (+5,31 %) ;<\/li>\n<li>Bordeaux\u2009: 1\u2009289,95\u00a0euros (+6,89 %) ;\u00a0<\/li>\n<li>Strasbourg\u2009: 1\u2009261,48\u00a0euros (+5,62 %) ;\u00a0<\/li>\n<li>La\u00a0Rochelle : 1\u2009260,48\u00a0euros (+5,27 %) ;\u00a0<\/li>\n<li>Marseille\u2009: 1\u2009256,48\u00a0euros (+3,98 %) ;\u00a0<\/li>\n<li>Chamb\u00e9ry\u2009: 1\u2009246,73\u00a0euros (+13,18 %) ;\u00a0<\/li>\n<li>Montpellier\u2009: 1\u2009221,15\u00a0euros (+5,54 %) ;\u00a0<\/li>\n<li>Lille\u2009: 1\u2009220,32\u00a0euros (+3,86 %) ;<\/li>\n<li><strong>Toulouse\u2009<\/strong>: 1\u2009214,65\u00a0euros (+5,54 %) ;<\/li>\n<li>Nantes\u2009: 1\u2009211,90\u00a0euros (+4,89 %) ;<\/li>\n<li>Toulon\u2009: 1\u2009192,65\u00a0euros (3,57\u2009%)\u2009;<\/li>\n<li>Rennes\u2009: 1\u2009192,06\u00a0euros (+7,50 %) ;\u00a0<\/li>\n<li>Grenoble\u2009: 1\u2009187,73\u00a0euros (+6,75 %) ;<\/li>\n<li>Angers\u2009: 1\u2009175,70\u00a0euros (+8,01 %) ;<\/li>\n<li>Rouen\u2009: 1\u2009167\u00a0euros (+5,12 %) ;<\/li>\n<li>Avignon\u2009: 1\u2009165,81\u00a0euros (+ 5,63 %) ;<\/li>\n<li>Metz\u2009: 1\u2009160,90\u00a0euros (+4,61 %) ;<\/li>\n<li>Dijon\u2009: 1\u2009152,40\u00a0euros (+5,60 %) ;<\/li>\n<li>Tours\u2009: 1\u2009150,31\u00a0euros (+6,40 %) ;<\/li>\n<li>Reims\u2009: 1\u2009147,81\u00a0euros (+5,18 %) ;\u00a0<\/li>\n<li>Amiens\u2009: 1\u2009145,51\u00a0euros (+4,71 %) ;\u00a0<\/li>\n<li>Caen\u2009: 1\u2009144,48\u00a0euros (+6,73 %) ;<\/li>\n<li>Orl\u00e9ans\u2009: 1\u2009143,68\u00a0euros (+4,24 %) ;\u00a0<\/li>\n<li>Nancy\u2009: 1\u2009142,15\u00a0euros (+5,66 %) ;\u00a0<\/li>\n<li>Brest\u2009: 1\u2009140,65\u00a0euros (+6,16 %) ;\u00a0<\/li>\n<li>Le\u00a0Havre : 1\u2009131,15\u00a0euros (+5,42 %) ;\u00a0<\/li>\n<li>Clermont\u2009: 1\u2009130,48\u00a0euros (+4,84 %) ;\u00a0<\/li>\n<li>N\u00eemes\u2009: 1\u2009127,48\u00a0euros (+5,54 %) ;\u00a0<\/li>\n<li>Besan\u00e7on\u2009: 1\u2009121,15\u00a0euros (+6,67 %) ;<\/li>\n<li>Mulhouse\u2009: 1\u2009115,73\u00a0euros (+5,30 %) ;<\/li>\n<li>Perpignan\u2009: 1\u2009113,65\u00a0euros (+5,21 %) ;\u00a0<\/li>\n<li>Saint-Etienne\u2009: 1\u2009094,31\u00a0euros (+6,02 %) ;\u00a0<\/li>\n<li>Le\u00a0Mans : 1\u2009093,95\u00a0euros (+5,82 %) ;\u00a0<\/li>\n<li>Poitiers\u2009: 1\u2009093,81\u00a0euros (+5,61 %) ;\u00a0<\/li>\n<li>Pau\u2009: 1\u2009080,15\u00a0euros (+6,21 %) ;\u00a0<\/li>\n<li>Limoges\u2009:\u00a01\u2009073,06\u00a0euros (+6,06 %).<\/li>\n<\/ol>\n<p>Une augmentation du co\u00fbt de la vie\u00a0<\/p>\n<p class=\" wall-content\">Une <strong>place plut\u00f4t flatteuse<\/strong>, donc, pour la Ville rose par rapport aux autres villes de la m\u00eame strate.\u00a0 Mais alors que l\u2019augmentation du co\u00fbt moyen de la vie en 2025 est chiffr\u00e9 \u00e0<strong> 4,12%<\/strong> dans l\u2019Hexagone, \u00e0 Toulouse, cette hausse est plus marqu\u00e9e avec <strong>une augmentation du co\u00fbt de la vie<\/strong> de <strong>+5,54%<\/strong> par rapport \u00e0 l\u2019ann\u00e9e pr\u00e9c\u00e9dente.\u00a0<\/p>\n<p>La hausse du co\u00fbt des transports point\u00e9e du doigt\u00a0<\/p>\n<p class=\" wall-content\">Raison principale de cette tendance, d\u2019apr\u00e8s l\u2019UNEF ? \u00ab\u00a0Le\u00a0<strong>co\u00fbt des transports<\/strong><br \/>conna\u00eet une hausse historique et ind\u00e9cente de <strong>4,85%<\/strong>. De plus, l\u2019abonnement \u00e9tudiant est<br \/>accessible uniquement aux \u00e9tudiants de 20 \u00e0 25 ans et n\u2019applique<strong> aucun tarif boursiers<\/strong>\u00ab\u00a0, \u00e9crit le syndicat \u00e9tudiants. Il s\u2019agit, selon cette \u00e9tude, de la plus forte augmentation de l\u2019Hexagone.\u00a0<\/p>\n<p>Vid\u00e9os : en ce moment sur Actu<\/p>\n<p class=\" wall-content\">Dans le d\u00e9tail, un \u00e9tudiant d\u00e9bourse en moyenne <strong>162\u20ac<\/strong> pour les transports (contre 392,90\u20ac \u00e0 <strong>Nanterre<\/strong>, ville o\u00f9 les transports sont les plus chers, et 0\u20ac \u00e0 <strong>Montpellier<\/strong>, ville la moins ch\u00e8re).\u00a0<\/p>\n<blockquote class=\"ac-article-quote wall-content\">\n<p>\u00ab\u00a0Cette hausse cumul\u00e9e \u00e0 une augmentation de 1,36% du co\u00fbt du logements pour les \u00e9tudiants, impacte durement leur budget et engendrera 521\u20ac de d\u00e9penses suppl\u00e9mentaires sur 1 an \u00e0 leur charge\u00a0\u00bb.<\/p>\n<p>    <strong>L&rsquo;UNEF <\/strong>\n            <\/p><\/blockquote>\n<p>Votre r\u00e9gion, votre actu !<\/p>\n<p>Recevez chaque jour les infos qui comptent pour vous.<\/p>\n<p>\t<a href=\"https:\/\/actu.fr\/newsletter\" class=\"ac-btn ac-btn--corner ac-btn--medium ac-btn--blue800\" rel=\"nofollow noopener\" target=\"_blank\">S&rsquo;incrire<\/a><br \/>\nUn loyer en l\u00e9g\u00e8re hausse\u00a0<\/p>\n<p class=\" wall-content\">Concernant le <strong>loyer<\/strong>, qui reste le premier poste de d\u00e9penses des \u00e9tudiants, un \u00e9tudiant toulousain d\u00e9pense en moyenne <strong>521<\/strong> <strong>euros<\/strong> chaque mois. Cela repr\u00e9sente une augmentation de 1,36%, contre <strong>2,46%<\/strong> au niveau national. Le loyer le plus \u00e9lev\u00e9 est sans surprise \u00e0 Paris (915\u20ac) et le moins \u00e9lev\u00e9 est \u00e0 Limoges (385\u20ac).\u00a0<\/p>\n<p>\u00ab\u00a0Des choix impossibles\u00a0\u00bb pour les \u00e9tudiants\u00a0<\/p>\n<p class=\" wall-content\">Alors que de mani\u00e8re g\u00e9n\u00e9rale, le co\u00fbt de la vie continue d\u2019augmenter (de 4,12% en France, d\u2019apr\u00e8s ce classement), l\u2019UNEF d\u00e9nonce \u00ab\u00a0une <strong>hausse insoutenable<\/strong> qui pousse toujours plus d\u2019\u00e9tudiantes et d\u2019\u00e9tudiants vers la pr\u00e9carit\u00e9. Dans ce contexte, les \u00e9tudiants font face \u00e0 des choix impossibles : sacrifier leur alimentation, leur sant\u00e9 mentale, ou encore renoncer \u00e0 leurs \u00e9tudes. La multiplication des jobs \u00e9tudiants, souvent au d\u00e9triment de la r\u00e9ussite \u00e0 l\u2019universit\u00e9, illustre l\u2019\u00e9chec d\u2019un syst\u00e8me qui devrait garantir l\u2019\u00e9mancipation\u00a0\u00bb, estime le syndicat \u00e9tudiant.\u00a0<\/p>\n<p><strong>Infos pratiques<\/strong><br \/>\nLe classement est \u00e0 consulter <a href=\"https:\/\/unef.fr\/wp-content\/uploads\/2025\/08\/Classement-des-villes-universitaires-2025.pdf\" rel=\"nofollow noopener\" target=\"_blank\">dans son int\u00e9gralit\u00e9 ici<\/a>.\u00a0<\/p>\n<p class=\" wall-content\">Personnalisez votre actualit\u00e9 en ajoutant vos villes et m\u00e9dias en favori avec <a href=\"https:\/\/moncompte.actu.fr\" title=\"D\u00e9couvez Mon Actu\" rel=\"nofollow noopener\" data-trk=\"{&quot;cta&quot;:{&quot;action&quot;:&quot;https:\\\/\\\/moncompte.actu.fr&quot;,&quot;category&quot;:&quot;mon compte&quot;,&quot;from&quot;:&quot;article footer&quot;,&quot;name&quot;:&quot;Mon actu&quot;,&quot;type&quot;:&quot;cta&quot;}}\" target=\"_blank\">Mon Actu<\/a>.<\/p>\n","protected":false},"excerpt":{"rendered":"Par Gabriel Kenedi Publi\u00e9 le 25 ao\u00fbt 2025 \u00e0 14h32 Avec ses universit\u00e9s de qualit\u00e9 et sa convivencia,&hellip;\n","protected":false},"author":2,"featured_media":342837,"comment_status":"","ping_status":"","sticky":false,"template":"","format":"standard","meta":{"footnotes":""},"categories":[2816],"tags":[1111,11,33,1777,674,1011,27,12,2680,25,2312],"class_list":{"0":"post-342836","1":"post","2":"type-post","3":"status-publish","4":"format-standard","5":"has-post-thumbnail","7":"category-toulouse","8":"tag-actu","9":"tag-actualites","10":"tag-economie","11":"tag-eu","12":"tag-europe","13":"tag-fr","14":"tag-france","15":"tag-news","16":"tag-occitanie","17":"tag-republique-francaise","18":"tag-toulouse"},"share_on_mastodon":{"url":"https:\/\/pubeurope.com\/@fr\/115089502663297983","error":""},"_links":{"self":[{"href":"https:\/\/www.europesays.com\/fr\/wp-json\/wp\/v2\/posts\/342836","targetHints":{"allow":["GET"]}}],"collection":[{"href":"https:\/\/www.europesays.com\/fr\/wp-json\/wp\/v2\/posts"}],"about":[{"href":"https:\/\/www.europesays.com\/fr\/wp-json\/wp\/v2\/types\/post"}],"author":[{"embeddable":true,"href":"https:\/\/www.europesays.com\/fr\/wp-json\/wp\/v2\/users\/2"}],"replies":[{"embeddable":true,"href":"https:\/\/www.europesays.com\/fr\/wp-json\/wp\/v2\/comments?post=342836"}],"version-history":[{"count":0,"href":"https:\/\/www.europesays.com\/fr\/wp-json\/wp\/v2\/posts\/342836\/revisions"}],"wp:featuredmedia":[{"embeddable":true,"href":"https:\/\/www.europesays.com\/fr\/wp-json\/wp\/v2\/media\/342837"}],"wp:attachment":[{"href":"https:\/\/www.europesays.com\/fr\/wp-json\/wp\/v2\/media?parent=342836"}],"wp:term":[{"taxonomy":"category","embeddable":true,"href":"https:\/\/www.europesays.com\/fr\/wp-json\/wp\/v2\/categories?post=342836"},{"taxonomy":"post_tag","embeddable":true,"href":"https:\/\/www.europesays.com\/fr\/wp-json\/wp\/v2\/tags?post=342836"}],"curies":[{"name":"wp","href":"https:\/\/api.w.org\/{rel}","templated":true}]}}