{"id":342840,"date":"2025-08-25T12:54:10","date_gmt":"2025-08-25T12:54:10","guid":{"rendered":"https:\/\/www.europesays.com\/fr\/342840\/"},"modified":"2025-08-25T12:54:10","modified_gmt":"2025-08-25T12:54:10","slug":"le-surprenant-butin-de-lauteur-de-30-ans-pris-sur-le-vif","status":"publish","type":"post","link":"https:\/\/www.europesays.com\/fr\/342840\/","title":{"rendered":"le surprenant butin de l&rsquo;auteur de 30 ans pris sur le vif"},"content":{"rendered":"<p>            Par<br \/>\n        <strong><br \/>\n            <a href=\"https:\/\/actu.fr\/auteur\/margot-nicodeme\" title=\"Consulter tous les articles de Margot Nicod\u00e8me\" rel=\"nofollow noopener\" target=\"_blank\">Margot Nicod\u00e8me<\/a><br \/>\n        <\/strong><\/p>\n<p>        Publi\u00e9 le<\/p>\n<p>            25 ao\u00fbt 2025 \u00e0 12h32        <\/p>\n<p>Les <a href=\"https:\/\/actu.fr\/tag\/police\" rel=\"nofollow noopener\" target=\"_blank\">policiers<\/a> sont tomb\u00e9s sur une porte d\u2019entr\u00e9e grande ouverte, alors que celui qui venait d\u2019<b>entrer par effraction<\/b> \u00e9tait <b>encore sur place<\/b>. L\u2019habitation, situ\u00e9e rue de Maubeuge \u00e0 <a href=\"https:\/\/actu.fr\/hauts-de-france\/roubaix_59512\" rel=\"nofollow noopener\" target=\"_blank\">Roubaix<\/a> (Nord), a \u00e9t\u00e9 forc\u00e9e le 22 ao\u00fbt dernier, et les autorit\u00e9s ont rapidement \u00e9t\u00e9 alert\u00e9es. Il s\u2019av\u00e8re que le <b>butin du cambrioleur \u00e9tait peu commun<\/b>.<\/p>\n<p>\u00c0 Roubaix, le cambrioleur emporte de l\u2019alcool\u2026 et des boules de p\u00e9tanque<\/p>\n<p class=\" wall-content\">Il est aux alentours de 19h20 quand les policiers arrivent au niveau de la maison. L\u2019intrus n\u2019a m\u00eame pas pris la peine de fermer la porte derri\u00e8re lui ; il est surpris tentant de prendre la fuite par l\u2019arri\u00e8re. \u00c2g\u00e9 de 30 ans, il est appr\u00e9hend\u00e9 sans heurt.\u00a0<\/p>\n<p class=\" wall-content\">Il s\u2019\u00e9tait d\u00e9j\u00e0 servi dans les possessions des occupants. Au moment de son interpellation, il avait dans les mains un sac poubelle rempli de bouteilles d\u2019alcool ainsi\u2026 qu\u2019une sacoche contenant des boules de p\u00e9tanque. Il a \u00e9t\u00e9 plac\u00e9 en garde \u00e0 vue.<\/p>\n<p class=\" wall-content\">Personnalisez votre actualit\u00e9 en ajoutant vos villes et m\u00e9dias en favori avec <a href=\"https:\/\/moncompte.actu.fr\" title=\"D\u00e9couvez Mon Actu\" rel=\"nofollow noopener\" data-trk=\"{&quot;cta&quot;:{&quot;action&quot;:&quot;https:\\\/\\\/moncompte.actu.fr&quot;,&quot;category&quot;:&quot;mon compte&quot;,&quot;from&quot;:&quot;article footer&quot;,&quot;name&quot;:&quot;Mon actu&quot;,&quot;type&quot;:&quot;cta&quot;}}\" target=\"_blank\">Mon Actu<\/a>.<\/p>\n","protected":false},"excerpt":{"rendered":"Par Margot Nicod\u00e8me Publi\u00e9 le 25 ao\u00fbt 2025 \u00e0 12h32 Les policiers sont tomb\u00e9s sur une porte d\u2019entr\u00e9e&hellip;\n","protected":false},"author":2,"featured_media":342841,"comment_status":"","ping_status":"","sticky":false,"template":"","format":"standard","meta":{"footnotes":""},"categories":[2815],"tags":[1111,11,1174,1777,674,118,1011,27,811,1307,12,1072,25],"class_list":{"0":"post-342840","1":"post","2":"type-post","3":"status-publish","4":"format-standard","5":"has-post-thumbnail","7":"category-lille","8":"tag-actu","9":"tag-actualites","10":"tag-cambriolage","11":"tag-eu","12":"tag-europe","13":"tag-faits-divers","14":"tag-fr","15":"tag-france","16":"tag-hauts-de-france","17":"tag-lille","18":"tag-news","19":"tag-police","20":"tag-republique-francaise"},"share_on_mastodon":{"url":"https:\/\/pubeurope.com\/@fr\/115089510482490598","error":""},"_links":{"self":[{"href":"https:\/\/www.europesays.com\/fr\/wp-json\/wp\/v2\/posts\/342840","targetHints":{"allow":["GET"]}}],"collection":[{"href":"https:\/\/www.europesays.com\/fr\/wp-json\/wp\/v2\/posts"}],"about":[{"href":"https:\/\/www.europesays.com\/fr\/wp-json\/wp\/v2\/types\/post"}],"author":[{"embeddable":true,"href":"https:\/\/www.europesays.com\/fr\/wp-json\/wp\/v2\/users\/2"}],"replies":[{"embeddable":true,"href":"https:\/\/www.europesays.com\/fr\/wp-json\/wp\/v2\/comments?post=342840"}],"version-history":[{"count":0,"href":"https:\/\/www.europesays.com\/fr\/wp-json\/wp\/v2\/posts\/342840\/revisions"}],"wp:featuredmedia":[{"embeddable":true,"href":"https:\/\/www.europesays.com\/fr\/wp-json\/wp\/v2\/media\/342841"}],"wp:attachment":[{"href":"https:\/\/www.europesays.com\/fr\/wp-json\/wp\/v2\/media?parent=342840"}],"wp:term":[{"taxonomy":"category","embeddable":true,"href":"https:\/\/www.europesays.com\/fr\/wp-json\/wp\/v2\/categories?post=342840"},{"taxonomy":"post_tag","embeddable":true,"href":"https:\/\/www.europesays.com\/fr\/wp-json\/wp\/v2\/tags?post=342840"}],"curies":[{"name":"wp","href":"https:\/\/api.w.org\/{rel}","templated":true}]}}