{"id":342842,"date":"2025-08-25T12:55:11","date_gmt":"2025-08-25T12:55:11","guid":{"rendered":"https:\/\/www.europesays.com\/fr\/342842\/"},"modified":"2025-08-25T12:55:11","modified_gmt":"2025-08-25T12:55:11","slug":"le-budget-climat-actualites","status":"publish","type":"post","link":"https:\/\/www.europesays.com\/fr\/342842\/","title":{"rendered":"Le budget climat \/ Actualit\u00e9s"},"content":{"rendered":"<p>Cette approche qualitative est bas\u00e9e sur une m\u00e9thodologie nationale \u00e9labor\u00e9e par l\u2019Institut de l\u2019\u00e9conomie pour le climat (I4CE) et un guide local de la M\u00e9tropole europ\u00e9enne de Lille (MEL) et la Ville de Lille. V\u00e9ritable outil d\u2019aide \u00e0 la d\u00e9cision, le budget climat permet d\u2019\u00e9clairer sur l\u2019impact des projets et des politiques publiques port\u00e9s par la ville. Il anticipe la ville neutre en carbone de 2050.<\/p>\n<p>Si cette pratique est devenue r\u00e9glementaire en 2025 pour les collectivit\u00e9s de plus de 3500 habitants , c\u2019est depuis 2020, que Lille et ses communes associ\u00e9es (Hellemmes et Lomme)\u00a0effectuent l\u2019\u00e9valuation de leurs d\u00e9penses sous le prisme de 3 familles d\u2019impacts environnementaux, en coh\u00e9rence avec les objectifs du Plan climat-air-\u00e9nergie territorial (PCAET) m\u00e9tropolitain et du Plan lillois pour le climat :<\/p>\n<ol class=\"listOrdonnees \">\n<li><strong>Att\u00e9nuation<\/strong> des \u00e9missions de gaz \u00e0 effet de serre<\/li>\n<li><strong>Adaptation<\/strong> aux cons\u00e9quences du changement climatique<\/li>\n<li><strong>Am\u00e9lioration<\/strong> de la qualit\u00e9 de l\u2019air<\/li>\n<\/ol>\n<p>Lille \u00e9tait pionni\u00e8re d\u00e8s 2019 en participant \u00e0 l\u2019\u00e9laboration du premier guide m\u00e9thodologique I4CE, conforme \u00e0 la taxonomie europ\u00e9enne et rest\u00e9 une r\u00e9f\u00e9rence depuis. Le guide national a en effet \u00e9t\u00e9 compl\u00e9t\u00e9 d\u2019un document local en partenariat avec la MEL. Cette coop\u00e9ration continue aujourd\u2019hui, avec des efforts communs de partage des bonnes pratiques en direction de toutes les communes.<\/p>\n<p>Cette analyse est effectu\u00e9e 2 fois dans l\u2019ann\u00e9e : pour les d\u00e9penses pr\u00e9visionnelles (BP : budget primitif) au conseil municipal de d\u00e9cembre, et pour les d\u00e9penses r\u00e9elles (CA : compte administratif) au conseil municipal de juin, y compris pour Hellemmes et\u00a0Lomme.<\/p>\n<p>\nLors de la constitution du budget, cette \u00ab coloration \u00bb est un outil d\u2019aide \u00e0 la d\u00e9cision aussi bien en amont lors des propositions budg\u00e9taires des services qu\u2019en aval au moment des arbitrages.<br \/>La coloration du compte administratif, elle, est plus pr\u00e9cise et ent\u00e9rine les d\u00e9penses r\u00e9elles. C\u2019est notamment l\u2019\u00e9volution au fil des ans qui est particuli\u00e8rement suivie. Le but est que la part d\u00e9favorable baisse, et que la part favorable et tr\u00e8s favorable se renforce.<\/p>\n<p>Les graphiques suivants, issus de la d\u00e9lib\u00e9ration du CA 2024 en conseil municipal du 20 juin 2025, montrent la composition des d\u00e9penses de la collectivit\u00e9, en mettant en lumi\u00e8re quelques exemples.<\/p>\n<p>D\u00e9penses de fonctionnement<\/p>\n<p>La part de d\u00e9penses favorables et tr\u00e8s favorables augmente continuellement depuis le d\u00e9but du mandat : de 18 % \u00e0 22%. En 2024 les principaux contributeurs \u00e0 cette hausse sont :<\/p>\n<ul class=\"listPuce\">\n<li>Dans la continuit\u00e9 de la politique environnementale du p\u00f4le Culture, la tenue de l\u2019exposition \u00e9co-con\u00e7ue Rapha\u00ebl,<\/li>\n<li>Les \u00e9tudes commandit\u00e9es par la mission Transition \u00e9cologique et r\u00e9silience notamment pour le pacte Lille Bas Carbone,<\/li>\n<li>L\u2019alimentation locale et\/ou v\u00e9g\u00e9tarienne pour la restauration scolaire.<\/li>\n<\/ul>\n<p>Pour la premi\u00e8re ann\u00e9e depuis cette \u00e9valuation volontariste, la part du \u00ab non trait\u00e9 \u00bb en fonctionnement descend sous la barre du 1%.<\/p>\n<p>            <img src-full=\"\/var\/www\/storage\/images\/mediatheque\/mairie-de-lille\/actualites\/images\/2025\/aout\/schema-1\/3837058-1-fre-FR\/Schema-1.png\" width=\"768\" height=\"439\" alt=\"Sch\u00e9ma 1\" title=\"Sch\u00e9ma 1\" class=\"align-\"\/>\n    <\/p>\n<p>D\u00e9penses d\u2019investissement<\/p>\n<p>La part de d\u00e9penses favorables et tr\u00e8s favorables augmente continuellement depuis le d\u00e9but du mandat, passant de 43 % \u00e0 53%. Celle des d\u00e9penses d\u00e9favorables diminue fortement : de 7 % \u00e0 2%.<\/p>\n<p>La Ville continue de porter les projets favorables au climat et \u00e0 l\u2019environnement, notamment via 3 grandes typologies de r\u00e9alisations :<\/p>\n<ol class=\"listOrdonnees \">\n<li>Les r\u00e9novations de b\u00e2timent municipaux. Exemples : groupes scolaires Brossolette et Salengro en d\u00e9marche Energiesprong, r\u00e9novation \u00e9nerg\u00e9tique compl\u00e8te de la piscine de Lomme, groupe scolaire Brasseur. Par ailleurs, l\u2019investissement en r\u00e9novation LED de l\u2019\u00e9clairage public continue d\u2019\u00eatre soutenu pour Lille, Hellemmes et\u00a0Lomme.<\/li>\n<li>Les b\u00e2timents neufs performants. Exemples : salle de sports Saint-Sauveur niveau Passivhaus, piscine de Fives-Hellemmes<\/li>\n<li>Les actions de m\u00e9tamorphose paysag\u00e8re. Exemples : bassins du Jardin des plantes, d\u00e9b\u00e9tonisation des cours d\u2019\u00e9coles du projet Life Artisan. A noter que la r\u00e9novation des terrains de sport Cornette \u00e0 Hellemmes et Adolphe Max en synth\u00e9tique et remplissage billes de li\u00e8ge est class\u00e9e en \u00ab plut\u00f4t favorable \u00bb du fait d\u2019une empreinte carbone significativement plus faible que celle d\u2019un terrain avec une pelouse \u201dnaturelle\u201d.<\/li>\n<\/ol>\n<p>            <img src-full=\"\/var\/www\/storage\/images\/mediatheque\/mairie-de-lille\/actualites\/images\/2025\/aout\/schema-2\/3837062-1-fre-FR\/Schema-2.png\" width=\"768\" height=\"475\" alt=\"Sch\u00e9ma 2\" title=\"Sch\u00e9ma 2\" class=\"align-\"\/>\n    <\/p>\n","protected":false},"excerpt":{"rendered":"Cette approche qualitative est bas\u00e9e sur une m\u00e9thodologie nationale \u00e9labor\u00e9e par l\u2019Institut de l\u2019\u00e9conomie pour le climat (I4CE)&hellip;\n","protected":false},"author":2,"featured_media":342843,"comment_status":"","ping_status":"","sticky":false,"template":"","format":"standard","meta":{"footnotes":""},"categories":[2815],"tags":[1111,11,4763,1777,674,1011,27,811,1307,5415,12,25],"class_list":{"0":"post-342842","1":"post","2":"type-post","3":"status-publish","4":"format-standard","5":"has-post-thumbnail","7":"category-lille","8":"tag-actu","9":"tag-actualites","10":"tag-agenda","11":"tag-eu","12":"tag-europe","13":"tag-fr","14":"tag-france","15":"tag-hauts-de-france","16":"tag-lille","17":"tag-mairie","18":"tag-news","19":"tag-republique-francaise"},"share_on_mastodon":{"url":"https:\/\/pubeurope.com\/@fr\/115089514578855738","error":""},"_links":{"self":[{"href":"https:\/\/www.europesays.com\/fr\/wp-json\/wp\/v2\/posts\/342842","targetHints":{"allow":["GET"]}}],"collection":[{"href":"https:\/\/www.europesays.com\/fr\/wp-json\/wp\/v2\/posts"}],"about":[{"href":"https:\/\/www.europesays.com\/fr\/wp-json\/wp\/v2\/types\/post"}],"author":[{"embeddable":true,"href":"https:\/\/www.europesays.com\/fr\/wp-json\/wp\/v2\/users\/2"}],"replies":[{"embeddable":true,"href":"https:\/\/www.europesays.com\/fr\/wp-json\/wp\/v2\/comments?post=342842"}],"version-history":[{"count":0,"href":"https:\/\/www.europesays.com\/fr\/wp-json\/wp\/v2\/posts\/342842\/revisions"}],"wp:featuredmedia":[{"embeddable":true,"href":"https:\/\/www.europesays.com\/fr\/wp-json\/wp\/v2\/media\/342843"}],"wp:attachment":[{"href":"https:\/\/www.europesays.com\/fr\/wp-json\/wp\/v2\/media?parent=342842"}],"wp:term":[{"taxonomy":"category","embeddable":true,"href":"https:\/\/www.europesays.com\/fr\/wp-json\/wp\/v2\/categories?post=342842"},{"taxonomy":"post_tag","embeddable":true,"href":"https:\/\/www.europesays.com\/fr\/wp-json\/wp\/v2\/tags?post=342842"}],"curies":[{"name":"wp","href":"https:\/\/api.w.org\/{rel}","templated":true}]}}