{"id":342844,"date":"2025-08-25T12:56:10","date_gmt":"2025-08-25T12:56:10","guid":{"rendered":"https:\/\/www.europesays.com\/fr\/342844\/"},"modified":"2025-08-25T12:56:10","modified_gmt":"2025-08-25T12:56:10","slug":"pres-de-marseille-ce-parc-dattractions-juge-dangereux-rouvre-en-partie-ses-portes-au-public","status":"publish","type":"post","link":"https:\/\/www.europesays.com\/fr\/342844\/","title":{"rendered":"Pr\u00e8s de Marseille. Ce parc d&rsquo;attractions jug\u00e9 dangereux rouvre en partie ses portes au public"},"content":{"rendered":"<p>            Par<br \/>\n        <strong><br \/>\n            <a href=\"https:\/\/actu.fr\/auteur\/thibault-nadal-actu-fr\" title=\"Consulter tous les articles de Thibault Nadal\" target=\"_blank\" rel=\"noopener\">Thibault Nadal<\/a><br \/>\n        <\/strong><\/p>\n<p>        Publi\u00e9 le<\/p>\n<p>            25 ao\u00fbt 2025 \u00e0 14h32        <\/p>\n<p>La fin d\u2019un long processus. Dans un communiqu\u00e9 transmis \u00e0 actu Marseille, ce vendredi 22\u00a0ao\u00fbt 2025, la pr\u00e9fecture des <a href=\"https:\/\/actu.fr\/provence-alpes-cote-d-azur\/bouches-du-rhone_13\" target=\"_blank\" rel=\"noopener\">Bouches-du-Rh\u00f4ne<\/a> annonce la r\u00e9ouverture\u2026 partielle du <strong>Monde de Molly<\/strong>.<\/p>\n<p class=\" wall-content\">Le parc d\u2019attractions, situ\u00e9 \u00e0 <a href=\"https:\/\/actu.fr\/provence-alpes-cote-d-azur\/aix-en-provence_13001\" target=\"_blank\" rel=\"noopener\">Aix-en-Provence<\/a>, avait d\u00fb <a href=\"https:\/\/actu.fr\/provence-alpes-cote-d-azur\/aix-en-provence_13001\/pres-de-marseille-ce-parc-d-attractions-ferme-d-urgence-un-danger-grave-et-immediat_63025204.html\" target=\"_blank\" rel=\"noopener\">fermer d\u2019urgence apr\u00e8s un contr\u00f4le sur place<\/a> qui avait r\u00e9v\u00e9l\u00e9 de graves manquements \u00e0 la s\u00e9curit\u00e9 plus t\u00f4t dans le mois.\u00a0<\/p>\n<p>    <a href=\"https:\/\/www.google.com\/maps\/embed?pb=!1m14!1m12!1m3!1d2433.14845533656!2d5.45230778019463!3d43.5124010761742!2m3!1f0!2f0!3f0!3m2!1i1024!2i768!4f13.1!5e0!3m2!1sfr!2sfr!4v1756115854824!5m2!1sfr!2sfr\" title=\"Ouvrie le lien\" target=\"_blank\" rel=\"noopener\">Cliquez ici pour visualiser le contenu<\/a><\/p>\n<p>Une attraction toujours ferm\u00e9e<\/p>\n<p class=\" wall-content\">Pour justifier sa d\u00e9cision, les autorit\u00e9s r\u00e9v\u00e8lent qu\u2019une nouvelle inspection a eu lieu le 20 ao\u00fbt dernier. \u00ab\u2009Lors du contr\u00f4le op\u00e9r\u00e9 sur place par les services de la DDPP (Direction d\u00e9partementale de la protection des populations), il a \u00e9t\u00e9 constat\u00e9 que le responsable de l\u2019entreprise avait <strong>proc\u00e9d\u00e9 aux am\u00e9nagements<\/strong> requis par l\u2019arr\u00eat\u00e9 du 11\u00a0ao\u00fbt 2025\u2009\u00bb, peut-on lire dans le communiqu\u00e9.<\/p>\n<p class=\" wall-content\">En revanche, <strong>le jeu \u00ab\u2009piste bou\u00e9e\u2009<\/strong>\u00bb n\u2019est pas encore accessible. Il reste \u00ab\u2009ferm\u00e9 jusqu\u2019\u00e0 sa mise en conformit\u00e9\u2009\u00bb, pr\u00e9cise la pr\u00e9fecture.<\/p>\n<p class=\" wall-content\">Un contr\u00f4le r\u00e9alis\u00e9 le 6\u00a0ao\u00fbt dernier avait r\u00e9v\u00e9l\u00e9 \u00ab<strong>\u2009un danger grave et imm\u00e9diat<\/strong> encouru par les utilisateurs dans le cadre d\u2019une pratique raisonnable, pouvant g\u00e9n\u00e9rer des risques de blessures graves en cas de chutes, de heurts ou d\u2019\u00e9lectrocution\u2009\u00bb.<\/p>\n<p class=\" wall-content\"><a href=\"https:\/\/www.instagram.com\/p\/DNqKPhbtx5O\/embed\" title=\"Ouvrir le lien sur Instagram\" target=\"_blank\" rel=\"noopener\">Visualiser le contenu sur Instagram<\/a><\/p>\n<p class=\" wall-content\">Sur Instagram, les propri\u00e9taires du Monde de Molly se sont r\u00e9jouis de cette nouvelle\u2009: \u00ab\u2009Bonne nouvelle\u2009! <strong>Nous sommes ouverts jusqu\u2019au 31\u00a0ao\u00fbt 2025<\/strong>. Les bassins sont propres et pr\u00eats \u00e0 vous accueillir apr\u00e8s la maintenance et le nettoyage\u2009\u00bb, \u00e9crivent-ils.<\/p>\n<p class=\" wall-content\">Personnalisez votre actualit\u00e9 en ajoutant vos villes et m\u00e9dias en favori avec <a href=\"https:\/\/moncompte.actu.fr\" title=\"D\u00e9couvez Mon Actu\" rel=\"nofollow noopener\" data-trk=\"{&quot;cta&quot;:{&quot;action&quot;:&quot;https:\\\/\\\/moncompte.actu.fr&quot;,&quot;category&quot;:&quot;mon compte&quot;,&quot;from&quot;:&quot;article footer&quot;,&quot;name&quot;:&quot;Mon actu&quot;,&quot;type&quot;:&quot;cta&quot;}}\" target=\"_blank\">Mon Actu<\/a>.<\/p>\n<p>                    <script async src=\"\/\/www.instagram.com\/embed.js\"><\/script><\/p>\n","protected":false},"excerpt":{"rendered":"Par Thibault Nadal Publi\u00e9 le 25 ao\u00fbt 2025 \u00e0 14h32 La fin d\u2019un long processus. Dans un communiqu\u00e9&hellip;\n","protected":false},"author":2,"featured_media":313476,"comment_status":"","ping_status":"","sticky":false,"template":"","format":"standard","meta":{"footnotes":""},"categories":[2814],"tags":[1111,11,1777,674,1011,27,884,12,45301,882,25,104],"class_list":{"0":"post-342844","1":"post","2":"type-post","3":"status-publish","4":"format-standard","5":"has-post-thumbnail","7":"category-marseille","8":"tag-actu","9":"tag-actualites","10":"tag-eu","11":"tag-europe","12":"tag-fr","13":"tag-france","14":"tag-marseille","15":"tag-news","16":"tag-prefecture-des-bouches-du-rhone","17":"tag-provence-alpes-cote-dazur","18":"tag-republique-francaise","19":"tag-societe"},"share_on_mastodon":{"url":"https:\/\/pubeurope.com\/@fr\/115089518414676241","error":""},"_links":{"self":[{"href":"https:\/\/www.europesays.com\/fr\/wp-json\/wp\/v2\/posts\/342844","targetHints":{"allow":["GET"]}}],"collection":[{"href":"https:\/\/www.europesays.com\/fr\/wp-json\/wp\/v2\/posts"}],"about":[{"href":"https:\/\/www.europesays.com\/fr\/wp-json\/wp\/v2\/types\/post"}],"author":[{"embeddable":true,"href":"https:\/\/www.europesays.com\/fr\/wp-json\/wp\/v2\/users\/2"}],"replies":[{"embeddable":true,"href":"https:\/\/www.europesays.com\/fr\/wp-json\/wp\/v2\/comments?post=342844"}],"version-history":[{"count":0,"href":"https:\/\/www.europesays.com\/fr\/wp-json\/wp\/v2\/posts\/342844\/revisions"}],"wp:featuredmedia":[{"embeddable":true,"href":"https:\/\/www.europesays.com\/fr\/wp-json\/wp\/v2\/media\/313476"}],"wp:attachment":[{"href":"https:\/\/www.europesays.com\/fr\/wp-json\/wp\/v2\/media?parent=342844"}],"wp:term":[{"taxonomy":"category","embeddable":true,"href":"https:\/\/www.europesays.com\/fr\/wp-json\/wp\/v2\/categories?post=342844"},{"taxonomy":"post_tag","embeddable":true,"href":"https:\/\/www.europesays.com\/fr\/wp-json\/wp\/v2\/tags?post=342844"}],"curies":[{"name":"wp","href":"https:\/\/api.w.org\/{rel}","templated":true}]}}