{"id":342845,"date":"2025-08-25T12:57:11","date_gmt":"2025-08-25T12:57:11","guid":{"rendered":"https:\/\/www.europesays.com\/fr\/342845\/"},"modified":"2025-08-25T12:57:11","modified_gmt":"2025-08-25T12:57:11","slug":"la-banque-europeenne-casse-sa-tirelire-pour-les-ecoles-de-marseille","status":"publish","type":"post","link":"https:\/\/www.europesays.com\/fr\/342845\/","title":{"rendered":"La Banque europ\u00e9enne casse sa tirelire pour les \u00e9coles de Marseille"},"content":{"rendered":"<p>De l&rsquo;aveu m\u00eame du vice-pr\u00e9sident de la <a href=\"https:\/\/www.laprovence.com\/article\/economie\/97776228256676\/baisse-du-taux-du-livret-a-hausse-des-prix-du-gaz-et-de-l-electricite-tout-ce-qui-change-au-1er-aout-2025\" target=\"_blank\" rel=\"noopener\">Banque europ\u00e9enne d&rsquo;investissement (BEI)<\/a>, Ambroise Fayolle, Marseille vient de b\u00e9n\u00e9ficier du \u00ab\u00a0plus gros pr\u00eat que la BEI n&rsquo;ait jamais fait pour du b\u00e2ti scolaire.\u00a0\u00bb Conclu en juillet dernier, ce contrat de pr\u00eat de 425 millions d&rsquo;euros a \u00e9t\u00e9 symboliquement sign\u00e9 ce lundi 25 ao\u00fbt \u00e0 l&rsquo;\u00e9cole Saint-Louis Campagne L\u00e9v\u00eaque (15e) en pr\u00e9sence de l&rsquo;adjoint au maire en charge du Plan \u00e9coles Pierre-Marie Ganozzi (PM) et de la secr\u00e9taire g\u00e9n\u00e9rale de la Pr\u00e9fecture Marie-Pervenche Plaza.\u00a0<\/p>\n<p>Quelque 340 millions d&rsquo;euros seront destin\u00e9s \u00e0 la <a href=\"https:\/\/www.laprovence.com\/article\/societe\/401710019308614\/inaugurations-travaux-le-point-sur-la-situation-des-ecoles-a-marseille-avec-ladjoint-au-bati-scolaire\" target=\"_blank\" rel=\"noopener\">Soci\u00e9t\u00e9 publique des \u00e9coles marseillaises<\/a>, charg\u00e9e de r\u00e9habiliter ou construire 188 \u00e9coles sur dix ans dans le cadre du Plan \u00e9coles de Marseille en grand. Les 85 autres millions serviront \u00e0 financer<a href=\"https:\/\/www.laprovence.com\/article\/region\/21958563836929\/dans-les-ecoles-marseillaises-16-millions-de-travaux-d-entretien-realises-cet-ete\" target=\"_blank\" rel=\"noopener\"> les petits ou gros travaux de r\u00e9novation<\/a> des autres \u00e9coles publiques. B\u00e9n\u00e9ficiant d&rsquo;une notation triple A, la Banque europ\u00e9enne d&rsquo;investissement finance des projets d&rsquo;investissement et d&rsquo;infrastructure dans toute l&rsquo;Europe, pour un montant annuel en France de 10 \u00e0 12 milliards d&rsquo;euros. Sur le territoire marseillais, elle a r\u00e9cemment financ\u00e9 la M\u00e9tropole pour<a href=\"https:\/\/www.laprovence.com\/article\/politique\/1504844863891714\/plan-marseille-en-grand-une-rallonge-de-letat-pour-les-transports-et-du-retard-dans-les-travaux-du-metro\" target=\"_blank\" rel=\"noopener\"> l&rsquo;extension du tramway<\/a> et la r\u00e9novation du mat\u00e9riel roulant du m\u00e9tro.<\/p>\n<p>Adapter <\/p>\n","protected":false},"excerpt":{"rendered":"De l&rsquo;aveu m\u00eame du vice-pr\u00e9sident de la Banque europ\u00e9enne d&rsquo;investissement (BEI), Ambroise Fayolle, Marseille vient de b\u00e9n\u00e9ficier du&hellip;\n","protected":false},"author":2,"featured_media":342846,"comment_status":"","ping_status":"","sticky":false,"template":"","format":"standard","meta":{"footnotes":""},"categories":[2814],"tags":[17,1111,11,523,10408,4019,1777,674,4538,1011,27,151,884,12,471,882,16,25,47895],"class_list":{"0":"post-342845","1":"post","2":"type-post","3":"status-publish","4":"format-standard","5":"has-post-thumbnail","7":"category-marseille","8":"tag-17","9":"tag-actu","10":"tag-actualites","11":"tag-banque","12":"tag-casse","13":"tag-ecoles","14":"tag-eu","15":"tag-europe","16":"tag-europeenne","17":"tag-fr","18":"tag-france","19":"tag-les","20":"tag-marseille","21":"tag-news","22":"tag-pour","23":"tag-provence-alpes-cote-dazur","24":"tag-region","25":"tag-republique-francaise","26":"tag-tirelire"},"share_on_mastodon":{"url":"https:\/\/pubeurope.com\/@fr\/115089522347908557","error":""},"_links":{"self":[{"href":"https:\/\/www.europesays.com\/fr\/wp-json\/wp\/v2\/posts\/342845","targetHints":{"allow":["GET"]}}],"collection":[{"href":"https:\/\/www.europesays.com\/fr\/wp-json\/wp\/v2\/posts"}],"about":[{"href":"https:\/\/www.europesays.com\/fr\/wp-json\/wp\/v2\/types\/post"}],"author":[{"embeddable":true,"href":"https:\/\/www.europesays.com\/fr\/wp-json\/wp\/v2\/users\/2"}],"replies":[{"embeddable":true,"href":"https:\/\/www.europesays.com\/fr\/wp-json\/wp\/v2\/comments?post=342845"}],"version-history":[{"count":0,"href":"https:\/\/www.europesays.com\/fr\/wp-json\/wp\/v2\/posts\/342845\/revisions"}],"wp:featuredmedia":[{"embeddable":true,"href":"https:\/\/www.europesays.com\/fr\/wp-json\/wp\/v2\/media\/342846"}],"wp:attachment":[{"href":"https:\/\/www.europesays.com\/fr\/wp-json\/wp\/v2\/media?parent=342845"}],"wp:term":[{"taxonomy":"category","embeddable":true,"href":"https:\/\/www.europesays.com\/fr\/wp-json\/wp\/v2\/categories?post=342845"},{"taxonomy":"post_tag","embeddable":true,"href":"https:\/\/www.europesays.com\/fr\/wp-json\/wp\/v2\/tags?post=342845"}],"curies":[{"name":"wp","href":"https:\/\/api.w.org\/{rel}","templated":true}]}}