{"id":342847,"date":"2025-08-25T12:58:25","date_gmt":"2025-08-25T12:58:25","guid":{"rendered":"https:\/\/www.europesays.com\/fr\/342847\/"},"modified":"2025-08-25T12:58:25","modified_gmt":"2025-08-25T12:58:25","slug":"lyon-assister-a-une-viewing-party-de-drag-race-cest-comme-voir-un-match-de-foot-en-plus-fabuleux","status":"publish","type":"post","link":"https:\/\/www.europesays.com\/fr\/342847\/","title":{"rendered":"Lyon. Assister \u00e0 une viewing party de Drag Race, \u00ab\u00a0c\u2019est comme voir un match de foot\u2026 en plus fabuleux\u00a0\u00bb"},"content":{"rendered":"<p>Maquillages color\u00e9s, sacs aux couleurs de l\u2019arc-en-ciel et tenues extravagantes, les couleurs d\u00e9tonnent au milieu du food court de La Commune. Petit \u00e0 petit, le public fait la queue. Parmi eux, Hugo et Gautier, en couple, attendent avec impatience d\u2019assister \u00e0 leur deuxi\u00e8me viewing party\u00a0: \u00ab\u00a0On ne regarde plus seul derri\u00e8re son \u00e9cran, c\u2019est un vrai spectacle vivant.\u00a0\u00bb<\/p>\n<p>\u00ab\u00a0Ce sont nos matchs de foot\u2026 en plus fabuleux\u00a0\u00bb, confirme L\u00e9o, petit ami de l\u2019une des drag queens organisatrices de l\u2018\u00e9v\u00e9nement &#8211; <a href=\"https:\/\/www.leprogres.fr\/culture-loisirs\/2024\/05\/28\/drag-race-la-queen-afrodite-amour-fiere-de-pouvoir-representer-la-scene-drag-lyonnaise\" target=\"_blank\" rel=\"noopener\">Afrodite Amour<\/a>. Chaque vendredi soir, il devient son assistant\u00a0: vente de drag dollars, gestion des quatre b\u00e9n\u00e9voles en amont et r\u00e9gisseur lumi\u00e8re pendant le spectacle.<\/p>\n<p>Triple show<\/p>\n<p>Edeha Noire et Afrodite Amour, ex-participantes lyonnaises de la comp\u00e9tition de drag fran\u00e7ais Drag Race France ,&#8230;<\/p>\n","protected":false},"excerpt":{"rendered":"Maquillages color\u00e9s, sacs aux couleurs de l\u2019arc-en-ciel et tenues extravagantes, les couleurs d\u00e9tonnent au milieu du food court&hellip;\n","protected":false},"author":2,"featured_media":342848,"comment_status":"","ping_status":"","sticky":false,"template":"","format":"standard","meta":{"footnotes":""},"categories":[1889],"tags":[1111,11,2430,1687,2757,1777,674,6757,1011,27,2428,5947,5946,873,12,25,2429,104,2205],"class_list":{"0":"post-342847","1":"post","2":"type-post","3":"status-publish","4":"format-standard","5":"has-post-thumbnail","7":"category-lyon","8":"tag-actu","9":"tag-actualites","10":"tag-auvergne-rhone-alpes","11":"tag-culture-loisirs","12":"tag-edition-lyon-villeurbanne","13":"tag-eu","14":"tag-europe","15":"tag-feminisme","16":"tag-fr","17":"tag-france","18":"tag-lyon","19":"tag-lyon-7e","20":"tag-lyon-7e-arrondissement","21":"tag-musique","22":"tag-news","23":"tag-republique-francaise","24":"tag-rhone","25":"tag-societe","26":"tag-television-medias"},"share_on_mastodon":{"url":"https:\/\/pubeurope.com\/@fr\/115089526410237506","error":""},"_links":{"self":[{"href":"https:\/\/www.europesays.com\/fr\/wp-json\/wp\/v2\/posts\/342847","targetHints":{"allow":["GET"]}}],"collection":[{"href":"https:\/\/www.europesays.com\/fr\/wp-json\/wp\/v2\/posts"}],"about":[{"href":"https:\/\/www.europesays.com\/fr\/wp-json\/wp\/v2\/types\/post"}],"author":[{"embeddable":true,"href":"https:\/\/www.europesays.com\/fr\/wp-json\/wp\/v2\/users\/2"}],"replies":[{"embeddable":true,"href":"https:\/\/www.europesays.com\/fr\/wp-json\/wp\/v2\/comments?post=342847"}],"version-history":[{"count":0,"href":"https:\/\/www.europesays.com\/fr\/wp-json\/wp\/v2\/posts\/342847\/revisions"}],"wp:featuredmedia":[{"embeddable":true,"href":"https:\/\/www.europesays.com\/fr\/wp-json\/wp\/v2\/media\/342848"}],"wp:attachment":[{"href":"https:\/\/www.europesays.com\/fr\/wp-json\/wp\/v2\/media?parent=342847"}],"wp:term":[{"taxonomy":"category","embeddable":true,"href":"https:\/\/www.europesays.com\/fr\/wp-json\/wp\/v2\/categories?post=342847"},{"taxonomy":"post_tag","embeddable":true,"href":"https:\/\/www.europesays.com\/fr\/wp-json\/wp\/v2\/tags?post=342847"}],"curies":[{"name":"wp","href":"https:\/\/api.w.org\/{rel}","templated":true}]}}