{"id":342849,"date":"2025-08-25T12:59:13","date_gmt":"2025-08-25T12:59:13","guid":{"rendered":"https:\/\/www.europesays.com\/fr\/342849\/"},"modified":"2025-08-25T12:59:13","modified_gmt":"2025-08-25T12:59:13","slug":"le-metro-b-sera-a-larret-mardi-et-mercredi","status":"publish","type":"post","link":"https:\/\/www.europesays.com\/fr\/342849\/","title":{"rendered":"le m\u00e9tro B sera \u00e0 l&rsquo;arr\u00eat mardi et mercredi"},"content":{"rendered":"<p>                            <img loading=\"lazy\" width=\"1080\" height=\"675\" class=\"attachment-article size-article wp-post-image lazyload\" alt=\"\" decoding=\"async\" src=\"https:\/\/www.europesays.com\/fr\/wp-content\/uploads\/2025\/08\/IMG_4156-e1701862778788.jpg\" data-eio-rwidth=\"1080\" data-eio-rheight=\"675\"\/><\/p>\n<p>La station du m\u00e9tro B \u00e0 Saint-Genis-Laval. (@Vincent Guiraud)<\/p>\n<p class=\"content\" style=\"font-size:1.2em;font-weight:700\">Des essais n\u00e9cessitent l&rsquo;interruption de la circulation du m\u00e9tro B mardi et mercredi \u00e0 Lyon indique le Sytral.<\/p>\n<p>Le m\u00e9tro B ne circulera pas \u00e0 partir de mardi 26 ao\u00fbt et jusqu&rsquo;au mercredi 27 ao\u00fbt \u00e0 midi a indiqu\u00e9 Sytral mobilit\u00e9s, l&rsquo;autorit\u00e9 organisatrice des transports en commun lyonnais. <\/p>\n<p>Les \u00e9quipes en charge du r\u00e9seau vont r\u00e9aliser \u00ab\u00a0des essais pour renforcer la capacit\u00e9 et le confort des voyageurs\u00a0\u00bb. Des bus relais seront mis en place. Ils desserviront les stations de Gare Part-Dieu Vivier Merle \u00e0 Saint-Genis-Laval H\u00f4pital Lyon Sud, toutes les 8 \u00e0 15 minutes. <\/p>\n<p>La station Stade de Gerland ne sera pas desservie et l&rsquo;arr\u00eat Gare d&rsquo;Oullins sera report\u00e9. <\/p>\n<blockquote class=\"twitter-tweet\" data-width=\"550\" data-dnt=\"true\">\n<p lang=\"fr\" dir=\"ltr\">\ud83d\udea7[TRAVAUX] M\u00e9tro B<br \/>\ud83d\udcc5Du mardi 26 au mercredi 27 ao\u00fbt jusqu&rsquo;\u00e0 12h, la circulation de la ligne B sera interrompue pour des essais visant \u00e0 am\u00e9liorer capacit\u00e9 et confort des voyageurs.<br \/>\ud83d\ude8cBus relais disponibles pour assurer vos trajets<br \/>\ud83d\udc49Infos : <a href=\"https:\/\/t.co\/8YAvVXlgVw\" rel=\"nofollow\">https:\/\/t.co\/8YAvVXlgVw<\/a><br \/>\ud83d\udcf8\u00c9ric Soudan <a href=\"https:\/\/t.co\/f19kbqHh0l\" rel=\"nofollow\">pic.twitter.com\/f19kbqHh0l<\/a><\/p>\n<p>\u2014 TCL (@TCL_SYTRAL) <a href=\"https:\/\/twitter.com\/TCL_SYTRAL\/status\/1958875179968287193?ref_src=twsrc%5Etfw\" rel=\"nofollow noopener\" target=\"_blank\">August 22, 2025<\/a><\/p><\/blockquote>\n<p>\t\t\t\t\t<a href=\"https:\/\/www.lyoncapitale.fr\/culture\/a-lyon-l-hotel-du-departement-et-la-prefecture-ouvrent-leurs-portes-pour-les-journees-du-patrimoine\" title=\"\u00c0 Lyon, L&#039;H\u00f4tel du D\u00e9partement et la Pr\u00e9fecture ouvrent leurs portes pour les Journ\u00e9es du patrimoine\" rel=\"nofollow noopener\" target=\"_blank\"><img loading=\"lazy\" width=\"522\" height=\"326\" class=\"attachment-actularge size-actularge wp-post-image lazyload\" alt=\"\" decoding=\"async\" src=\"https:\/\/www.europesays.com\/fr\/wp-content\/uploads\/2025\/08\/Prefecture-du-Rhone-@WilliamPham-21-scaled-e1680096654885.jpg\" data-eio-rwidth=\"1080\" data-eio-rheight=\"675\"\/>\t\t\t\t\t<\/a><\/p>\n<p><script async src=\"https:\/\/platform.twitter.com\/widgets.js\" charset=\"utf-8\"><\/script><\/p>\n","protected":false},"excerpt":{"rendered":"La station du m\u00e9tro B \u00e0 Saint-Genis-Laval. (@Vincent Guiraud) Des essais n\u00e9cessitent l&rsquo;interruption de la circulation du m\u00e9tro&hellip;\n","protected":false},"author":2,"featured_media":342850,"comment_status":"","ping_status":"","sticky":false,"template":"","format":"standard","meta":{"footnotes":""},"categories":[1889],"tags":[1111,11,2430,1777,674,1011,27,2428,12,25],"class_list":{"0":"post-342849","1":"post","2":"type-post","3":"status-publish","4":"format-standard","5":"has-post-thumbnail","7":"category-lyon","8":"tag-actu","9":"tag-actualites","10":"tag-auvergne-rhone-alpes","11":"tag-eu","12":"tag-europe","13":"tag-fr","14":"tag-france","15":"tag-lyon","16":"tag-news","17":"tag-republique-francaise"},"share_on_mastodon":{"url":"https:\/\/pubeurope.com\/@fr\/115089530655585769","error":""},"_links":{"self":[{"href":"https:\/\/www.europesays.com\/fr\/wp-json\/wp\/v2\/posts\/342849","targetHints":{"allow":["GET"]}}],"collection":[{"href":"https:\/\/www.europesays.com\/fr\/wp-json\/wp\/v2\/posts"}],"about":[{"href":"https:\/\/www.europesays.com\/fr\/wp-json\/wp\/v2\/types\/post"}],"author":[{"embeddable":true,"href":"https:\/\/www.europesays.com\/fr\/wp-json\/wp\/v2\/users\/2"}],"replies":[{"embeddable":true,"href":"https:\/\/www.europesays.com\/fr\/wp-json\/wp\/v2\/comments?post=342849"}],"version-history":[{"count":0,"href":"https:\/\/www.europesays.com\/fr\/wp-json\/wp\/v2\/posts\/342849\/revisions"}],"wp:featuredmedia":[{"embeddable":true,"href":"https:\/\/www.europesays.com\/fr\/wp-json\/wp\/v2\/media\/342850"}],"wp:attachment":[{"href":"https:\/\/www.europesays.com\/fr\/wp-json\/wp\/v2\/media?parent=342849"}],"wp:term":[{"taxonomy":"category","embeddable":true,"href":"https:\/\/www.europesays.com\/fr\/wp-json\/wp\/v2\/categories?post=342849"},{"taxonomy":"post_tag","embeddable":true,"href":"https:\/\/www.europesays.com\/fr\/wp-json\/wp\/v2\/tags?post=342849"}],"curies":[{"name":"wp","href":"https:\/\/api.w.org\/{rel}","templated":true}]}}