{"id":342871,"date":"2025-08-25T13:14:09","date_gmt":"2025-08-25T13:14:09","guid":{"rendered":"https:\/\/www.europesays.com\/fr\/342871\/"},"modified":"2025-08-25T13:14:09","modified_gmt":"2025-08-25T13:14:09","slug":"en-2024-lue-a-augmente-de-34-ses-depenses-publiques-a-la-rd","status":"publish","type":"post","link":"https:\/\/www.europesays.com\/fr\/342871\/","title":{"rendered":"En 2024, l\u2019UE a augment\u00e9 de 3,4 % ses d\u00e9penses publiques \u00e0 la R&#038;D,&#8230;"},"content":{"rendered":"<p>En 2024, les d\u00e9penses publiques moyennes de l\u2019Union europ\u00e9enne pour la R&amp;D s\u2019\u00e9levaient \u00e0 284,7\u00a0euros par habitant, soit une augmentation de 57\u00a0% par rapport \u00e0 2014 (181,3\u00a0euros par habitant). Non loin de cette moyenne europ\u00e9enne, la France se situe en 9e position, selon les donn\u00e9es d\u2019Eurostat publi\u00e9es fin juillet\u00a02025. Au total, en 2024, 128\u00a0Md\u20ac d\u2019argent public ont \u00e9t\u00e9 d\u00e9di\u00e9s \u00e0 la R&amp;D dans l\u2019UE, soit 0,71\u00a0% du PIB. Ce qui repr\u00e9sente une augmentation de 3,4\u00a0% par rapport \u00e0 l\u2019ann\u00e9e pr\u00e9c\u00e9dente.\t\t\t\t\t<\/p>\n<p><b>Cette d\u00e9p\u00eache est r\u00e9serv\u00e9e aux abonn\u00e9s<\/b><\/p>\n<p>Il vous reste 84 % de cette d\u00e9p\u00eache \u00e0 d\u00e9couvrir.<\/p>\n<p><\/p>\n<ul>\n<li>Retrouver l\u2019int\u00e9gralit\u00e9 de cette d\u00e9p\u00eache et tous les contenus de la m\u00eame th\u00e9matique<\/li>\n<li>Toute l\u2019actualit\u00e9 strat\u00e9gique d\u00e9crypt\u00e9e par nos journalistes experts<\/li>\n<li>Information fiable, neutre et r\u00e9active<\/li>\n<li>R\u00e9ception par email personnalisable<\/li>\n<\/ul>\n<p>\n\t\t\t\t\t\t\t\t\tTESTER GRATUITEMENT PENDANT 1 MOIS\n\t\t\t\t\t\t\t\t<\/p>\n<p>\t\t\t\t\t\t\t\tTest gratuit et sans engagement<\/p>\n<p>\n\t\t\t\t\t\t\t\t\tD\u00e9j\u00e0 abonn\u00e9(e) ? Je me connecte\n\t\t\t\t\t\t\t\t<\/p>\n","protected":false},"excerpt":{"rendered":"En 2024, les d\u00e9penses publiques moyennes de l\u2019Union europ\u00e9enne pour la R&amp;D s\u2019\u00e9levaient \u00e0 284,7\u00a0euros par habitant, soit&hellip;\n","protected":false},"author":2,"featured_media":342872,"comment_status":"","ping_status":"","sticky":false,"template":"","format":"standard","meta":{"footnotes":""},"categories":[1586],"tags":[11,1777,674,1779,1011,27,12,25,1778,364],"class_list":{"0":"post-342871","1":"post","2":"type-post","3":"status-publish","4":"format-standard","5":"has-post-thumbnail","7":"category-europe","8":"tag-actualites","9":"tag-eu","10":"tag-europe","11":"tag-european-union","12":"tag-fr","13":"tag-france","14":"tag-news","15":"tag-republique-francaise","16":"tag-ue","17":"tag-union-europeenne"},"share_on_mastodon":{"url":"https:\/\/pubeurope.com\/@fr\/115089589163632126","error":""},"_links":{"self":[{"href":"https:\/\/www.europesays.com\/fr\/wp-json\/wp\/v2\/posts\/342871","targetHints":{"allow":["GET"]}}],"collection":[{"href":"https:\/\/www.europesays.com\/fr\/wp-json\/wp\/v2\/posts"}],"about":[{"href":"https:\/\/www.europesays.com\/fr\/wp-json\/wp\/v2\/types\/post"}],"author":[{"embeddable":true,"href":"https:\/\/www.europesays.com\/fr\/wp-json\/wp\/v2\/users\/2"}],"replies":[{"embeddable":true,"href":"https:\/\/www.europesays.com\/fr\/wp-json\/wp\/v2\/comments?post=342871"}],"version-history":[{"count":0,"href":"https:\/\/www.europesays.com\/fr\/wp-json\/wp\/v2\/posts\/342871\/revisions"}],"wp:featuredmedia":[{"embeddable":true,"href":"https:\/\/www.europesays.com\/fr\/wp-json\/wp\/v2\/media\/342872"}],"wp:attachment":[{"href":"https:\/\/www.europesays.com\/fr\/wp-json\/wp\/v2\/media?parent=342871"}],"wp:term":[{"taxonomy":"category","embeddable":true,"href":"https:\/\/www.europesays.com\/fr\/wp-json\/wp\/v2\/categories?post=342871"},{"taxonomy":"post_tag","embeddable":true,"href":"https:\/\/www.europesays.com\/fr\/wp-json\/wp\/v2\/tags?post=342871"}],"curies":[{"name":"wp","href":"https:\/\/api.w.org\/{rel}","templated":true}]}}