{"id":342882,"date":"2025-08-25T13:21:11","date_gmt":"2025-08-25T13:21:11","guid":{"rendered":"https:\/\/www.europesays.com\/fr\/342882\/"},"modified":"2025-08-25T13:21:11","modified_gmt":"2025-08-25T13:21:11","slug":"us-open-h-blanchet-un-sentiment-incroyable","status":"publish","type":"post","link":"https:\/\/www.europesays.com\/fr\/342882\/","title":{"rendered":"US Open (H) &#8211; Blanchet : \u00ab Un sentiment incroyable \u00bb"},"content":{"rendered":"<p class=\"date\">\n                                                            Emmanuel LANGELLIER, Media365 : publi\u00e9 le lundi 25 ao\u00fbt 2025 \u00e0 10h45\n                                                    <\/p>\n<p>Vainqueur du premier match de sa carri\u00e8re en Grand Chelem, Ugo Blanchet, 184e joueur mondial, savourait logiquement son succ\u00e8s aux d\u00e9pens de Fabian Marozsan (53e).<\/p>\n<p>Enfin ! \u00c0 26 ans, Ugo Blanchet a enfin remport\u00e9 son premier match dans le tableau principal d&rsquo;un Grand Chelem. Issu des qualifications, le 184e joueur mondial a confirm\u00e9 sa belle tenue \u00e0 New York en \u00e9jectant le Hongrois Fabian Marozsan, 53e au classement ATP, au premier tour de l&rsquo;US Open, dimanche. <a href=\"https:\/\/sports.orange.fr\/tennis\/us-open\/article\/us-open-h-blanchet-domine-marozsan-et-passe-le-premier-tour-CNT000002kkmBs.html\" rel=\"nofollow noopener\" target=\"_blank\"> Un succ\u00e8s en 4 sets (6-4, 3-6, 7-6, 6-2) <\/a> qui n&rsquo;a pas \u00e9t\u00e9 suivi d&rsquo;une effusion de joie. Blanchet a savour\u00e9 tout en retenue. \u00ab On est tous dans le m\u00eame bateau, ce n&rsquo;est pas facile \u00e0 accepter de perdre donc j&rsquo;essaye d&rsquo;\u00e9viter de crier sur l&rsquo;autre \u00bb, a confi\u00e9 celui qui s&rsquo;est tourn\u00e9 vers son clan avec le poing serr\u00e9, satisfait de sa performance d&rsquo;envergure d\u00e8s le premier jour du dernier Majeur de la saison tennistique.<\/p>\n<p>Blanchet : \u00ab Le chemin a \u00e9t\u00e9 long \u00bb<\/p>\n<p>\u00c7a y est, il le tient son premier succ\u00e8s dans un des plus grands tournois du monde. \u00ab Le chemin a \u00e9t\u00e9 long \u00bb, a avou\u00e9 Ugo Blanchet qui avait pris la porte d&rsquo;entr\u00e9e \u00e0 Roland-Garros, fin mai, sorti par son compatriote Hugo Gaston. \u00ab C&rsquo;est vraiment un sentiment incroyable. \u00c7a fait un moment que je pense \u00eatre capable de rivaliser avec ces joueurs. L&rsquo;ann\u00e9e derni\u00e8re, certainement que j&rsquo;en faisais trop avec l&rsquo;\u00e9v\u00e9nement Grand Chelem. Cette ann\u00e9e, Roland-Garros m&rsquo;a permis de le d\u00e9sacraliser. \u00bb<\/p>\n<p>\u00ab Je n&rsquo;\u00e9tais pas autonome financi\u00e8rement \u00bb<\/p>\n<p>Le 184e joueur de la plan\u00e8te a franchi le cap tant esp\u00e9r\u00e9, lui qui \u00e9tait \u00e0 peine dans le top 900 il y a 4 ans et <a href=\"https:\/\/sports.orange.fr\/tennis\/us-open\/article\/us-open-h-qui-est-blanchet-le-seul-francais-rescape-des-qualifications-exclu-CNT000002kjLtm.html\" rel=\"nofollow noopener\" target=\"_blank\"> gal\u00e9rait aussi bien raquette en main que financi\u00e8rement <\/a>. \u00ab Je n&rsquo;\u00e9tais pas autonome financi\u00e8rement. \u00c0 un moment, je suis all\u00e9 voir mes parents en leur disant :\u00a0\u00bbJe pense qu&rsquo;on va arr\u00eater les frais pour vous.\u00a0\u00bb C&rsquo;\u00e9tait le moment pour eux de profiter de la vie, ils avaient beaucoup sacrifi\u00e9 pour moi, raconte-t-il. Mais ils m&rsquo;ont dit que ce n&rsquo;\u00e9tait pas un souci pour eux de continuer \u00e0 me soutenir si je prenais du plaisir. \u00bb Et le voil\u00e0 au 2e tour de l&rsquo;US Open qui le verra d\u00e9fier le 16e mondial, le redoutable tch\u00e8que Jakub Mensik.<\/p>\n","protected":false},"excerpt":{"rendered":"Emmanuel LANGELLIER, Media365 : publi\u00e9 le lundi 25 ao\u00fbt 2025 \u00e0 10h45 Vainqueur du premier match de sa&hellip;\n","protected":false},"author":2,"featured_media":342883,"comment_status":"","ping_status":"","sticky":false,"template":"","format":"standard","meta":{"footnotes":""},"categories":[1415],"tags":[1011,27,60,1467],"class_list":{"0":"post-342882","1":"post","2":"type-post","3":"status-publish","4":"format-standard","5":"has-post-thumbnail","7":"category-tennis","8":"tag-fr","9":"tag-france","10":"tag-sports","11":"tag-tennis"},"share_on_mastodon":{"url":"https:\/\/pubeurope.com\/@fr\/115089616659470558","error":""},"_links":{"self":[{"href":"https:\/\/www.europesays.com\/fr\/wp-json\/wp\/v2\/posts\/342882","targetHints":{"allow":["GET"]}}],"collection":[{"href":"https:\/\/www.europesays.com\/fr\/wp-json\/wp\/v2\/posts"}],"about":[{"href":"https:\/\/www.europesays.com\/fr\/wp-json\/wp\/v2\/types\/post"}],"author":[{"embeddable":true,"href":"https:\/\/www.europesays.com\/fr\/wp-json\/wp\/v2\/users\/2"}],"replies":[{"embeddable":true,"href":"https:\/\/www.europesays.com\/fr\/wp-json\/wp\/v2\/comments?post=342882"}],"version-history":[{"count":0,"href":"https:\/\/www.europesays.com\/fr\/wp-json\/wp\/v2\/posts\/342882\/revisions"}],"wp:featuredmedia":[{"embeddable":true,"href":"https:\/\/www.europesays.com\/fr\/wp-json\/wp\/v2\/media\/342883"}],"wp:attachment":[{"href":"https:\/\/www.europesays.com\/fr\/wp-json\/wp\/v2\/media?parent=342882"}],"wp:term":[{"taxonomy":"category","embeddable":true,"href":"https:\/\/www.europesays.com\/fr\/wp-json\/wp\/v2\/categories?post=342882"},{"taxonomy":"post_tag","embeddable":true,"href":"https:\/\/www.europesays.com\/fr\/wp-json\/wp\/v2\/tags?post=342882"}],"curies":[{"name":"wp","href":"https:\/\/api.w.org\/{rel}","templated":true}]}}