{"id":342884,"date":"2025-08-25T13:22:15","date_gmt":"2025-08-25T13:22:15","guid":{"rendered":"https:\/\/www.europesays.com\/fr\/342884\/"},"modified":"2025-08-25T13:22:15","modified_gmt":"2025-08-25T13:22:15","slug":"air-france-transporteur-officiel-des-equipes-de-france","status":"publish","type":"post","link":"https:\/\/www.europesays.com\/fr\/342884\/","title":{"rendered":"Air France transporteur officiel des \u00c9quipes de France"},"content":{"rendered":"<p>Un an apr\u00e8s les Jeux Olympiques et Paralympiques de Paris 2024 &#8211; dont Air France \u00e9tait partenaire officiel, ce nouvel accord vient souligner l\u2019attachement de la compagnie aux valeurs du sport et sa volont\u00e9 de soutenir les athl\u00e8tes tricolores. Une nouvelle occasion de porter haut les couleurs de la France et d\u2019accompagner les plus grands talents de la discipline qui \u00e9voluent dans les plus grandes \u00e9quipes mondiales.<\/p>\n<p>Habitu\u00e9e \u00e0 transporter des d\u00e9l\u00e9gations sportives et leurs \u00e9quipements, Air France met \u00e0 nouveau tout son savoir-faire au service des Bleu(e)s. L\u2019\u00c9quipe de France masculine a d\u2019ores et d\u00e9j\u00e0 pris son envol \u00e0 bord d\u2019Air France en pr\u00e9vision du match qu\u2019elle disputera en Pologne le 28 ao\u00fbt prochain lors de l\u2019EuroBasket.<\/p>\n<p>\u00a0<\/p>\n<p><img decoding=\"async\" title=\"\u00a9\" src=\"https:\/\/www.europesays.com\/fr\/wp-content\/uploads\/2025\/08\/336c28a2-5745-4000-9813-a35957c9e585.jpg\" alt=\"\u00a9\" data-asset-id=\"336c28a2-5745-4000-9813-a35957c9e585\"\/><\/p>\n<p>\u00a9<\/p>\n<p>\u00a0<\/p>\n<p>Ce partenariat d\u00e9bute \u00e0 un moment cl\u00e9, \u00e0 quelques jours seulement du coup d\u2019envoi de la 42e \u00e9dition de l\u2019EuroBasket, le Championnat d\u2019Europe masculin de basketball, qui se tiendra en Lettonie, \u00e0 Chypre, en Finlande et en Pologne du 27 ao\u00fbt au 14 septembre 2025. Pour l\u2019\u00c9quipe de France f\u00e9minine, la prochaine \u00e9ch\u00e9ance internationale n\u2019est autre que la Coupe du Monde de basketball, qui se tiendra en Allemagne du 4 au 13 septembre 2026.<\/p>\n<p>Dans le cadre de ce partenariat, les clients voyageant \u00e0 bord des vols long-courrier d\u2019Air France pourront prochainement d\u00e9couvrir une s\u00e9lection de contenus vid\u00e9o produits par la F\u00e9d\u00e9ration Fran\u00e7aise de BasketBall. Au programme : coulisses des entra\u00eenements et des comp\u00e9titions, portraits de joueuses et joueurs, moments forts&#8230; L\u2019occasion pour les fans comme pour les n\u00e9ophytes de plonger dans l\u2019univers du basketball fran\u00e7ais, \u00e0 10 000 m\u00e8tres au-dessus des terrains.<\/p>\n<p><strong>Fabien Pelous, Directeur de l\u2019Exp\u00e9rience Client, Air France<\/strong><br \/>\u00ab Dans la continuit\u00e9 de l\u2019accueil r\u00e9serv\u00e9 aux athl\u00e8tes et aux supporters lors des Jeux de Paris 2024, nous sommes tr\u00e8s fiers d\u2019accompagner l\u2019\u00e9quipe de France de basketball pour les deux prochaines ann\u00e9es, qui s\u2019annoncent riches en d\u00e9fis. Les sportifs tricolores sont des ambassadeurs de notre pays et les accompagner sur la sc\u00e8ne internationale s\u2019inscrit parfaitement dans notre volont\u00e9 de faire rayonner le meilleur de la France \u00e0 travers le monde. \u00bb<\/p>\n<p><strong>Jean-Pierre Hunckler (Pr\u00e9sident de la F\u00e9d\u00e9ration Fran\u00e7aise de BasketBall)<\/strong><br \/>\u00ab Je suis tr\u00e8s heureux d\u2019accueillir Air France en tant que transporteur officiel de nos \u00c9quipes de France de basketball. Gr\u00e2ce \u00e0 la qualit\u00e9 des services de cette compagnie et au professionnalisme de ses personnels, nos joueuses et joueurs pourront, j\u2019en suis persuad\u00e9, voyager dans les meilleures conditions pour d\u00e9fendre les couleurs de la France partout dans le monde \u00bb<\/p>\n<p> <img decoding=\"async\" title=\"\u00a9\" src=\"https:\/\/www.europesays.com\/fr\/wp-content\/uploads\/2025\/08\/e1e34604-526b-4d68-8fc4-961d30f9d71e.jpg\" alt=\"\u00a9\" data-asset-id=\"e1e34604-526b-4d68-8fc4-961d30f9d71e\"\/><\/p>\n<p>\u00a9<\/p>\n<p>\u00a0<\/p>\n","protected":false},"excerpt":{"rendered":"Un an apr\u00e8s les Jeux Olympiques et Paralympiques de Paris 2024 &#8211; dont Air France \u00e9tait partenaire officiel,&hellip;\n","protected":false},"author":2,"featured_media":342885,"comment_status":"","ping_status":"","sticky":false,"template":"","format":"standard","meta":{"footnotes":""},"categories":[1414],"tags":[1465,1464,1011,27,60],"class_list":{"0":"post-342884","1":"post","2":"type-post","3":"status-publish","4":"format-standard","5":"has-post-thumbnail","7":"category-basket","8":"tag-basket","9":"tag-basketball","10":"tag-fr","11":"tag-france","12":"tag-sports"},"share_on_mastodon":{"url":"https:\/\/pubeurope.com\/@fr\/115089620671003837","error":""},"_links":{"self":[{"href":"https:\/\/www.europesays.com\/fr\/wp-json\/wp\/v2\/posts\/342884","targetHints":{"allow":["GET"]}}],"collection":[{"href":"https:\/\/www.europesays.com\/fr\/wp-json\/wp\/v2\/posts"}],"about":[{"href":"https:\/\/www.europesays.com\/fr\/wp-json\/wp\/v2\/types\/post"}],"author":[{"embeddable":true,"href":"https:\/\/www.europesays.com\/fr\/wp-json\/wp\/v2\/users\/2"}],"replies":[{"embeddable":true,"href":"https:\/\/www.europesays.com\/fr\/wp-json\/wp\/v2\/comments?post=342884"}],"version-history":[{"count":0,"href":"https:\/\/www.europesays.com\/fr\/wp-json\/wp\/v2\/posts\/342884\/revisions"}],"wp:featuredmedia":[{"embeddable":true,"href":"https:\/\/www.europesays.com\/fr\/wp-json\/wp\/v2\/media\/342885"}],"wp:attachment":[{"href":"https:\/\/www.europesays.com\/fr\/wp-json\/wp\/v2\/media?parent=342884"}],"wp:term":[{"taxonomy":"category","embeddable":true,"href":"https:\/\/www.europesays.com\/fr\/wp-json\/wp\/v2\/categories?post=342884"},{"taxonomy":"post_tag","embeddable":true,"href":"https:\/\/www.europesays.com\/fr\/wp-json\/wp\/v2\/tags?post=342884"}],"curies":[{"name":"wp","href":"https:\/\/api.w.org\/{rel}","templated":true}]}}