{"id":342886,"date":"2025-08-25T13:23:10","date_gmt":"2025-08-25T13:23:10","guid":{"rendered":"https:\/\/www.europesays.com\/fr\/342886\/"},"modified":"2025-08-25T13:23:10","modified_gmt":"2025-08-25T13:23:10","slug":"je-suis-super-content-de-rester-ici","status":"publish","type":"post","link":"https:\/\/www.europesays.com\/fr\/342886\/","title":{"rendered":"\u00ab Je suis super content de rester ici \u00bb"},"content":{"rendered":"<p>&#13;<\/p>\n<p><strong>Manuel Gonzalez a laiss\u00e9 entendre dimanche en Hongrie qu\u2019il continuerait avec l\u2019\u00e9quipe IntactGP en 2026, malgr\u00e9 les opportunit\u00e9s pour monter en MotoGP.<\/strong><\/p>\n<p>\u00ab\u2009Je pense que je vais rester avec l\u2019\u00e9quipe, a confi\u00e9 Manuel Gonzalez, apr\u00e8s avoir termin\u00e9 troisi\u00e8me du GP de Hongrie. Je suis super content de rester ici. Chaque fois que tu peux te battre pour la victoire, c\u2019est toujours positif. On a essay\u00e9 d\u2019aller en MotoGP, mais ce n\u2019est pas facile (\u2026) Je serai donc pr\u00eat \u00e0 affronter tout ce que l\u2019avenir me r\u00e9serve, et il semble que je vais continuer avec l\u2019\u00e9quipe. Cela me r\u00e9jouit, alors continuons \u00e0 nous battre et \u00e0 viser un nouveau championnat.\u2009\u00bb<\/p>\n<p>Le pilote espagnol, actuellement en lice pour le titre\u00a0Moto2, affirme garder la t\u00eate froide malgr\u00e9 les discussions en coulisses\u00a0: \u00ab\u2009Depuis un an, apr\u00e8s cette petite opportunit\u00e9 avec Gresini qui n\u2019a pas abouti, ma mentalit\u00e9 a chang\u00e9. J\u2019ai d\u00e9cid\u00e9 de me concentrer \u00e0 100\u00a0% sur ce que j\u2019ai entre les mains.\u2009\u00bb<\/p>\n<p>Depuis, il se focalise uniquement sur la performance en piste\u00a0: \u00ab\u2009J\u2019essaie juste d\u2019aller vite, de gagner des courses et de devenir un meilleur pilote. M\u00eame si je devais rester encore un an ici, je pousserais pour gagner le championnat. Je me battrai toujours pour le championnat\u2026 Les choses qui ne d\u00e9pendent pas de moi, je ne peux pas trop y penser, donc bien s\u00fbr, je dois r\u00e9fl\u00e9chir \u00e0 cela, car c\u2019est mon r\u00eave d\u2019y aller, mais comme je l\u2019ai dit, m\u00eame si j\u2019avais \u00e0 nouveau une 300, je ferais tout pour remporter le championnat, et si je passe en MotoGP, je donnerai \u00e0 nouveau mon maximum, donc je vais simplement faire de mon mieux avec ce que j\u2019ai.\u2009\u00bb<\/p>\n<p>Voil\u00e0 qui permettrait \u00e0 Jack Miller de prolonger avec l\u2019\u00e9quipe Pramac. Rien d\u2019officiel, mais tout semble indiquer que l\u2019Australien restera en MotoGP en 2026. \u00ab\u2009Nous verrons comment cela \u00e9voluera au cours des prochaines semaines,\u2009\u00bb a l\u00e2ch\u00e9 Miller \u00e0 la fin de son point presse dimanche.<\/p>\n<p>Photo\u00a0: Intact GP (\u00a9 R.Lekl)<\/p>\n<p>&#13;<br \/>\n           &#13;<br \/>\n&#13;<br \/>\n    &#13;<br \/>\n    &#13;<\/p>\n","protected":false},"excerpt":{"rendered":"&#13; Manuel Gonzalez a laiss\u00e9 entendre dimanche en Hongrie qu\u2019il continuerait avec l\u2019\u00e9quipe IntactGP en 2026, malgr\u00e9 les&hellip;\n","protected":false},"author":2,"featured_media":342887,"comment_status":"","ping_status":"","sticky":false,"template":"","format":"standard","meta":{"footnotes":""},"categories":[1413],"tags":[1011,27,1457,1456,60],"class_list":{"0":"post-342886","1":"post","2":"type-post","3":"status-publish","4":"format-standard","5":"has-post-thumbnail","7":"category-moto","8":"tag-fr","9":"tag-france","10":"tag-moto","11":"tag-motocycle","12":"tag-sports"},"share_on_mastodon":{"url":"https:\/\/pubeurope.com\/@fr\/115089624509172513","error":""},"_links":{"self":[{"href":"https:\/\/www.europesays.com\/fr\/wp-json\/wp\/v2\/posts\/342886","targetHints":{"allow":["GET"]}}],"collection":[{"href":"https:\/\/www.europesays.com\/fr\/wp-json\/wp\/v2\/posts"}],"about":[{"href":"https:\/\/www.europesays.com\/fr\/wp-json\/wp\/v2\/types\/post"}],"author":[{"embeddable":true,"href":"https:\/\/www.europesays.com\/fr\/wp-json\/wp\/v2\/users\/2"}],"replies":[{"embeddable":true,"href":"https:\/\/www.europesays.com\/fr\/wp-json\/wp\/v2\/comments?post=342886"}],"version-history":[{"count":0,"href":"https:\/\/www.europesays.com\/fr\/wp-json\/wp\/v2\/posts\/342886\/revisions"}],"wp:featuredmedia":[{"embeddable":true,"href":"https:\/\/www.europesays.com\/fr\/wp-json\/wp\/v2\/media\/342887"}],"wp:attachment":[{"href":"https:\/\/www.europesays.com\/fr\/wp-json\/wp\/v2\/media?parent=342886"}],"wp:term":[{"taxonomy":"category","embeddable":true,"href":"https:\/\/www.europesays.com\/fr\/wp-json\/wp\/v2\/categories?post=342886"},{"taxonomy":"post_tag","embeddable":true,"href":"https:\/\/www.europesays.com\/fr\/wp-json\/wp\/v2\/tags?post=342886"}],"curies":[{"name":"wp","href":"https:\/\/api.w.org\/{rel}","templated":true}]}}