{"id":342888,"date":"2025-08-25T13:24:09","date_gmt":"2025-08-25T13:24:09","guid":{"rendered":"https:\/\/www.europesays.com\/fr\/342888\/"},"modified":"2025-08-25T13:24:09","modified_gmt":"2025-08-25T13:24:09","slug":"le-jeune-prodige-oliver-allam-met-le-cap-sur-chypre","status":"publish","type":"post","link":"https:\/\/www.europesays.com\/fr\/342888\/","title":{"rendered":"le jeune prodige Oliver Allam met le cap sur Chypre"},"content":{"rendered":"<p><b>Le pilote libanais de 16 ans pr\u00e9pare sa premi\u00e8re exp\u00e9rience internationale, avec un objectif clair: briller \u00e0 Nicosie et franchir un cap vers les grandes comp\u00e9titions.<\/p>\n<p>\u00a0<br \/>\n<\/b><\/p>\n<p>Le jeune pilote de karting Oliver Allam (16 ans) s\u2019appr\u00eate \u00e0 vivre un tournant majeur dans sa jeune carri\u00e8re. Le Libanais participera \u00e0 un premier rendez-vous international sur la c\u00e9l\u00e8bre piste Daytona, \u00e0 Nicosie, Chypre, du 5 au 7 septembre 2025.<\/p>\n<p><strong>Premi\u00e8re \u00e9tape \u00e0 l\u2019international<\/strong><\/p>\n<p>Ce sera une grande premi\u00e8re pour le talentueux pilote, form\u00e9 depuis 2018 et d\u00e9j\u00e0 consid\u00e9r\u00e9 comme l\u2019un des espoirs du karting libanais. La comp\u00e9tition d\u00e9butera par deux journ\u00e9es d\u2019essais intensifs, les 5 et 6 septembre, avant le grand d\u00e9part de la course officielle, le dimanche 7 septembre.<\/p>\n<p><strong>Des pr\u00e9paratifs millim\u00e9tr\u00e9s<\/strong><\/p>\n<p>Allam, qui s\u2019entra\u00eene sur le circuit RPM de Mtein, affine ses r\u00e9glages au volant de son X30 Senior, un kart surpuissant de 30 chevaux. Objectif: se hisser parmi les meilleurs pour sa premi\u00e8re sortie hors du Liban.<\/p>\n<p>\u00abJe veux arriver pr\u00eat et me mesurer aux meilleurs pilotes de la r\u00e9gion. Les essais seront essentiels pour m\u2019adapter rapidement au trac\u00e9 et \u00e0 la concurrence\u00bb, explique Oliver avec d\u00e9termination.<\/p>\n<p><strong>Une saison 2025-2026 d\u00e9j\u00e0 charg\u00e9e<\/strong><\/p>\n<p>L\u2019ann\u00e9e s\u2019annonce intense pour le jeune pilote. D\u00e9j\u00e0 vice-champion du Liban en cat\u00e9gorie IAME (15 ans et plus) en 2025, Oliver va d\u00e9sormais \u00e9largir son horizon:<\/p>\n<ul>\n<li>Chypre en septembre.<\/li>\n<li>Championnat des \u00c9mirats arabes unis, qui comptera 12 \u00e9tapes, \u00e0 partir du Grand Prix de Ras el-Khaimah, du 3 au 5 octobre 2025.<\/li>\n<li>\u00c9ventuelles participations \u00e0 des courses en Europe pour engranger de l\u2019exp\u00e9rience.<\/li>\n<\/ul>\n<p>\u00abJ\u2019ai beaucoup appris au Liban, mais la comp\u00e9tition internationale est un passage oblig\u00e9 pour progresser. Mon objectif est clair: viser, \u00e0 terme, le monde de la Formule 1\u00bb, confie Oliver, les yeux d\u00e9j\u00e0 tourn\u00e9s vers l\u2019avenir.<\/p>\n<p><strong>Le karting, antichambre de la Formule 1<\/strong><\/p>\n<p>\u00c0 titre de rappel, le karting est la discipline de base de presque tous les grands pilotes de Formule 1, de Lewis Hamilton \u00e0 Max Verstappen. Il forge les r\u00e9flexes, la ma\u00eetrise des trajectoires et la gestion de la vitesse. Cette \u00e9cole de pilotage permet aux talents pr\u00e9coces de se faire remarquer sur la sc\u00e8ne internationale.<\/p>\n<p><strong>Des sponsors d\u00e9j\u00e0 au rendez-vous<\/strong><\/p>\n<p>Soutenu par quelques sponsors, dont l\u2019association YASA, Oliver sait qu\u2019il peut compter sur un entourage solide pour l\u2019accompagner dans sa mont\u00e9e en puissance.<\/p>\n<p>\u00abJe remercie mes sponsors pour leur confiance. Sans eux, cette aventure ne serait pas possible, souligne-t-il.<\/p>\n","protected":false},"excerpt":{"rendered":"Le pilote libanais de 16 ans pr\u00e9pare sa premi\u00e8re exp\u00e9rience internationale, avec un objectif clair: briller \u00e0 Nicosie&hellip;\n","protected":false},"author":2,"featured_media":342889,"comment_status":"","ping_status":"","sticky":false,"template":"","format":"standard","meta":{"footnotes":""},"categories":[1412],"tags":[1451,1452,1453,1454,1455,1011,27,60],"class_list":{"0":"post-342888","1":"post","2":"type-post","3":"status-publish","4":"format-standard","5":"has-post-thumbnail","7":"category-f1","8":"tag-f1","9":"tag-formula-1","10":"tag-formula1","11":"tag-formule-1","12":"tag-formule1","13":"tag-fr","14":"tag-france","15":"tag-sports"},"share_on_mastodon":{"url":"https:\/\/pubeurope.com\/@fr\/115089628520213001","error":""},"_links":{"self":[{"href":"https:\/\/www.europesays.com\/fr\/wp-json\/wp\/v2\/posts\/342888","targetHints":{"allow":["GET"]}}],"collection":[{"href":"https:\/\/www.europesays.com\/fr\/wp-json\/wp\/v2\/posts"}],"about":[{"href":"https:\/\/www.europesays.com\/fr\/wp-json\/wp\/v2\/types\/post"}],"author":[{"embeddable":true,"href":"https:\/\/www.europesays.com\/fr\/wp-json\/wp\/v2\/users\/2"}],"replies":[{"embeddable":true,"href":"https:\/\/www.europesays.com\/fr\/wp-json\/wp\/v2\/comments?post=342888"}],"version-history":[{"count":0,"href":"https:\/\/www.europesays.com\/fr\/wp-json\/wp\/v2\/posts\/342888\/revisions"}],"wp:featuredmedia":[{"embeddable":true,"href":"https:\/\/www.europesays.com\/fr\/wp-json\/wp\/v2\/media\/342889"}],"wp:attachment":[{"href":"https:\/\/www.europesays.com\/fr\/wp-json\/wp\/v2\/media?parent=342888"}],"wp:term":[{"taxonomy":"category","embeddable":true,"href":"https:\/\/www.europesays.com\/fr\/wp-json\/wp\/v2\/categories?post=342888"},{"taxonomy":"post_tag","embeddable":true,"href":"https:\/\/www.europesays.com\/fr\/wp-json\/wp\/v2\/tags?post=342888"}],"curies":[{"name":"wp","href":"https:\/\/api.w.org\/{rel}","templated":true}]}}