{"id":342890,"date":"2025-08-25T13:25:18","date_gmt":"2025-08-25T13:25:18","guid":{"rendered":"https:\/\/www.europesays.com\/fr\/342890\/"},"modified":"2025-08-25T13:25:18","modified_gmt":"2025-08-25T13:25:18","slug":"plusieurs-velos-de-lequipe-visma-lease-a-bike-de-jonas-vingegaard-voles-puis-retrouves","status":"publish","type":"post","link":"https:\/\/www.europesays.com\/fr\/342890\/","title":{"rendered":"plusieurs v\u00e9los de l&rsquo;\u00e9quipe Visma-Lease a Bike de Jonas Vingegaard vol\u00e9s puis retrouv\u00e9s"},"content":{"rendered":"\n<p class=\"c-chapo \">\n  L&rsquo;\u00e9quipe du leader de la course, Jonas Vingegaard, a annonc\u00e9 la nouvelle au matin de la 3e \u00e9tape, lundi. Une partie des montures a \u00e9t\u00e9 retrouv\u00e9e dans des buissons.\n<\/p>\n<p>            lire plus tard<\/p>\n<p id=\"dialog__title\" class=\"dialog__title\">Pour sauvegarder cet article, connectez-vous ou cr\u00e9ez un compte franceinfo<\/p>\n<p class=\"dialog__description\">Sans paiement. Sans abonnement.<\/p>\n<p>        Fermer la fen\u00eatre d\u2019activation des notifications France Info<\/p>\n<p>            cr\u00e9er votre compte<\/p>\n<p>            se connecter<\/p>\n<p>        Fermer la fen\u00eatre de pr\u00e9sentation<\/p>\n<p>    <img loading=\"lazy\" decoding=\"async\" class=\"signature__image lazyload\" width=\"100\" height=\"100\" data- alt=\"\" src=\"https:\/\/www.europesays.com\/fr\/wp-content\/uploads\/2025\/07\/logosport-fond-blanc-68664bf99f8a0368288482.jpg\"\/><\/p>\n<p>          France T\u00e9l\u00e9visions &#8211; R\u00e9daction Sport<\/p>\n<p>    Publi\u00e9 le 25\/08\/2025 13:53<\/p>\n<p>        Temps de lecture : 1min<\/p>\n<p>    <img decoding=\"async\"  alt=\"Jonas Vingegaard apr\u00e8s la deuxi\u00e8me \u00e9tape de la Vuelta, \u00e0 Limone Piemonte (Italie), le 24 ao\u00fbt 2025. (MARCO BERTORELLO \/ AFP)\" width=\"432\" height=\"243\" src=\"https:\/\/www.europesays.com\/fr\/wp-content\/uploads\/2025\/08\/000-72cb4w4-2-68ac4abc852e6047315800.jpg\" fetchpriority=\"high\"\/><\/p>\n<p>      Jonas Vingegaard apr\u00e8s la deuxi\u00e8me \u00e9tape de la Vuelta, \u00e0 Limone Piemonte (Italie), le 24 ao\u00fbt 2025. (MARCO BERTORELLO \/ AFP)<\/p>\n<p>\u00ab\u00a0Cette nuit, le camion de nos m\u00e9caniciens a \u00e9t\u00e9 cambriol\u00e9 et plusieurs v\u00e9los ont \u00e9t\u00e9 vol\u00e9s\u00a0\u00bb. Quelques heures apr\u00e8s la <a href=\"https:\/\/www.franceinfo.fr\/sports\/cyclisme\/vuelta\/vuelta-jonas-vingegaard-remporte-la-2e-etape-et-prend-le-maillot-de-leader-david-gaudu-troisieme_7452280.html\" rel=\"nofollow noopener\" target=\"_blank\">victoire de Jonas Vingegaard sur la 2e \u00e9tape de la Vuelta<\/a>, \u00e0 Limone Piemonte (en Italie), l&rsquo;\u00e9quipe Visma-Lease a Bike a eu droit \u00e0 deux mauvaises nouvelles. En plus de l&rsquo;abandon du Fran\u00e7ais Axel Zingle, tomb\u00e9, la formation n\u00e9erlandaise a connu la m\u00eame <a href=\"https:\/\/www.franceinfo.fr\/tour-de-france\/hommes\/tour-de-france-2025-cinq-des-11-velos-voles-a-l-equipe-cofidis-retrouves-a-proximite-de-l-hotel-de-la-formation_7362603.html\" rel=\"nofollow noopener\" target=\"_blank\">m\u00e9saventure que l&rsquo;\u00e9quipe Cofidis sur le Tour de France<\/a>, se faisant d\u00e9rober plusieurs montures.<\/p>\n<blockquote class=\"twitter-tweet\">\n<p lang=\"en\" dir=\"ltr\">\ud83c\uddea\ud83c\uddf8 <a href=\"https:\/\/twitter.com\/hashtag\/LaVuelta25?src=hash&amp;ref_src=twsrc%5Etfw\" rel=\"nofollow noopener\" target=\"_blank\">#LaVuelta25<\/a><\/p>\n<p>Last night, our mechanics\u2019 truck was broken into and several bikes were stolen. Our mechanics are working hard to ensure that the team is fully prepared for the third stage. The police have launched an investigation into the incident. <a href=\"https:\/\/t.co\/8RiNvAUAvj\" rel=\"nofollow\">pic.twitter.com\/8RiNvAUAvj<\/a><\/p>\n<p>\u2014 Team Visma | Lease a Bike (@vismaleaseabike) <a href=\"https:\/\/twitter.com\/vismaleaseabike\/status\/1959882560068079773?ref_src=twsrc%5Etfw\" rel=\"nofollow noopener\" target=\"_blank\">August 25, 2025<\/a><\/p><\/blockquote>\n<p>L&rsquo;incident s&rsquo;est produit pr\u00e8s de l&rsquo;h\u00f4tel o\u00f9 l&rsquo;\u00e9quipe passait la nuit non loin de Turin. La Movistar et la Lidl-Trek \u00e9galement pr\u00e9sentes dans cet h\u00f4tel n&rsquo;ont subi aucune perte. Avant le d\u00e9part de la troisi\u00e8me \u00e9tape lundi, Richard Plugge, le patron de l&rsquo;\u00e9quipe Visma-Lease a Bike, a confirm\u00e9 qu&rsquo;une partie des v\u00e9los avait \u00e9t\u00e9 retrouv\u00e9e dans des buissons.<\/p>\n<p>\u00ab\u00a0C&rsquo;est une bonne chose pour nous, mais je ne sais pas pourquoi ils ont \u00e9t\u00e9 abandonn\u00e9s\u00a0\u00bb, a-t-il pr\u00e9cis\u00e9 dans <a href=\"https:\/\/www.wielerflits.nl\/nieuws\/enkele-gestolen-visma-fietsen-gevonden-in-bosjes-haastklus-maar-alles-is-gelukt\/\" target=\"_blank\" rel=\"noopener nofollow\">des propos rapport\u00e9s par le m\u00e9dia n\u00e9erlandais Wielerflits [lien en n\u00e9erlandais]<\/a>. Ce dernier explique par ailleurs que les v\u00e9los de Jonas Vingegaard n&rsquo;avaient pas \u00e9t\u00e9 d\u00e9rob\u00e9s. Une enqu\u00eate a \u00e9t\u00e9 ouverte par la police italienne pour identifier les cambrioleurs.<\/p>\n<p><script async src=\"https:\/\/platform.twitter.com\/widgets.js\" charset=\"utf-8\"><\/script><\/p>\n","protected":false},"excerpt":{"rendered":"L&rsquo;\u00e9quipe du leader de la course, Jonas Vingegaard, a annonc\u00e9 la nouvelle au matin de la 3e \u00e9tape,&hellip;\n","protected":false},"author":2,"featured_media":342891,"comment_status":"","ping_status":"","sticky":false,"template":"","format":"standard","meta":{"footnotes":""},"categories":[1411],"tags":[1154,207,1011,27,60],"class_list":{"0":"post-342890","1":"post","2":"type-post","3":"status-publish","4":"format-standard","5":"has-post-thumbnail","7":"category-cyclisme","8":"tag-cycling","9":"tag-cyclisme","10":"tag-fr","11":"tag-france","12":"tag-sports"},"share_on_mastodon":{"url":"https:\/\/pubeurope.com\/@fr\/115089632450984168","error":""},"_links":{"self":[{"href":"https:\/\/www.europesays.com\/fr\/wp-json\/wp\/v2\/posts\/342890","targetHints":{"allow":["GET"]}}],"collection":[{"href":"https:\/\/www.europesays.com\/fr\/wp-json\/wp\/v2\/posts"}],"about":[{"href":"https:\/\/www.europesays.com\/fr\/wp-json\/wp\/v2\/types\/post"}],"author":[{"embeddable":true,"href":"https:\/\/www.europesays.com\/fr\/wp-json\/wp\/v2\/users\/2"}],"replies":[{"embeddable":true,"href":"https:\/\/www.europesays.com\/fr\/wp-json\/wp\/v2\/comments?post=342890"}],"version-history":[{"count":0,"href":"https:\/\/www.europesays.com\/fr\/wp-json\/wp\/v2\/posts\/342890\/revisions"}],"wp:featuredmedia":[{"embeddable":true,"href":"https:\/\/www.europesays.com\/fr\/wp-json\/wp\/v2\/media\/342891"}],"wp:attachment":[{"href":"https:\/\/www.europesays.com\/fr\/wp-json\/wp\/v2\/media?parent=342890"}],"wp:term":[{"taxonomy":"category","embeddable":true,"href":"https:\/\/www.europesays.com\/fr\/wp-json\/wp\/v2\/categories?post=342890"},{"taxonomy":"post_tag","embeddable":true,"href":"https:\/\/www.europesays.com\/fr\/wp-json\/wp\/v2\/tags?post=342890"}],"curies":[{"name":"wp","href":"https:\/\/api.w.org\/{rel}","templated":true}]}}