{"id":342894,"date":"2025-08-25T13:27:10","date_gmt":"2025-08-25T13:27:10","guid":{"rendered":"https:\/\/www.europesays.com\/fr\/342894\/"},"modified":"2025-08-25T13:27:10","modified_gmt":"2025-08-25T13:27:10","slug":"qui-est-lila-salet-lex-actrice-de-33-ans-qui-porte-plainte-contre-jean-imbert","status":"publish","type":"post","link":"https:\/\/www.europesays.com\/fr\/342894\/","title":{"rendered":"Qui est Lila Salet, l\u2019ex actrice de 33 ans qui porte plainte contre Jean Imbert ?"},"content":{"rendered":"<p>Apr\u00e8s le t\u00e9moignage d\u2019Alexandra Rosenfeld, Lila Salet a d\u00e9cid\u00e9 de porter plainte contre Jean Imbert pour violences conjugales et s\u00e9questration. Que sait-on de cette trentenaire, ancienne actrice reconvertie en agent immobilier catholique revendiqu\u00e9e?<\/p>\n<p class=\"fig-paragraph\">Elle fait partie des quatre femmes qui ont bris\u00e9 le silence et t\u00e9moign\u00e9 des violences que leur a fait subir leur ex-compagnon,\u00a0<a href=\"https:\/\/madame.lefigaro.fr\/tag\/jean-imbert\" target=\"_blank\" data-fig-type=\"Keyword\" rel=\"sponsored noopener\" data-gtm-custom-categorie=\"navigation\" data-gtm-custom-action=\"crossclick\" data-gtm-custom-label=\"Contextuel\" data-gtm-event=\"customEventSPE\" data-fig-domain=\"MADAME\">Jean Imbert<\/a>, dans une enqu\u00eate du\u00a0<a href=\"https:\/\/www.elle.fr\/Societe\/Les-enquetes\/Exclusif-quatre-ex-compagnes-de-Jean-Imbert-temoignent-de-violences-conjugales-4342334\" target=\"_blank\" rel=\"nofollow noopener\" data-gtm-custom-categorie=\"navigation\" data-gtm-custom-action=\"crossclick\" data-gtm-custom-label=\"Contextuel\" data-gtm-event=\"customEventSPE\">Elle<\/a>, le 23 avril dernier. Le soir de la publication de l\u2019article, Lila Salet avait racont\u00e9 plus en d\u00e9tail le calvaire qu\u2019elle avait v\u00e9cu pendant sa relation avec le chef \u00e9toil\u00e9, sur son compte Instagram. \u00abIl me frappait, il n\u2019a pas juste d\u00e9fonc\u00e9 ma porte. Il me mettait d\u2019\u00e9normes claques sur la t\u00eate, expliquait-elle face cam\u00e9ra. Il \u00e9tait d\u2019une violence absolue dans ses mots, dans sa mani\u00e8re de me ma\u00eetriser\u00bb.<\/p>\n<p class=\"fig-paragraph\">Apr\u00e8s cette prise de parole, l\u2019ancienne actrice est rest\u00e9e silencieuse. Jusqu\u2019aux r\u00e9centes r\u00e9v\u00e9lations d\u2019<a href=\"http:\/\/madame.lefigaro.fr\/cuisine\/actu-cuisine\/c-etait-lent-insidieux-l-emprise-alexandra-rosenfeld-revele-etre-l-une-des-victimes-de-jean-imbert-20250819\" data-fig-type=\"Article\" data-gtm-custom-categorie=\"navigation\" data-gtm-custom-action=\"crossclick\" data-gtm-custom-label=\"Contextuel\" data-gtm-event=\"customEventSPE\" data-fig-domain=\"MADAME\" target=\"_blank\" rel=\"noopener\">Alexandra Rosenfeld<\/a>. Le 19 ao\u00fbt, l\u2019ancienne Miss France qui avait, comme Lila Salet, t\u00e9moign\u00e9 contre Jean Imbert dans les colonnes du Elle, mais sous le nom d\u2019\u00c9l\u00e9onore, est sortie de son anonymat pour<a href=\"http:\/\/madame.lefigaro.fr\/cuisine\/actu-cuisine\/c-etait-lent-insidieux-l-emprise-alexandra-rosenfeld-revele-etre-l-une-des-victimes-de-jean-imbert-20250819\" data-fig-type=\"Article\" data-gtm-custom-categorie=\"navigation\" data-gtm-custom-action=\"crossclick\" data-gtm-custom-label=\"Contextuel\" data-gtm-event=\"customEventSPE\" data-fig-domain=\"MADAME\" target=\"_blank\" rel=\"noopener\">\u00a0d\u00e9noncer la violence de l\u2019ancien gagnant de Top Chef.<\/a> \u00a0\u00abIl y a plus de dix ans, j\u2019\u00e9tais avec quelqu\u2019un. Il m\u2019a mis un coup de t\u00eate, une fois. Mais bizarrement ce n\u2019est pas \u00e7a qui m\u2019a marqu\u00e9e. Ce qui m\u2019a ab\u00eem\u00e9e, c\u2019\u00e9tait tout ce qu\u2019il y avait autour. Le m\u00e9pris, les rabaissements, les silences, les mots parfaitement plac\u00e9s pour me faire douter de moi, de ma valeur. (\u2026) Ce que j\u2019ai v\u00e9cu c\u2019\u00e9tait de la violence\u00bb, a-t-elle \u00e9crit sur Instagram en l\u00e9gende d\u2019une photo d\u2019une radiographie sur laquelle on peut lire \u00abtraumatisme par choc direct\u00bb, suivi de \u00abfracture des os propres du nez\u00bb.<\/p>\n<p>                                    <a class=\"fig-a11y-skip a11y-hidden\" href=\"#fig-a11y-skip-main-inarticle\"><br \/>\n        Passer la publicit\u00e9<br \/>\n    <\/a><\/p>\n<p>Des gifles r\u00e9currentes et une s\u00e9questration dans un h\u00f4tel<\/p>\n<p class=\"fig-paragraph\">Ce t\u00e9moignage gla\u00e7ant a pouss\u00e9 Lila Salet \u00e0 aller d\u00e9poser plainte contre Jean Imbert ce samedi 23 ao\u00fbt. \u00abAvec moi, il avait \u00e9t\u00e9 violent. J\u2019avais des doutes qu\u2019il l\u2019ait \u00e9t\u00e9 avec Alexandra Rosenfeld, mais je suis tomb\u00e9e des nues de savoir qu\u2019elle s\u2019\u00e9tait fait p\u00e9ter le nez, a-t-elle confi\u00e9 \u00e0 l\u2019AFP. Donc, \u00e9videmment, \u00e7a a raviv\u00e9 une esp\u00e8ce de col\u00e8re, surtout que moi, j\u2019avais d\u00e9pos\u00e9 plainte en 2013 et que malheureusement, prise de compassion \u00e0 l\u2019\u00e9poque, je l\u2019avais retir\u00e9e\u00bb. Aujourd\u2019hui, Lila Salet veut \u00abque la justice soit rendue et que la v\u00e9rit\u00e9 soit entendue\u00bb. Dans sa plainte, que l\u2019AFP a pu consulter, Lila Salet, fait notamment \u00e9tat de gifles r\u00e9currentes et d\u2019une s\u00e9questration dans un h\u00f4tel. Jean Imbert, lui, nie pour l\u2019instant avoir exerc\u00e9 toute violence physique ou psychologique envers ses ex-compagnes.<\/p>\n<p class=\"fig-body-link&#10;    \">\n            \u00c0 lire aussi<br \/>\n        <a class=\"fig-body-link__link\" href=\"http:\/\/madame.lefigaro.fr\/celebrites\/actu-people\/cette-relation-etait-insoutenable-jean-imbert-reagit-aux-accusations-de-violences-emises-par-alexandra-rosenfeld-20250821\" data-fig-type=\"Article\" data-gtm-custom-categorie=\"navigation\" data-gtm-custom-action=\"crossclick\" data-gtm-custom-label=\"Contextuel\" data-gtm-event=\"customEventSPE\" data-fig-domain=\"MADAME\" target=\"_blank\" rel=\"noopener\">\u00abCette relation \u00e9tait insoutenable\u00bb\u00a0: Jean Imbert r\u00e9agit aux accusations de violences \u00e9mises par Alexandra Rosenfeld<\/a>\n<\/p>\n<p>Une agence immobili\u00e8re catholique<\/p>\n<p class=\"fig-paragraph\">Contrairement \u00e0 Alexandra Rosenfeld, c\u00e9l\u00e8bre gr\u00e2ce \u00e0 sa victoire au concours de beaut\u00e9 Miss France en 2006, Lila Salet n\u2019est pas connue du grand public. Elle commence sa carri\u00e8re d\u2019actrice \u00e0 seulement 10 ans dans Ceci est mon corps, un film de Rodolphe Marconi avec Louis Garrel et Jane Birkin, sorti en 2001. Trois ans plus tard, on la retrouve dans la com\u00e9die Demi-tarif, qui raconte les tribulations de trois enfants livr\u00e9s \u00e0 eux-m\u00eames pendant l\u2019absence de leur m\u00e8re. En 2013, elle donne la r\u00e9plique \u00e0 Nicolas Bedos, Ludivine Sagnier et Jonathan Cohen dans Amour &amp; turbulences d\u2019Alexandre Castagnetti. C\u00f4t\u00e9 s\u00e9ries, Lila Salet joue le r\u00f4le secondaire d\u2019Aur\u00e9lie dans quelques \u00e9pisodes de la huiti\u00e8me saison de Profilage.<\/p>\n<p class=\"fig-paragraph\">En 2017, \u00e0 l\u2019\u00e2ge de 25 ans, la jeune femme d\u00e9cide de mettre fin \u00e0 sa carri\u00e8re de com\u00e9dienne pour se lancer dans l\u2019immobilier. Elle fonde \u00abL\u2019Immobili\u00e8re catholique\u00bb, la premi\u00e8re agence immobili\u00e8re catholique de France, implant\u00e9e pr\u00e8s de l\u2019\u00e9glise Sainte-\u00c9lisabeth-de-Hongrie \u00e0 Versailles, en janvier 2024. Lila Salet fait r\u00e9guli\u00e8rement la promotion de son agence, sa fiert\u00e9, via des vid\u00e9os partag\u00e9es sur son compte Instagram. Dans l\u2019une d\u2019entre elles, l\u2019ancienne actrice, tout de noir v\u00eatue, une croix en or autour du cou, explique face cam\u00e9ra quel lien elle voit entre Dieu et l\u2019immobilier\u00a0: \u00abUn foyer, c\u2019est un toit, mais c\u2019est surtout un lieu d\u2019amour, de protection, de transmission, et \u00e7a c\u2019est profond\u00e9ment spirituel. Dans la Bible, on parle souvent de la maison comme d\u2019un refuge, d\u2019un lieu o\u00f9 on se retrouve, o\u00f9 on grandit, o\u00f9 on aime\u00bb.<\/p>\n<p class=\"fig-paragraph\">Dans une autre, Lila Salet parle de sa nouvelle profession comme d\u2019une \u00abmission\u00bb qui a donn\u00e9 du sens \u00e0 sa vie, et qui \u00abembellit\u00bb celle des autres. \u00abComme quoi la vraie lumi\u00e8re est ailleurs que sous le feu des projecteurs\u00bb, conclut-elle, le sourire aux l\u00e8vres. Une r\u00e9f\u00e9rence \u00e0 son ancienne vie de com\u00e9dienne, d\u00e9sormais derri\u00e8re elle.<\/p>\n","protected":false},"excerpt":{"rendered":"Apr\u00e8s le t\u00e9moignage d\u2019Alexandra Rosenfeld, Lila Salet a d\u00e9cid\u00e9 de porter plainte contre Jean Imbert pour violences conjugales&hellip;\n","protected":false},"author":2,"featured_media":342895,"comment_status":"","ping_status":"","sticky":false,"template":"","format":"standard","meta":{"footnotes":""},"categories":[1359],"tags":[58,59,1011,27,13518,973,798],"class_list":{"0":"post-342894","1":"post","2":"type-post","3":"status-publish","4":"format-standard","5":"has-post-thumbnail","7":"category-people","8":"tag-divertissement","9":"tag-entertainment","10":"tag-fr","11":"tag-france","12":"tag-jean-imbert","13":"tag-people","14":"tag-violences-conjugales"},"share_on_mastodon":{"url":"https:\/\/pubeurope.com\/@fr\/115089640199259541","error":""},"_links":{"self":[{"href":"https:\/\/www.europesays.com\/fr\/wp-json\/wp\/v2\/posts\/342894","targetHints":{"allow":["GET"]}}],"collection":[{"href":"https:\/\/www.europesays.com\/fr\/wp-json\/wp\/v2\/posts"}],"about":[{"href":"https:\/\/www.europesays.com\/fr\/wp-json\/wp\/v2\/types\/post"}],"author":[{"embeddable":true,"href":"https:\/\/www.europesays.com\/fr\/wp-json\/wp\/v2\/users\/2"}],"replies":[{"embeddable":true,"href":"https:\/\/www.europesays.com\/fr\/wp-json\/wp\/v2\/comments?post=342894"}],"version-history":[{"count":0,"href":"https:\/\/www.europesays.com\/fr\/wp-json\/wp\/v2\/posts\/342894\/revisions"}],"wp:featuredmedia":[{"embeddable":true,"href":"https:\/\/www.europesays.com\/fr\/wp-json\/wp\/v2\/media\/342895"}],"wp:attachment":[{"href":"https:\/\/www.europesays.com\/fr\/wp-json\/wp\/v2\/media?parent=342894"}],"wp:term":[{"taxonomy":"category","embeddable":true,"href":"https:\/\/www.europesays.com\/fr\/wp-json\/wp\/v2\/categories?post=342894"},{"taxonomy":"post_tag","embeddable":true,"href":"https:\/\/www.europesays.com\/fr\/wp-json\/wp\/v2\/tags?post=342894"}],"curies":[{"name":"wp","href":"https:\/\/api.w.org\/{rel}","templated":true}]}}