{"id":342896,"date":"2025-08-25T13:29:13","date_gmt":"2025-08-25T13:29:13","guid":{"rendered":"https:\/\/www.europesays.com\/fr\/342896\/"},"modified":"2025-08-25T13:29:13","modified_gmt":"2025-08-25T13:29:13","slug":"un-salon-du-livre-dans-le-parc-a-montipouret","status":"publish","type":"post","link":"https:\/\/www.europesays.com\/fr\/342896\/","title":{"rendered":"Un Salon du livre dans le parc \u00e0 Montipouret"},"content":{"rendered":"<p>Le moulin d\u2019Angibault accueillait, dimanche 17\u00a0ao\u00fbt 2025, une nouvelle \u00e9dition du Salon du livre qui s\u2019est d\u00e9roul\u00e9 en ext\u00e9rieur dans le parc. Une quinzaine d\u2019auteurs avaient fait le d\u00e9placement\u00a0et de 10\u00a0h \u00e0 18\u00a0h les visiteurs ont d\u00e9couvert des ouvrages divers, romans, policiers, po\u00e9sie, litt\u00e9rature pour enfants\u00a0etc.<\/p>\n<p>Cette rencontre litt\u00e9raire donnait l\u2019occasion d\u2019\u00e9changer avec les auteurs dans un cadre des plus agr\u00e9ables, \u00e0 Montipouret. Les organisateurs avaient aussi pr\u00e9vu la restauration avec le food-truck\u00a0\u00c9pi Tou\u00e9.<\/p>\n","protected":false},"excerpt":{"rendered":"Le moulin d\u2019Angibault accueillait, dimanche 17\u00a0ao\u00fbt 2025, une nouvelle \u00e9dition du Salon du livre qui s\u2019est d\u00e9roul\u00e9 en&hellip;\n","protected":false},"author":2,"featured_media":342897,"comment_status":"","ping_status":"","sticky":false,"template":"","format":"standard","meta":{"footnotes":""},"categories":[1357],"tags":[1379,1674,58,59,1011,27,1380,47899],"class_list":{"0":"post-342896","1":"post","2":"type-post","3":"status-publish","4":"format-standard","5":"has-post-thumbnail","7":"category-livres","8":"tag-books","9":"tag-communes","10":"tag-divertissement","11":"tag-entertainment","12":"tag-fr","13":"tag-france","14":"tag-livres","15":"tag-montipouret"},"share_on_mastodon":{"url":"https:\/\/pubeurope.com\/@fr\/115089648133391592","error":""},"_links":{"self":[{"href":"https:\/\/www.europesays.com\/fr\/wp-json\/wp\/v2\/posts\/342896","targetHints":{"allow":["GET"]}}],"collection":[{"href":"https:\/\/www.europesays.com\/fr\/wp-json\/wp\/v2\/posts"}],"about":[{"href":"https:\/\/www.europesays.com\/fr\/wp-json\/wp\/v2\/types\/post"}],"author":[{"embeddable":true,"href":"https:\/\/www.europesays.com\/fr\/wp-json\/wp\/v2\/users\/2"}],"replies":[{"embeddable":true,"href":"https:\/\/www.europesays.com\/fr\/wp-json\/wp\/v2\/comments?post=342896"}],"version-history":[{"count":0,"href":"https:\/\/www.europesays.com\/fr\/wp-json\/wp\/v2\/posts\/342896\/revisions"}],"wp:featuredmedia":[{"embeddable":true,"href":"https:\/\/www.europesays.com\/fr\/wp-json\/wp\/v2\/media\/342897"}],"wp:attachment":[{"href":"https:\/\/www.europesays.com\/fr\/wp-json\/wp\/v2\/media?parent=342896"}],"wp:term":[{"taxonomy":"category","embeddable":true,"href":"https:\/\/www.europesays.com\/fr\/wp-json\/wp\/v2\/categories?post=342896"},{"taxonomy":"post_tag","embeddable":true,"href":"https:\/\/www.europesays.com\/fr\/wp-json\/wp\/v2\/tags?post=342896"}],"curies":[{"name":"wp","href":"https:\/\/api.w.org\/{rel}","templated":true}]}}