{"id":342898,"date":"2025-08-25T13:30:11","date_gmt":"2025-08-25T13:30:11","guid":{"rendered":"https:\/\/www.europesays.com\/fr\/342898\/"},"modified":"2025-08-25T13:30:11","modified_gmt":"2025-08-25T13:30:11","slug":"le-visage-de-judas-fabien-lecoeuvre-torpille-le-traitre-de-cyril-hanouna","status":"publish","type":"post","link":"https:\/\/www.europesays.com\/fr\/342898\/","title":{"rendered":"\u00ab\u00a0Le visage de Judas\u00a0\u00bb : Fabien Lecoeuvre torpille le traitre de Cyril Hanouna"},"content":{"rendered":"<p>      R\u00e9sum\u00e9<\/p>\n<p>Fabien Lecoeuvre critique vivement Thomas Gu\u00e9nol\u00e9, d\u00e9non\u00e7ant sa trahison envers Cyril Hanouna malgr\u00e9 la confiance et l&rsquo;aide re\u00e7ues.<\/p>\n<p>        Sommaire<\/p>\n<p><strong>Il sera dans \u00ab\u00a0Tout beau, tout 9\u00a0\u00bb<\/strong>, la nouvelle \u00e9mission de Cyril Hanouna, sur W9, \u00e0 la rentr\u00e9e. Et si <a href=\"https:\/\/www.public.fr\/tpmp-fabien-lecoeuvre-balance-son-salaire-xxl15-000e-par-mois\" target=\"_blank\" rel=\"noopener\">Fabien Lecoeuvre a surv\u00e9cu au d\u00e9m\u00e9nagement de Baba<\/a>, apr\u00e8s la fermeture de C8, d&rsquo;autres n&rsquo;ont pas eu sa chance&#8230; <\/p>\n<p>En effet, outre K<a href=\"https:\/\/www.public.fr\/jean-michel-maire-kelly-vedovelli-beatrice-rosen-cyril-hanouna-ne-les-reprend-pas-sur-w9\" target=\"_blank\" rel=\"noopener\">elly Vedovelli et Jean-Michel Maire<\/a>, on sait que Bernard Montiel, Sasha Elbaz, Danielle Moreau, Guillaume Genton et <strong>Thomas Gu\u00e9nol\u00e9 ne seront pas non plus autour de la table.<\/strong><\/p>\n<p>Et \u00e0 propos de ce dernier, Fabien Lecoeuvre a quelques critiques. Interrog\u00e9 par Jordan de Luxe, ce 25 ao\u00fbt, le sp\u00e9cialiste des stars anciennes a assur\u00e9 : <strong>\u00ab\u00a0il y en a un que je ne comprends pas, c&rsquo;est Thomas Gu\u00e9nol\u00e9\u00a0\u00bb. <\/strong><\/p>\n<p>Fabien Lecoeuvre furax contre Thomas Gu\u00e9nol\u00e9<\/p>\n<p>Il a alors expliqu\u00e9 l&rsquo;objet de son d\u00e9samour. Fabien Lecoeuvre a en effet estim\u00e9 que Thomas Gu\u00e9nol\u00e9 avait trahi son patron. Et d&rsquo;illustrer : \u00ab\u00a0Cyril est un bon gar\u00e7on, il lui a fait confiance, il lui a ouvert les portes d&rsquo;une \u00e9mission,<strong> il lui a donn\u00e9 un salaire, alors qu&rsquo;il \u00e9tait \u00e0 la rue&#8230;\u00a0\u00bb <\/strong><\/p>\n<p>De son c\u00f4t\u00e9, <strong>Thomas Gu\u00e9nol\u00e9 aurait crach\u00e9 dans la soupe,<\/strong> d\u00e9nonce son confr\u00e8re, lorsqu&rsquo;il a appris, \u00e0 la fin, qu&rsquo;il ne faisait pas partie finalement des chroniqueurs retenus pour TBT9. Fabien Lecoeuvre rel\u00e8ve : \u00ab\u00a0il fait des posts sur les r\u00e9seaux en disant attention CNews sont comme \u00e7a, Europe 1, c&rsquo;est comme \u00e7a, Cyril est comme \u00e7a\u00a0\u00bb.<\/p>\n<p>Et pour le fid\u00e8le de Cyril Hanouna, cela porte un nom. Sans filtre, il d\u00e9nonce : \u00ab\u00a0Moi j&rsquo;aime pas la trahison. <strong>Et l\u00e0, il avait le visage de Judas, indiscutablement\u00a0\u00bb<\/strong>. D&rsquo;ailleurs, ce n&rsquo;est pas la premi\u00e8re fois que ce mot fort est employ\u00e9 concernant Thomas Gu\u00e9nol\u00e9. <\/p>\n<p>Sa vie apr\u00e8s Cyril Hanouna<\/p>\n<p>Lui qui avait cach\u00e9 un <a href=\"https:\/\/www.public.fr\/cyril-hanouna-explique-pour-quelle-raison-il-a-prefere-ecarter-thomas-guenole-de-tpmp\" target=\"_blank\" rel=\"noopener\">keffieh palestinien pendant TPMP<\/a>, en novembre 2024 avait \u00e9t\u00e9 suspendu, illico, du programme. Arriv\u00e9 en septembre 2024, il n&rsquo;a toutefois pas commenc\u00e9 sa carri\u00e8re t\u00e9l\u00e9visuelle sur C8.<\/p>\n<p>En effet, en 2015, il \u00e9tait sur RMC, pendant quelques mois. Puis en 2017, il \u00e9tait sur Europe 1. Compagnon de route, puis membre de La France insoumise, <strong>Thomas Gu\u00e9nol\u00e9 a quitt\u00e9 le mouvement dirig\u00e9 par Jean-Luc M\u00e9lenchon<\/strong>, en 2019. Depuis qu&rsquo;il n&rsquo;appara\u00eet plus en quotidienne sur la TNT, Thomas Gu\u00e9nol\u00e9 a ouvert <a href=\"https:\/\/www.public.fr\/fin-de-tpmp-apres-jordan-de-luxe-sasha-elbaz-et-thomas-guenole-lancent-leur-media-en-ligne\" target=\"_blank\" rel=\"noopener\">\u00ab\u00a0Uppercut TV\u00a0\u00bb, sur internet, au succ\u00e8s tr\u00e8s confidentiel&#8230;<\/a><\/p>\n<p>      Mentionn\u00e9s dans cet article<\/p>\n<p>      Sur le m\u00eame sujet<\/p>\n","protected":false},"excerpt":{"rendered":"R\u00e9sum\u00e9 Fabien Lecoeuvre critique vivement Thomas Gu\u00e9nol\u00e9, d\u00e9non\u00e7ant sa trahison envers Cyril Hanouna malgr\u00e9 la confiance et l&rsquo;aide&hellip;\n","protected":false},"author":2,"featured_media":342899,"comment_status":"","ping_status":"","sticky":false,"template":"","format":"standard","meta":{"footnotes":""},"categories":[1356],"tags":[1083,58,59,3719,1011,27,252,549,22498,22497,1364],"class_list":{"0":"post-342898","1":"post","2":"type-post","3":"status-publish","4":"format-standard","5":"has-post-thumbnail","7":"category-television","8":"tag-cyril-hanouna","9":"tag-divertissement","10":"tag-entertainment","11":"tag-fabien-lecoeuvre","12":"tag-fr","13":"tag-france","14":"tag-television","15":"tag-touche-pas-a-mon-poste","16":"tag-tout-9-tbt9","17":"tag-tout-beau","18":"tag-tv"},"share_on_mastodon":{"url":"https:\/\/pubeurope.com\/@fr\/115089652333389422","error":""},"_links":{"self":[{"href":"https:\/\/www.europesays.com\/fr\/wp-json\/wp\/v2\/posts\/342898","targetHints":{"allow":["GET"]}}],"collection":[{"href":"https:\/\/www.europesays.com\/fr\/wp-json\/wp\/v2\/posts"}],"about":[{"href":"https:\/\/www.europesays.com\/fr\/wp-json\/wp\/v2\/types\/post"}],"author":[{"embeddable":true,"href":"https:\/\/www.europesays.com\/fr\/wp-json\/wp\/v2\/users\/2"}],"replies":[{"embeddable":true,"href":"https:\/\/www.europesays.com\/fr\/wp-json\/wp\/v2\/comments?post=342898"}],"version-history":[{"count":0,"href":"https:\/\/www.europesays.com\/fr\/wp-json\/wp\/v2\/posts\/342898\/revisions"}],"wp:featuredmedia":[{"embeddable":true,"href":"https:\/\/www.europesays.com\/fr\/wp-json\/wp\/v2\/media\/342899"}],"wp:attachment":[{"href":"https:\/\/www.europesays.com\/fr\/wp-json\/wp\/v2\/media?parent=342898"}],"wp:term":[{"taxonomy":"category","embeddable":true,"href":"https:\/\/www.europesays.com\/fr\/wp-json\/wp\/v2\/categories?post=342898"},{"taxonomy":"post_tag","embeddable":true,"href":"https:\/\/www.europesays.com\/fr\/wp-json\/wp\/v2\/tags?post=342898"}],"curies":[{"name":"wp","href":"https:\/\/api.w.org\/{rel}","templated":true}]}}