{"id":342912,"date":"2025-08-25T13:37:12","date_gmt":"2025-08-25T13:37:12","guid":{"rendered":"https:\/\/www.europesays.com\/fr\/342912\/"},"modified":"2025-08-25T13:37:12","modified_gmt":"2025-08-25T13:37:12","slug":"google-revele-enfin-ce-que-consomme-vraiment-son-ia-et-cest-moins-que-9-secondes-de-tv","status":"publish","type":"post","link":"https:\/\/www.europesays.com\/fr\/342912\/","title":{"rendered":"Google r\u00e9v\u00e8le enfin ce que consomme vraiment son IA (et c&rsquo;est moins que 9 secondes de TV)"},"content":{"rendered":"<p>              <img decoding=\"async\" class=\"article-author__picture webp\" src=\"https:\/\/www.europesays.com\/fr\/wp-content\/uploads\/2025\/04\/matias-perea-85px.jpg.webp\" alt=\"Matias Perea\"\/><\/p>\n<p class=\"article-author__info--name\"> Par<br \/>\n                      <a href=\"https:\/\/selectra.info\/equipe\/matias\" target=\"_blank\" rel=\"noopener author nofollow\"> Matias Perea <\/a><\/p>\n<p class=\"article-author__info--description\"> Analyste \u00c9nergie <\/p>\n<p>        Publi\u00e9 le<\/p>\n<p>                                25\/08\/2025<\/p>\n<p>            min de lecture\n        <\/p>\n<p>  <img decoding=\"async\" class=\"new-ads__card-logo\" src=\"https:\/\/www.europesays.com\/fr\/wp-content\/uploads\/2025\/08\/electricite.png\" alt=\"logo\" loading=\"lazy\"\/><\/p>\n<p class=\"new-ads__card-title\">La m\u00eame \u00e9lectricit\u00e9, moins ch\u00e8re !<\/p>\n<p class=\"new-ads__card-description\">\u00c9conomisez en changeant d&rsquo;offre avec Selectra<\/p>\n<p>       <img decoding=\"async\" class=\"new-ads__card-logo\" src=\"https:\/\/www.europesays.com\/fr\/wp-content\/uploads\/2025\/08\/selectra-xs.png\" alt=\"logo\" loading=\"lazy\"\/><\/p>\n<p class=\"new-ads__card-title\">La m\u00eame \u00e9lectricit\u00e9, moins ch\u00e8re !<br \/>\n\u00c9conomisez en changeant d&rsquo;offre avec Selectra<\/p>\n<p class=\"new-ads__card-description\">Comparez les offres gratuitement avec un conseiller<\/p>\n<p class=\"intro\">La semaine derni\u00e8re, une \u00e9tude externe r\u00e9v\u00e9lait la consommation \u00e9nerg\u00e9tique colossale de GPT-5. La r\u00e9ponse de son principal rival ne s&rsquo;est pas fait attendre. Dans une op\u00e9ration de transparence in\u00e9dite, Google a publi\u00e9 ce 21 ao\u00fbt les chiffres officiels de consommation de son IA Gemini. Mais alors que l&rsquo;entreprise annonce un impact d\u00e9risoire, des experts d\u00e9noncent des chiffres \u00ab\u00a0trompeurs\u00a0\u00bb qui ne montreraient que \u00ab\u00a0la partie \u00e9merg\u00e9e de l&rsquo;iceberg\u00a0\u00bb. Plong\u00e9e au c\u0153ur de la nouvelle guerre de la communication \u00e9nerg\u00e9tique.<\/p>\n<p class=\"in-short--title col-xs-12 text--center\">R\u00e9sumer cet article avec\u00a0:<\/p>\n<p>Google brise le tabou et d\u00e9voile des chiffres \u00e9tonnamment bas<\/p>\n<p>C&rsquo;est une premi\u00e8re qui pourrait changer la face de l&rsquo;industrie. Dans <a href=\"https:\/\/cloud.google.com\/blog\/products\/infrastructure\/measuring-the-environmental-impact-of-ai-inference?e=48754805\" target=\"_blank\" rel=\"nofollow noopener\">un article publi\u00e9 sur son blog<\/a>, Google est devenu le premier g\u00e9ant de la tech \u00e0 d\u00e9voiler en d\u00e9tail l&#8217;empreinte de son IA. Selon l&rsquo;entreprise, l&rsquo;impact d&rsquo;une requ\u00eate texte moyenne sur Gemini est minime :<\/p>\n<ul class=\"list--check\">\n<li><strong>0,24 wattheure (Wh) d&rsquo;\u00e9nergie :<\/strong> moins d&rsquo;\u00e9nergie que ce que consomme un t\u00e9l\u00e9viseur en neuf secondes.<\/li>\n<li><strong>0,26 millilitre (ml) d&rsquo;eau :<\/strong> l&rsquo;\u00e9quivalent de cinq gouttes d&rsquo;eau pour le refroidissement.<\/li>\n<li><strong>0,03 gramme de CO2e :<\/strong> une empreinte carbone quasi-nulle.<\/li>\n<\/ul>\n<p>\u00ab\u00a0La partie \u00e9merg\u00e9e de l&rsquo;iceberg\u00a0\u00bb : les experts d\u00e9noncent des chiffres trompeurs<\/p>\n<p>\u00c0 peine publi\u00e9s, ces chiffres ont fait r\u00e9agir plusieurs experts, dont Shaolei Ren et Alex de Vries-Gao, cit\u00e9s par le m\u00e9dia am\u00e9ricain <a href=\"https:\/\/www.theverge.com\/report\/763080\/google-ai-gemini-water-energy-emissions-study\" target=\"_blank\" rel=\"nofollow noopener\">The Verge<\/a>, qui qualifient cette communication de \u00ab\u00a0trompeuse\u00a0\u00bb. Selon eux, Google omet des pans entiers de la consommation r\u00e9elle.<\/p>\n<p>L&rsquo;eau \u00ab\u00a0indirecte\u00a0\u00bb : la grande oubli\u00e9e<\/p>\n<p>Selon The Verge, le chiffre de 0,26 ml ne repr\u00e9sente que l&rsquo;eau utilis\u00e9e pour refroidir les serveurs sur site. Google omet totalement la consommation d&rsquo;eau \u00ab\u00a0indirecte\u00a0\u00bb, c&rsquo;est-\u00e0-dire l&rsquo;eau n\u00e9cessaire au refroidissement des centrales \u00e9lectriques (\u00e0 gaz, nucl\u00e9aires) qui alimentent ces m\u00eames serveurs.\u00a0<\/p>\n<p>\u00ab\u00a0Vous ne voyez que la partie \u00e9merg\u00e9e de l&rsquo;iceberg\u00a0\u00bb, d\u00e9clare Alex de Vries-Gao, qui rappelle que cette consommation indirecte repr\u00e9sente la majorit\u00e9 de l&#8217;empreinte hydrique d&rsquo;un data center.<\/p>\n<p>Des \u00e9missions de CO2 calcul\u00e9es au plus avantageux<\/p>\n<p>Les experts pointent \u00e9galement un biais dans le calcul des \u00e9missions de CO2. Google ne communique que sur une mesure \u00ab\u00a0market-based\u00a0\u00bb, qui prend en compte ses achats d&rsquo;\u00e9nergies renouvelables pour faire baisser artificiellement la moyenne.\u00a0<\/p>\n<p>Ils omettent la mesure \u00ab\u00a0location-based\u00a0\u00bb, recommand\u00e9e par les standards internationaux, qui refl\u00e8te les \u00e9missions r\u00e9elles du r\u00e9seau \u00e9lectrique local o\u00f9 le data center est branch\u00e9. Pour Shaolei Ren, c&rsquo;est pourtant \u00ab\u00a0la v\u00e9rit\u00e9 du terrain\u00a0\u00bb.<\/p>\n<p>Le paradoxe de l&rsquo;efficacit\u00e9 : des gains r\u00e9els, mais une consommation totale qui explose<\/p>\n<p>Malgr\u00e9 ces critiques, Google se d\u00e9fend en mettant en avant une ma\u00eetrise compl\u00e8te de sa cha\u00eene de production, \u00ab\u00a0de la puce au data center\u00a0\u00bb. <a href=\"https:\/\/sustainability.google\/reports\/google-2025-environmental-report\/\" target=\"_blank\" rel=\"nofollow noopener\">Le rapport environnemental 2025<\/a> chiffre cette strat\u00e9gie, r\u00e9v\u00e9lant que la derni\u00e8re g\u00e9n\u00e9ration de puces IA de l&rsquo;entreprise, nomm\u00e9e Ironwood, est <strong>pr\u00e8s de 30 fois plus efficace \u00e9nerg\u00e9tiquement<\/strong> que la premi\u00e8re version de 2018.<\/p>\n<p>Cependant, comme le souligne The Verge, ces gains d&rsquo;efficacit\u00e9 sont rattrap\u00e9s par le \u00ab\u00a0paradoxe de Jevons\u00a0\u00bb : plus un service est efficace et bon march\u00e9, plus on l&rsquo;utilise, et sa consommation globale explose.\u00a0<\/p>\n<p>Les propres chiffres de Google le confirment : malgr\u00e9 des IA plus sobres, les \u00e9missions globales de l&rsquo;entreprise li\u00e9es \u00e0 ses ambitions climatiques ont <strong>augment\u00e9 de 51% depuis 2019<\/strong>. \u00ab\u00a0Si vous regardez les chiffres totaux que Google publie, la situation est en fait tr\u00e8s mauvaise\u00a0\u00bb, conclut Alex de Vries-Gao. \u00ab\u00a0Ce n&rsquo;est pas toute l&rsquo;histoire qui est racont\u00e9e\u00a0\u00bb.<\/p>\n<p>La guerre de la transparence est d\u00e9clar\u00e9e<\/p>\n<p>En \u00e9tant le premier \u00e0 publier des donn\u00e9es, m\u00eame critiqu\u00e9es, Google lance un pav\u00e9 dans la mare et met la pression sur ses concurrents, notamment OpenAI et Anthropic, pour qu&rsquo;ils r\u00e9v\u00e8lent \u00e0 leur tour l&#8217;empreinte r\u00e9elle de leurs mod\u00e8les. La bataille pour l&rsquo;IA la plus puissante se double d\u00e9sormais d&rsquo;une guerre de la communication et de la transparence \u00e9nerg\u00e9tique.<\/p>\n<p>  <img decoding=\"async\" class=\"new-ads__card-logo\" src=\"https:\/\/www.europesays.com\/fr\/wp-content\/uploads\/2025\/08\/electricite.png\" alt=\"logo\" loading=\"lazy\"\/><\/p>\n<p class=\"new-ads__card-title\">La m\u00eame \u00e9lectricit\u00e9, moins ch\u00e8re !<\/p>\n<p class=\"new-ads__card-description\">\u00c9conomisez en changeant d&rsquo;offre avec Selectra<\/p>\n<p>       <img decoding=\"async\" class=\"new-ads__card-logo\" src=\"https:\/\/www.europesays.com\/fr\/wp-content\/uploads\/2025\/08\/selectra-xs.png\" alt=\"logo\" loading=\"lazy\"\/><\/p>\n<p class=\"new-ads__card-title\">La m\u00eame \u00e9lectricit\u00e9, moins ch\u00e8re !<br \/>\n\u00c9conomisez en changeant d&rsquo;offre avec Selectra<\/p>\n<p class=\"new-ads__card-description\">Comparez les offres gratuitement avec un conseiller<\/p>\n<p>      Avez-vous trouv\u00e9 cet article utile ?<\/p>\n<p>100% des 1 votes trouvent l&rsquo;information utile.<\/p>\n","protected":false},"excerpt":{"rendered":"Par Matias Perea Analyste \u00c9nergie Publi\u00e9 le 25\/08\/2025 min de lecture La m\u00eame \u00e9lectricit\u00e9, moins ch\u00e8re ! \u00c9conomisez&hellip;\n","protected":false},"author":2,"featured_media":342913,"comment_status":"","ping_status":"","sticky":false,"template":"","format":"standard","meta":{"footnotes":""},"categories":[6],"tags":[35,33,34,1011,27],"class_list":{"0":"post-342912","1":"post","2":"type-post","3":"status-publish","4":"format-standard","5":"has-post-thumbnail","7":"category-economie","8":"tag-business","9":"tag-economie","10":"tag-economy","11":"tag-fr","12":"tag-france"},"share_on_mastodon":{"url":"https:\/\/pubeurope.com\/@fr\/115089679778089014","error":""},"_links":{"self":[{"href":"https:\/\/www.europesays.com\/fr\/wp-json\/wp\/v2\/posts\/342912","targetHints":{"allow":["GET"]}}],"collection":[{"href":"https:\/\/www.europesays.com\/fr\/wp-json\/wp\/v2\/posts"}],"about":[{"href":"https:\/\/www.europesays.com\/fr\/wp-json\/wp\/v2\/types\/post"}],"author":[{"embeddable":true,"href":"https:\/\/www.europesays.com\/fr\/wp-json\/wp\/v2\/users\/2"}],"replies":[{"embeddable":true,"href":"https:\/\/www.europesays.com\/fr\/wp-json\/wp\/v2\/comments?post=342912"}],"version-history":[{"count":0,"href":"https:\/\/www.europesays.com\/fr\/wp-json\/wp\/v2\/posts\/342912\/revisions"}],"wp:featuredmedia":[{"embeddable":true,"href":"https:\/\/www.europesays.com\/fr\/wp-json\/wp\/v2\/media\/342913"}],"wp:attachment":[{"href":"https:\/\/www.europesays.com\/fr\/wp-json\/wp\/v2\/media?parent=342912"}],"wp:term":[{"taxonomy":"category","embeddable":true,"href":"https:\/\/www.europesays.com\/fr\/wp-json\/wp\/v2\/categories?post=342912"},{"taxonomy":"post_tag","embeddable":true,"href":"https:\/\/www.europesays.com\/fr\/wp-json\/wp\/v2\/tags?post=342912"}],"curies":[{"name":"wp","href":"https:\/\/api.w.org\/{rel}","templated":true}]}}