{"id":342914,"date":"2025-08-25T13:38:12","date_gmt":"2025-08-25T13:38:12","guid":{"rendered":"https:\/\/www.europesays.com\/fr\/342914\/"},"modified":"2025-08-25T13:38:12","modified_gmt":"2025-08-25T13:38:12","slug":"le-bilan-du-bombardement-israelien-sur-lhopital-nasser-passe-a-vingt-morts-dont-cinq-journalistes","status":"publish","type":"post","link":"https:\/\/www.europesays.com\/fr\/342914\/","title":{"rendered":"le bilan du bombardement isra\u00e9lien sur l\u2019h\u00f4pital Nasser passe \u00e0 vingt morts, dont cinq journalistes"},"content":{"rendered":"<p>   Ce que l\u2019on sait de la frappe isra\u00e9lienne sur l\u2019h\u00f4pital Nasser dans la bande de Gaza             <\/p>\n<p class=\"post__live-container--answer-text post__space-node\">Quatre journalistes travaillant pour des m\u00e9dias internationaux ont \u00e9t\u00e9 tu\u00e9s lundi matin dans des frappes isra\u00e9liennes sur l\u2019h\u00f4pital Nasser, \u00e0 Khan Youn\u00e8s, dans le sud de la bande de Gaza, qui a fait au total 15 morts, a annonc\u00e9 la d\u00e9fense civile du territoire palestinien. Interrog\u00e9e par l\u2019Agence France-Presse (AFP), l\u2019arm\u00e9e isra\u00e9lienne a r\u00e9pondu qu\u2019elle v\u00e9rifiait ces informations.<\/p>\n<p class=\"post__live-container--answer-text post__space-node\">Selon Mahmoud Bassal, le porte-parole de la d\u00e9fense civile, la premi\u00e8re frappe a \u00e9t\u00e9 conduite par un drone explosif, avant un bombardement a\u00e9rien ayant eu lieu alors que les bless\u00e9s \u00e9taient \u00e9vacu\u00e9s. M.\u00a0Bassal a \u00e9galement mentionn\u00e9 la mort d\u2019un soignant.<\/p>\n<p class=\"post__live-container--answer-text post__space-node\">La cha\u00eene Al-Jazira a annonc\u00e9 la mort sur place d\u2019un de ses photojournalistes et reporter d\u2019images, Mohammad Salama, deux semaines apr\u00e8s qu\u2019elle a perdu quatre journalistes et deux pigistes, dans une frappe cibl\u00e9e de l\u2019arm\u00e9e isra\u00e9lienne qui accusait l\u2019un d\u2019entre eux d\u2019\u00eatre un membre actif de la branche arm\u00e9e du mouvement islamiste palestinien Hamas.<\/p>\n<p class=\"post__live-container--answer-text post__space-node\">L\u2019agence de presse canado-britannique Reuters a d\u00e9clar\u00e9 que l\u2019un des journalistes tu\u00e9s \u00e9tait le cam\u00e9raman Hossam Al-Masri, qui travaillait pour elle. Le photographe Hatem Khaled, \u00e9galement employ\u00e9 par Reuters, a \u00e9t\u00e9 bless\u00e9 dans une deuxi\u00e8me frappe, ont pr\u00e9cis\u00e9 les autorit\u00e9s.<\/p>\n<p class=\"post__live-container--answer-text post__space-node\">L\u2019agence am\u00e9ricaine Associated Press (AP) a d\u00e9clar\u00e9 qu\u2019une autre journaliste tu\u00e9e, Mariam Dagga, collaborait avec elle, mais qu\u2019elle n\u2019\u00e9tait pas en mission pour l\u2019agence au moment des faits.<\/p>\n<p class=\"post__live-container--answer-text post__space-node\">Le syndicat des journalistes palestiniens a \u00e9galement fait \u00e9tat de la mort de quatre journalistes, indiquant les trois noms susmentionn\u00e9s ainsi que celui de Moaz Abou Taha. Selon un journaliste de l\u2019AFP \u00e0 Gaza, il travaillait aussi pour des m\u00e9dias palestiniens et internationaux.<\/p>\n<p class=\"post__live-container--answer-text post__space-node\">Plusieurs personnes bless\u00e9es, certaines couvertes de sang, ont \u00e9t\u00e9 prises en charge \u00e0 l\u2019h\u00f4pital apr\u00e8s les frappes, a constat\u00e9 un photographe de l\u2019AFP sur place. L\u2019h\u00f4pital Nasser est l\u2019un des derniers \u00e9tablissements de sant\u00e9 encore partiellement fonctionnels dans la bande de Gaza.<\/p>\n<p class=\"post__live-container--answer-text post__space-node\">La d\u00e9fense civile recensait au total 27 morts en d\u00e9but d\u2019apr\u00e8s-midi dans des tirs ou frappes de l\u2019arm\u00e9e isra\u00e9lienne lundi dans l\u2019ensemble du petit territoire c\u00f4tier palestinien.<\/p>\n<p>                 <img decoding=\"async\" class=\"post__live-container--img post__space-node\"  src=\"https:\/\/www.europesays.com\/fr\/wp-content\/uploads\/2025\/08\/a3bf899_upload-1-spswftj7zgfy-077752.jpg\" data- alt=\"Des secouristes \u00e9vacuent le corps du reporter d\u2019images palestinien Houssam Al-Masri, tu\u00e9 lors de la premi\u00e8re attaque isra\u00e9lienne sur l\u2019h\u00f4pital Nasser de Khan Youn\u00e8s le 25\u00a0ao\u00fbt\u00a02025. Cette image est issue d\u2019une vid\u00e9o tourn\u00e9e par le journaliste de l\u2019agence Reuters Hatem Khaled, qui a lui-m\u00eame \u00e9t\u00e9 bless\u00e9 quelques minutes apr\u00e8s lors de la seconde frappe qui a touch\u00e9 les secours.\"\/>   Des secouristes \u00e9vacuent le corps du reporter d\u2019images palestinien Houssam Al-Masri, tu\u00e9 lors de la premi\u00e8re attaque isra\u00e9lienne sur l\u2019h\u00f4pital Nasser de Khan Youn\u00e8s le 25\u00a0ao\u00fbt\u00a02025. Cette image est issue d\u2019une vid\u00e9o tourn\u00e9e par le journaliste de l\u2019agence Reuters Hatem Khaled, qui a lui-m\u00eame \u00e9t\u00e9 bless\u00e9 quelques minutes apr\u00e8s lors de la seconde frappe qui a touch\u00e9 les secours. HATEM KHALED\/REUTERS         <\/p>\n","protected":false},"excerpt":{"rendered":"Ce que l\u2019on sait de la frappe isra\u00e9lienne sur l\u2019h\u00f4pital Nasser dans la bande de Gaza Quatre journalistes&hellip;\n","protected":false},"author":2,"featured_media":342443,"comment_status":"","ping_status":"","sticky":false,"template":"","format":"standard","meta":{"footnotes":""},"categories":[5],"tags":[11,1011,27,14,12,28],"class_list":{"0":"post-342914","1":"post","2":"type-post","3":"status-publish","4":"format-standard","5":"has-post-thumbnail","7":"category-international","8":"tag-actualites","9":"tag-fr","10":"tag-france","11":"tag-international","12":"tag-news","13":"tag-world"},"share_on_mastodon":{"url":"https:\/\/pubeurope.com\/@fr\/115089683655296466","error":""},"_links":{"self":[{"href":"https:\/\/www.europesays.com\/fr\/wp-json\/wp\/v2\/posts\/342914","targetHints":{"allow":["GET"]}}],"collection":[{"href":"https:\/\/www.europesays.com\/fr\/wp-json\/wp\/v2\/posts"}],"about":[{"href":"https:\/\/www.europesays.com\/fr\/wp-json\/wp\/v2\/types\/post"}],"author":[{"embeddable":true,"href":"https:\/\/www.europesays.com\/fr\/wp-json\/wp\/v2\/users\/2"}],"replies":[{"embeddable":true,"href":"https:\/\/www.europesays.com\/fr\/wp-json\/wp\/v2\/comments?post=342914"}],"version-history":[{"count":0,"href":"https:\/\/www.europesays.com\/fr\/wp-json\/wp\/v2\/posts\/342914\/revisions"}],"wp:featuredmedia":[{"embeddable":true,"href":"https:\/\/www.europesays.com\/fr\/wp-json\/wp\/v2\/media\/342443"}],"wp:attachment":[{"href":"https:\/\/www.europesays.com\/fr\/wp-json\/wp\/v2\/media?parent=342914"}],"wp:term":[{"taxonomy":"category","embeddable":true,"href":"https:\/\/www.europesays.com\/fr\/wp-json\/wp\/v2\/categories?post=342914"},{"taxonomy":"post_tag","embeddable":true,"href":"https:\/\/www.europesays.com\/fr\/wp-json\/wp\/v2\/tags?post=342914"}],"curies":[{"name":"wp","href":"https:\/\/api.w.org\/{rel}","templated":true}]}}