{"id":342915,"date":"2025-08-25T13:39:12","date_gmt":"2025-08-25T13:39:12","guid":{"rendered":"https:\/\/www.europesays.com\/fr\/342915\/"},"modified":"2025-08-25T13:39:12","modified_gmt":"2025-08-25T13:39:12","slug":"un-portique-ratp-a-lorigine-dune-grosse-arnaque","status":"publish","type":"post","link":"https:\/\/www.europesays.com\/fr\/342915\/","title":{"rendered":"Un portique RATP \u00e0 l\u2019origine d\u2019une grosse \u00ab\u00a0arnaque\u00a0\u00bb"},"content":{"rendered":"<p>Une enqu\u00eate d\u2019un usager de la RATP, rapport\u00e9e par le site <a href=\"https:\/\/actu.fr\/ile-de-france\/neuilly-plaisance_93049\/une-arnaque-dans-cette-gare-du-rer-a-les-bugs-d-un-portique-ratp-peuvent-couter-de-l-argent_63067584.html\" target=\"_blank\" class=\"c-link c-link--is-underlined\" rel=\"noopener\">actu.fr<\/a>, a r\u00e9v\u00e9l\u00e9 une \u00ab\u00a0arnaque aux tickets\u00a0\u00bb, alertait-il sur les r\u00e9seaux. L\u2019ampleur et la dur\u00e9e du pr\u00e9judice restent inconnues. Ce voyageur quotidien de la gare de Neuilly-Plaisance (<a href=\"https:\/\/www.20minutes.fr\/societe\/seine-saint-denis\/\" class=\"c-link c-link--is-underlined\" target=\"_blank\" rel=\"noopener\">Seine-Saint-Denis<\/a>) avait constat\u00e9 une consommation anormale de ses tickets, avant de comprendre qu\u2019un portique d\u00e9faillant en \u00e9tait la cause.<\/p>\n<p>La gare de Neuilly-Plaisance accueille chaque ann\u00e9e 4,6\u00a0millions d\u2019usagers. Pourtant, un seul a rep\u00e9r\u00e9 le probl\u00e8me\u00a0: les portiques r\u00e9versibles (entr\u00e9e\/sortie) dysfonctionnaient. Ils comptaient une sortie \u00e0 chaque passage, m\u00eame lors des correspondances, ce qui d\u00e9bitait un ticket suppl\u00e9mentaire.<\/p>\n<p>Son pass Navigo s\u2019\u00e9puise en un temps record<\/p>\n<p>L\u2019usager, qui a d\u00e9couvert le pot aux roses, a commenc\u00e9 \u00e0 s\u2019interroger lorsque son <a href=\"https:\/\/www.20minutes.fr\/dossier\/pass_navigo\" class=\"c-link c-link--is-underlined\" target=\"_blank\" rel=\"noopener\">pass Navigo<\/a> Easy (rechargeable \u00e0 l\u2019unit\u00e9 ou par carnet de 10) se vidait beaucoup trop vite. Apr\u00e8s six mois d\u2019investigations, il a partag\u00e9 ses conclusions sur les r\u00e9seaux sociaux.<\/p>\n<\/p>\n<p>C\u00f4t\u00e9 <a href=\"https:\/\/www.20minutes.fr\/dossier\/ratp\" class=\"c-link c-link--is-underlined\" target=\"_blank\" rel=\"noopener\">RATP<\/a>, on minimise l\u2019incident et l\u2019on reste \u00e9vasif sur le nombre de clients touch\u00e9s par ce d\u00e9faut. N\u00e9anmoins, les portiques ont \u00e9t\u00e9 contr\u00f4l\u00e9s et une intervention technique a permis de r\u00e9gler le probl\u00e8me. Les usagers l\u00e9s\u00e9s sont invit\u00e9s \u00e0 contacter le service client pour conna\u00eetre la proc\u00e9dure de remboursement.<\/p>\n","protected":false},"excerpt":{"rendered":"Une enqu\u00eate d\u2019un usager de la RATP, rapport\u00e9e par le site actu.fr, a r\u00e9v\u00e9l\u00e9 une \u00ab\u00a0arnaque aux tickets\u00a0\u00bb,&hellip;\n","protected":false},"author":2,"featured_media":342916,"comment_status":"","ping_status":"","sticky":false,"template":"","format":"standard","meta":{"footnotes":""},"categories":[4],"tags":[47,11,3514,8946,1011,27,7533,662,4047,12,626,625,25,1945,104],"class_list":{"0":"post-342915","1":"post","2":"type-post","3":"status-publish","4":"format-standard","5":"has-post-thumbnail","7":"category-france","8":"tag-actualite","9":"tag-actualites","10":"tag-arnaque","11":"tag-bug","12":"tag-fr","13":"tag-france","14":"tag-gare","15":"tag-ile-de-france","16":"tag-metro","17":"tag-news","18":"tag-paris","19":"tag-ratp","20":"tag-republique-francaise","21":"tag-seine-saint-denis","22":"tag-societe"},"share_on_mastodon":{"url":"https:\/\/pubeurope.com\/@fr\/115089687689895010","error":""},"_links":{"self":[{"href":"https:\/\/www.europesays.com\/fr\/wp-json\/wp\/v2\/posts\/342915","targetHints":{"allow":["GET"]}}],"collection":[{"href":"https:\/\/www.europesays.com\/fr\/wp-json\/wp\/v2\/posts"}],"about":[{"href":"https:\/\/www.europesays.com\/fr\/wp-json\/wp\/v2\/types\/post"}],"author":[{"embeddable":true,"href":"https:\/\/www.europesays.com\/fr\/wp-json\/wp\/v2\/users\/2"}],"replies":[{"embeddable":true,"href":"https:\/\/www.europesays.com\/fr\/wp-json\/wp\/v2\/comments?post=342915"}],"version-history":[{"count":0,"href":"https:\/\/www.europesays.com\/fr\/wp-json\/wp\/v2\/posts\/342915\/revisions"}],"wp:featuredmedia":[{"embeddable":true,"href":"https:\/\/www.europesays.com\/fr\/wp-json\/wp\/v2\/media\/342916"}],"wp:attachment":[{"href":"https:\/\/www.europesays.com\/fr\/wp-json\/wp\/v2\/media?parent=342915"}],"wp:term":[{"taxonomy":"category","embeddable":true,"href":"https:\/\/www.europesays.com\/fr\/wp-json\/wp\/v2\/categories?post=342915"},{"taxonomy":"post_tag","embeddable":true,"href":"https:\/\/www.europesays.com\/fr\/wp-json\/wp\/v2\/tags?post=342915"}],"curies":[{"name":"wp","href":"https:\/\/api.w.org\/{rel}","templated":true}]}}