{"id":342917,"date":"2025-08-25T13:40:17","date_gmt":"2025-08-25T13:40:17","guid":{"rendered":"https:\/\/www.europesays.com\/fr\/342917\/"},"modified":"2025-08-25T13:40:17","modified_gmt":"2025-08-25T13:40:17","slug":"les-circonstances-seclaircissent-le-pere-depose-plainte","status":"publish","type":"post","link":"https:\/\/www.europesays.com\/fr\/342917\/","title":{"rendered":"les circonstances s&rsquo;\u00e9claircissent, le p\u00e8re d\u00e9pose plainte"},"content":{"rendered":"<p>            Par<br \/>\n        <strong><br \/>\n            <a href=\"https:\/\/actu.fr\/auteur\/eaube\" title=\"Consulter tous les articles de Elo\u00efse Aub\u00e9\" target=\"_blank\" rel=\"noopener\">Elo\u00efse Aub\u00e9<\/a><br \/>\n        <\/strong><\/p>\n<p>        Publi\u00e9 le<\/p>\n<p>            25 ao\u00fbt 2025 \u00e0 13h40        <\/p>\n<p>Une semaine apr\u00e8s le drame, on en sait un peu plus sur les circonstances de <a href=\"https:\/\/actu.fr\/normandie\/le-havre_76351\/debut-de-noyade-sur-la-plage-du-havre-un-ado-de-15-ans-secouru-par-les-sauveteurs-en-mer_63053788.html\" target=\"_blank\" rel=\"noopener\">la noyade d\u2019un jeune de 15\u00a0ans au\u00a0Havre<\/a>, mardi 19 ao\u00fbt 2025. Dans un communiqu\u00e9 de presse diffus\u00e9 ce lundi 25\u00a0ao\u00fbt, Soizic Guillaume, procureure de la R\u00e9publique au sein de la cit\u00e9 Oc\u00e9ane, pr\u00e9cise <strong>la poursuite de l\u2019enqu\u00eate et le d\u00e9p\u00f4t de plainte du p\u00e8re de la victime.<\/strong><\/p>\n<p>L\u2019autopsie confirme la noyade<\/p>\n<p class=\" wall-content\">Deux \u00e9ducateurs d\u2019un foyer situ\u00e9 \u00e0 <strong>Elbeuf (Seine-Maritime)<\/strong> accompagnent cinq mineurs \u00e0 la plage du\u00a0<a href=\"https:\/\/actu.fr\/normandie\/le-havre_76351\" target=\"_blank\" rel=\"noopener\">Havre<\/a>.\u00a0Vers 16\u00a0heures, l\u2019adolescent part nager avec un ami mais <strong>il lui est recommand\u00e9 de ne pas s\u2019\u00e9loigner sachant qu\u2019il ne sait pas nager<\/strong>.<\/p>\n<p class=\" wall-content\">Quelques minutes plus tard, l\u2019ami en question interpelle un autre nageur en lui indiquant qu\u2019il ne voit plus son comparse.<\/p>\n<blockquote class=\"ac-article-quote wall-content\">\n<p>Ce nageur se mettait \u00e0 la recherche de la victime, tandis que les \u00e9ducateurs et les secours \u00e9taient alert\u00e9s. <\/p>\n<p>    <strong>Soizic Guillaume <\/strong><br \/>\n        Procureure de la R\u00e9publique du Havre    <\/p><\/blockquote>\n<p class=\" wall-content\">Le jeune homme est finalement retrouv\u00e9 en arr\u00eat cardio-respiratoire et d\u00e9c\u00e9dera dans la soir\u00e9e \u00e0 l\u2019h\u00f4pital. \u00ab\u2009L\u2019autopsie a confirm\u00e9 que ce mineur \u00e9tait d\u00e9c\u00e9d\u00e9 par noyade\u2009\u00bb, pr\u00e9cise la magistrate.<\/p>\n<p>Le p\u00e8re d\u00e9pose plainte<\/p>\n<p class=\" wall-content\">Une enqu\u00eate est donc ouverte du chef <strong>d\u2019homicide involontaire par maladresse, imprudence ou manquement \u00e0 une obligation de s\u00e9curit\u00e9 ou de prudence<\/strong>.<\/p>\n<p class=\" wall-content\">Ainsi, \u00ab\u2009des constatations ont pu \u00eatre r\u00e9alis\u00e9es et les diff\u00e9rents protagonistes entendus. Il ressort de ces investigations que la victime a \u00e9t\u00e9 r\u00e9cup\u00e9r\u00e9e <strong>en dehors de la zone de baignade surveill\u00e9e<\/strong> et que le groupe ne s\u2019\u00e9tait pas signal\u00e9 aupr\u00e8s des secouristes avant leur arriv\u00e9e\u2009\u00bb.<\/p>\n<p class=\" wall-content\">Le p\u00e8re du jeune gar\u00e7on a d\u00e9cid\u00e9 de porter plainte. Les investigations se poursuivent.<\/p>\n<p>Votre r\u00e9gion, votre actu !<\/p>\n<p>Recevez chaque jour les infos qui comptent pour vous.<\/p>\n<p>\t<a href=\"https:\/\/actu.fr\/newsletter\" class=\"ac-btn ac-btn--corner ac-btn--medium ac-btn--blue800\" target=\"_blank\" rel=\"noopener\">S&rsquo;incrire<\/a><\/p>\n<p class=\" wall-content\">D\u2019apr\u00e8s Sant\u00e9 publique France, entre le 1er\u00a0juin et le 23\u00a0juillet 2025, <a href=\"https:\/\/actu.fr\/societe\/plus-de-200-morts-par-noyade-cet-ete-pourquoi-le-nombre-de-victimes-explose-meme-chez-les-enfants_63055046.html\" target=\"_blank\" rel=\"noopener\">702 noyades<\/a> ont eu lieu en France, contre 468 l\u2019an pass\u00e9 sur la m\u00eame p\u00e9riode. Un bond de 50\u2009%, impliquant 193 d\u00e9c\u00e8s, dont 27 chez les enfants et adolescents (contre 15 en 2024).<\/p>\n<p>Suivez l\u2019actualit\u00e9 du\u00a0Havre sur notre <a href=\"https:\/\/www.whatsapp.com\/channel\/0029VaFqJYE8aKvLBwVrEe0o\" target=\"_blank\" rel=\"noopener\">cha\u00eene WhatsApp<\/a> et sur notre <a href=\"https:\/\/www.tiktok.com\/@76actu.fr?lang=fr\" target=\"_blank\" rel=\"noopener\">compte TikTok<\/a><\/p>\n<p class=\" wall-content\">Personnalisez votre actualit\u00e9 en ajoutant vos villes et m\u00e9dias en favori avec <a href=\"https:\/\/moncompte.actu.fr\" title=\"D\u00e9couvez Mon Actu\" rel=\"nofollow noopener\" data-trk=\"{&quot;cta&quot;:{&quot;action&quot;:&quot;https:\\\/\\\/moncompte.actu.fr&quot;,&quot;category&quot;:&quot;mon compte&quot;,&quot;from&quot;:&quot;article footer&quot;,&quot;name&quot;:&quot;Mon actu&quot;,&quot;type&quot;:&quot;cta&quot;}}\" target=\"_blank\">Mon Actu<\/a>.<\/p>\n<p>                    <script async src=\"\/\/www.tiktok.com\/embed.js\"><\/script><\/p>\n","protected":false},"excerpt":{"rendered":"Par Elo\u00efse Aub\u00e9 Publi\u00e9 le 25 ao\u00fbt 2025 \u00e0 13h40 Une semaine apr\u00e8s le drame, on en sait&hellip;\n","protected":false},"author":2,"featured_media":342918,"comment_status":"","ping_status":"","sticky":false,"template":"","format":"standard","meta":{"footnotes":""},"categories":[2],"tags":[11,1719,118,1011,27,12,1072,47901],"class_list":{"0":"post-342917","1":"post","2":"type-post","3":"status-publish","4":"format-standard","5":"has-post-thumbnail","7":"category-actualites","8":"tag-actualites","9":"tag-enfants","10":"tag-faits-divers","11":"tag-fr","12":"tag-france","13":"tag-news","14":"tag-police","15":"tag-port-du-havre"},"share_on_mastodon":{"url":"https:\/\/pubeurope.com\/@fr\/115089691401570008","error":""},"_links":{"self":[{"href":"https:\/\/www.europesays.com\/fr\/wp-json\/wp\/v2\/posts\/342917","targetHints":{"allow":["GET"]}}],"collection":[{"href":"https:\/\/www.europesays.com\/fr\/wp-json\/wp\/v2\/posts"}],"about":[{"href":"https:\/\/www.europesays.com\/fr\/wp-json\/wp\/v2\/types\/post"}],"author":[{"embeddable":true,"href":"https:\/\/www.europesays.com\/fr\/wp-json\/wp\/v2\/users\/2"}],"replies":[{"embeddable":true,"href":"https:\/\/www.europesays.com\/fr\/wp-json\/wp\/v2\/comments?post=342917"}],"version-history":[{"count":0,"href":"https:\/\/www.europesays.com\/fr\/wp-json\/wp\/v2\/posts\/342917\/revisions"}],"wp:featuredmedia":[{"embeddable":true,"href":"https:\/\/www.europesays.com\/fr\/wp-json\/wp\/v2\/media\/342918"}],"wp:attachment":[{"href":"https:\/\/www.europesays.com\/fr\/wp-json\/wp\/v2\/media?parent=342917"}],"wp:term":[{"taxonomy":"category","embeddable":true,"href":"https:\/\/www.europesays.com\/fr\/wp-json\/wp\/v2\/categories?post=342917"},{"taxonomy":"post_tag","embeddable":true,"href":"https:\/\/www.europesays.com\/fr\/wp-json\/wp\/v2\/tags?post=342917"}],"curies":[{"name":"wp","href":"https:\/\/api.w.org\/{rel}","templated":true}]}}