{"id":342919,"date":"2025-08-25T13:41:14","date_gmt":"2025-08-25T13:41:14","guid":{"rendered":"https:\/\/www.europesays.com\/fr\/342919\/"},"modified":"2025-08-25T13:41:14","modified_gmt":"2025-08-25T13:41:14","slug":"saint-chamond-la-route-du-langonand-fermee-en-direction-de-sorbiers-2","status":"publish","type":"post","link":"https:\/\/www.europesays.com\/fr\/342919\/","title":{"rendered":"Saint-Chamond : la route du Langonand ferm\u00e9e en direction de Sorbiers"},"content":{"rendered":"<p>Apr\u00e8s une premi\u00e8re phase en juillet, les travaux de renouvellement d&rsquo;une conduite d&rsquo;eau potable reprennent, ce lundi 25 ao\u00fbt, sur la route du Langonand, entre Saint-Chamond et Sorbiers.<\/p>\n<p>Pr\u00e8s de deux mois de perturbation \u00e0 pr\u00e9voir !<\/p>\n<p>Le trafic s&rsquo;annonce compliqu\u00e9 dans les prochaines semaines entre <b>Saint-Chamond<\/b> et <b>Sorbiers<\/b>. Les travaux de renouvellement d&rsquo;une conduite d&rsquo;eau potable entrent dans leur deuxi\u00e8me et derni\u00e8re phase sur la <b>route du Langonand<\/b>.<\/p>\n<p>Une circulation altern\u00e9e de 18h \u00e0 9h<\/p>\n<p>\u00c0 partir de ce lundi 25 ao\u00fbt, <b>la circulation sera interrompue en semaine de 9h \u00e0 18h<\/b> dans le sens Saint-Chamond &#8211; Sorbiers.<\/p>\n<p>Une d\u00e9viation est conseill\u00e9e par la RN88 et l&rsquo;A72, avant de prendre la sortie n\u00b015 \u00ab\u00a0Sorbiers &#8211; M\u00e9ons\u00a0\u00bb.<\/p>\n<p>Entre 18h et 9h, une circulation altern\u00e9e sera mise en place avec un feu tricolore.<\/p>\n<p>Les travaux sont pr\u00e9vus <b>jusqu&rsquo;au 24 octobre<\/b>.<\/p>\n<p><img loading=\"lazy\" decoding=\"async\" src=\"https:\/\/www.europesays.com\/fr\/wp-content\/uploads\/2025\/08\/1756129274_172_img\" width=\"350\" height=\"200\" border=\"0\" title=\"L'\u00c3\u00a9changeur de la Gouyonni\u00c3\u00a8re, sur l'A72, \u00c3\u00a0 Andr\u00c3\u00a9zieux-Bouth\u00c3\u00a9on (Loire)\"\/><\/p>\n<p>\u25baTrafic<\/p>\n<p style=\"font-size: 22px;\"><b>Andr\u00e9zieux-Bouth\u00e9on : les travaux se terminent cette semaine sur l&rsquo;A72<\/b><\/p>\n<p>Apr\u00e8s plus de deux mois de perturbation, le chantier&#8230;<\/p>\n<p><\/p>\n","protected":false},"excerpt":{"rendered":"Apr\u00e8s une premi\u00e8re phase en juillet, les travaux de renouvellement d&rsquo;une conduite d&rsquo;eau potable reprennent, ce lundi 25&hellip;\n","protected":false},"author":2,"featured_media":342797,"comment_status":"","ping_status":"","sticky":false,"template":"","format":"standard","meta":{"footnotes":""},"categories":[9653],"tags":[1111,11,2430,4107,47891,1777,674,1011,27,47890,12,25,47892,9669,4001,17204,2086],"class_list":{"0":"post-342919","1":"post","2":"type-post","3":"status-publish","4":"format-standard","5":"has-post-thumbnail","7":"category-saint-etienne","8":"tag-actu","9":"tag-actualites","10":"tag-auvergne-rhone-alpes","11":"tag-chantier","12":"tag-d1498","13":"tag-eu","14":"tag-europe","15":"tag-fr","16":"tag-france","17":"tag-langonand","18":"tag-news","19":"tag-republique-francaise","20":"tag-saint-tienne-mtropole","21":"tag-saint-chamond","22":"tag-saint-etienne","23":"tag-sorbiers","24":"tag-travaux"},"share_on_mastodon":{"url":"https:\/\/pubeurope.com\/@fr\/115089695571248965","error":""},"_links":{"self":[{"href":"https:\/\/www.europesays.com\/fr\/wp-json\/wp\/v2\/posts\/342919","targetHints":{"allow":["GET"]}}],"collection":[{"href":"https:\/\/www.europesays.com\/fr\/wp-json\/wp\/v2\/posts"}],"about":[{"href":"https:\/\/www.europesays.com\/fr\/wp-json\/wp\/v2\/types\/post"}],"author":[{"embeddable":true,"href":"https:\/\/www.europesays.com\/fr\/wp-json\/wp\/v2\/users\/2"}],"replies":[{"embeddable":true,"href":"https:\/\/www.europesays.com\/fr\/wp-json\/wp\/v2\/comments?post=342919"}],"version-history":[{"count":0,"href":"https:\/\/www.europesays.com\/fr\/wp-json\/wp\/v2\/posts\/342919\/revisions"}],"wp:featuredmedia":[{"embeddable":true,"href":"https:\/\/www.europesays.com\/fr\/wp-json\/wp\/v2\/media\/342797"}],"wp:attachment":[{"href":"https:\/\/www.europesays.com\/fr\/wp-json\/wp\/v2\/media?parent=342919"}],"wp:term":[{"taxonomy":"category","embeddable":true,"href":"https:\/\/www.europesays.com\/fr\/wp-json\/wp\/v2\/categories?post=342919"},{"taxonomy":"post_tag","embeddable":true,"href":"https:\/\/www.europesays.com\/fr\/wp-json\/wp\/v2\/tags?post=342919"}],"curies":[{"name":"wp","href":"https:\/\/api.w.org\/{rel}","templated":true}]}}