{"id":342926,"date":"2025-08-25T13:45:21","date_gmt":"2025-08-25T13:45:21","guid":{"rendered":"https:\/\/www.europesays.com\/fr\/342926\/"},"modified":"2025-08-25T13:45:21","modified_gmt":"2025-08-25T13:45:21","slug":"une-explosion-suivie-dun-feu-se-declare-dans-un-appartement-a-la-seyne-un-blesse-a-ete-pris-en-charge","status":"publish","type":"post","link":"https:\/\/www.europesays.com\/fr\/342926\/","title":{"rendered":"Une explosion suivie d\u2019un feu se d\u00e9clare dans un appartement \u00e0 La Seyne, un bless\u00e9 a \u00e9t\u00e9 pris en charge"},"content":{"rendered":"<p>Ce lundi peu apr\u00e8s 14h, une explosion s\u2019est produite dans un logement situ\u00e9 au 5e \u00e9tage de la r\u00e9sidence La Floraison, avenue Saint-Exup\u00e9ry, \u00e0 La Seyne. Un feu s\u2019est ensuite d\u00e9clar\u00e9, n\u00e9cessitant l\u2019\u00e9vacuation de toutes les personnes pr\u00e9sente dans cet immeuble.<\/p>\n<p>L\u2019intervention massive et rapide des pompiers, au nombre de 30 avec plusieurs engins de lutte, a permis de ma\u00eetriser le sinistre et d\u2019emp\u00eacher sa propagation aux autres habitations. Un r\u00e9sident, bless\u00e9 l\u00e9g\u00e8rement, a \u00e9t\u00e9 pris en charge par les secours.<\/p>\n<p>La police nationale et une \u00e9quipe d\u2019Enedis se sont \u00e9galement rendues sur place.<\/p>\n","protected":false},"excerpt":{"rendered":"Ce lundi peu apr\u00e8s 14h, une explosion s\u2019est produite dans un logement situ\u00e9 au 5e \u00e9tage de la&hellip;\n","protected":false},"author":2,"featured_media":342927,"comment_status":"","ping_status":"","sticky":false,"template":"","format":"standard","meta":{"footnotes":""},"categories":[9619],"tags":[1111,11,1777,674,118,1011,27,12,882,25,2310,3366],"class_list":{"0":"post-342926","1":"post","2":"type-post","3":"status-publish","4":"format-standard","5":"has-post-thumbnail","7":"category-toulon","8":"tag-actu","9":"tag-actualites","10":"tag-eu","11":"tag-europe","12":"tag-faits-divers","13":"tag-fr","14":"tag-france","15":"tag-news","16":"tag-provence-alpes-cote-dazur","17":"tag-republique-francaise","18":"tag-toulon","19":"tag-vie-locale"},"share_on_mastodon":{"url":"https:\/\/pubeurope.com\/@fr\/115089711006467168","error":""},"_links":{"self":[{"href":"https:\/\/www.europesays.com\/fr\/wp-json\/wp\/v2\/posts\/342926","targetHints":{"allow":["GET"]}}],"collection":[{"href":"https:\/\/www.europesays.com\/fr\/wp-json\/wp\/v2\/posts"}],"about":[{"href":"https:\/\/www.europesays.com\/fr\/wp-json\/wp\/v2\/types\/post"}],"author":[{"embeddable":true,"href":"https:\/\/www.europesays.com\/fr\/wp-json\/wp\/v2\/users\/2"}],"replies":[{"embeddable":true,"href":"https:\/\/www.europesays.com\/fr\/wp-json\/wp\/v2\/comments?post=342926"}],"version-history":[{"count":0,"href":"https:\/\/www.europesays.com\/fr\/wp-json\/wp\/v2\/posts\/342926\/revisions"}],"wp:featuredmedia":[{"embeddable":true,"href":"https:\/\/www.europesays.com\/fr\/wp-json\/wp\/v2\/media\/342927"}],"wp:attachment":[{"href":"https:\/\/www.europesays.com\/fr\/wp-json\/wp\/v2\/media?parent=342926"}],"wp:term":[{"taxonomy":"category","embeddable":true,"href":"https:\/\/www.europesays.com\/fr\/wp-json\/wp\/v2\/categories?post=342926"},{"taxonomy":"post_tag","embeddable":true,"href":"https:\/\/www.europesays.com\/fr\/wp-json\/wp\/v2\/tags?post=342926"}],"curies":[{"name":"wp","href":"https:\/\/api.w.org\/{rel}","templated":true}]}}