{"id":342928,"date":"2025-08-25T13:46:18","date_gmt":"2025-08-25T13:46:18","guid":{"rendered":"https:\/\/www.europesays.com\/fr\/342928\/"},"modified":"2025-08-25T13:46:18","modified_gmt":"2025-08-25T13:46:18","slug":"toulon-ceremonie-de-passation-de-commandement-de-la-force-de-laeronautique-navale","status":"publish","type":"post","link":"https:\/\/www.europesays.com\/fr\/342928\/","title":{"rendered":"TOULON : C\u00e9r\u00e9monie de passation de commandement de la force de l&rsquo;a\u00e9ronautique navale"},"content":{"rendered":"<p><strong>Le contre-amiral (CA) David DESFOUGERES prendra, le mercredi 27 ao\u00fbt 2025, la t\u00eate de la force de l\u2019a\u00e9ronautique navale. <\/strong><\/p>\n<p>C\u2019est au sein de la base d\u2019a\u00e9ronautique navale de Hy\u00e8res, au cours d\u2019une c\u00e9r\u00e9monie pr\u00e9sid\u00e9e par l\u2019amiral Nicolas VAUJOUR, chef d\u2019\u00e9tat-major de la Marine (CEMM), que le CA David DESFOUGERES succ\u00e8dera au vice-amiral d\u2019escadre (VAE) Serge BORDARIER.<br \/>Cette c\u00e9r\u00e9monie se d\u00e9roulera \u00e0 9h30 sur le site de la base d\u2019a\u00e9ronautique navale de Hy\u00e8res en pr\u00e9sence de l\u2019amiral Nicolas VAUJOUR (CEMM), du VAE Serge BORDARIER commandant quittant la force de l\u2019a\u00e9ronautique navale, des commandants de formation, de flottilles et de d\u00e9tachements.<br \/>Cette passation de commandement sera l\u2019occasion de saluer le service rendu par le VAE Serge BORDARIER apr\u00e8s trois ann\u00e9es pass\u00e9es \u00e0 la t\u00eate de la force de l\u2019a\u00e9ronautique navale, et d\u2019accueillir son nouveau commandement.<\/p>\n<p><strong>Photo Philippe OLIVIER (PRESSE AGENCE \u2013 LA GAZETTE DU VAR).<\/strong><\/p>\n","protected":false},"excerpt":{"rendered":"Le contre-amiral (CA) David DESFOUGERES prendra, le mercredi 27 ao\u00fbt 2025, la t\u00eate de la force de l\u2019a\u00e9ronautique&hellip;\n","protected":false},"author":2,"featured_media":342929,"comment_status":"","ping_status":"","sticky":false,"template":"","format":"standard","meta":{"footnotes":""},"categories":[9619],"tags":[1111,11,1777,674,1011,27,12,882,25,2310],"class_list":{"0":"post-342928","1":"post","2":"type-post","3":"status-publish","4":"format-standard","5":"has-post-thumbnail","7":"category-toulon","8":"tag-actu","9":"tag-actualites","10":"tag-eu","11":"tag-europe","12":"tag-fr","13":"tag-france","14":"tag-news","15":"tag-provence-alpes-cote-dazur","16":"tag-republique-francaise","17":"tag-toulon"},"share_on_mastodon":{"url":"https:\/\/pubeurope.com\/@fr\/115089715065909629","error":""},"_links":{"self":[{"href":"https:\/\/www.europesays.com\/fr\/wp-json\/wp\/v2\/posts\/342928","targetHints":{"allow":["GET"]}}],"collection":[{"href":"https:\/\/www.europesays.com\/fr\/wp-json\/wp\/v2\/posts"}],"about":[{"href":"https:\/\/www.europesays.com\/fr\/wp-json\/wp\/v2\/types\/post"}],"author":[{"embeddable":true,"href":"https:\/\/www.europesays.com\/fr\/wp-json\/wp\/v2\/users\/2"}],"replies":[{"embeddable":true,"href":"https:\/\/www.europesays.com\/fr\/wp-json\/wp\/v2\/comments?post=342928"}],"version-history":[{"count":0,"href":"https:\/\/www.europesays.com\/fr\/wp-json\/wp\/v2\/posts\/342928\/revisions"}],"wp:featuredmedia":[{"embeddable":true,"href":"https:\/\/www.europesays.com\/fr\/wp-json\/wp\/v2\/media\/342929"}],"wp:attachment":[{"href":"https:\/\/www.europesays.com\/fr\/wp-json\/wp\/v2\/media?parent=342928"}],"wp:term":[{"taxonomy":"category","embeddable":true,"href":"https:\/\/www.europesays.com\/fr\/wp-json\/wp\/v2\/categories?post=342928"},{"taxonomy":"post_tag","embeddable":true,"href":"https:\/\/www.europesays.com\/fr\/wp-json\/wp\/v2\/tags?post=342928"}],"curies":[{"name":"wp","href":"https:\/\/api.w.org\/{rel}","templated":true}]}}