{"id":342932,"date":"2025-08-25T13:48:15","date_gmt":"2025-08-25T13:48:15","guid":{"rendered":"https:\/\/www.europesays.com\/fr\/342932\/"},"modified":"2025-08-25T13:48:15","modified_gmt":"2025-08-25T13:48:15","slug":"initiation-ludique-a-lescalade-au-polygone","status":"publish","type":"post","link":"https:\/\/www.europesays.com\/fr\/342932\/","title":{"rendered":"initiation ludique \u00e0 l&rsquo;escalade au Polygone"},"content":{"rendered":"<p>\nJusqu&rsquo;au 29 ao\u00fbt prochain, les enfants pourront s&rsquo;initier \u00e0 l&rsquo;escalade \u00e0 travers les conseils avis\u00e9s de professionnels.<\/p>\n<p>\n\u00a9 Polygone Montpellier \u2013 rendez-vous jusqu\u2019au 29 ao\u00fbt.<\/p>\n<p>Depuis ce samedi 23 ao\u00fbt, le <strong>centre commercial Polygone<\/strong> \u00e0 <a href=\"https:\/\/infoccitanie.fr\/tag\/montpellier\/\" rel=\"nofollow noopener\" target=\"_blank\">Montpellier<\/a>, en partenariat avec la salle d\u2019escalade Boulder Line, propose une<strong> initiation ludique \u00e0 l\u2019escalade<\/strong>. En effet, les enfants \u00e2g\u00e9s de 4 \u00e0 10 ans sont convi\u00e9s \u00e0 tester leur agilit\u00e9 sur un mur d\u2019escalade. Cette animation, situ\u00e9e niveau Verri\u00e8re du centre commercial, est <strong>encadr\u00e9e par des professionnels<\/strong> dans un cadre enti\u00e8rement s\u00e9curis\u00e9. Rendez-vous<strong> de 10 heures \u00e0 18 heures<\/strong> jusqu\u2019au vendredi 29 ao\u00fbt.<\/p>\n<p><a data-no-instant=\"1\" href=\"https:\/\/www.lio-occitanie.fr\/titres-et-tarifs\/\" rel=\"noopener nofollow\" class=\"a2t-link\" aria-label=\"2915-lio-sncf-2025\" target=\"_blank\"><img decoding=\"async\" src=\"https:\/\/www.europesays.com\/fr\/wp-content\/uploads\/2025\/08\/2915-lio-sncf-2025.png\" alt=\"\"  \/><\/a><\/p>\n","protected":false},"excerpt":{"rendered":"Jusqu&rsquo;au 29 ao\u00fbt prochain, les enfants pourront s&rsquo;initier \u00e0 l&rsquo;escalade \u00e0 travers les conseils avis\u00e9s de professionnels. \u00a9&hellip;\n","protected":false},"author":2,"featured_media":342933,"comment_status":"","ping_status":"","sticky":false,"template":"","format":"standard","meta":{"footnotes":""},"categories":[9599],"tags":[1111,11,1777,674,1011,27,2208,12,2680,39975,25],"class_list":{"0":"post-342932","1":"post","2":"type-post","3":"status-publish","4":"format-standard","5":"has-post-thumbnail","7":"category-montpellier","8":"tag-actu","9":"tag-actualites","10":"tag-eu","11":"tag-europe","12":"tag-fr","13":"tag-france","14":"tag-montpellier","15":"tag-news","16":"tag-occitanie","17":"tag-polygone","18":"tag-republique-francaise"},"share_on_mastodon":{"url":"https:\/\/pubeurope.com\/@fr\/115089723409560307","error":""},"_links":{"self":[{"href":"https:\/\/www.europesays.com\/fr\/wp-json\/wp\/v2\/posts\/342932","targetHints":{"allow":["GET"]}}],"collection":[{"href":"https:\/\/www.europesays.com\/fr\/wp-json\/wp\/v2\/posts"}],"about":[{"href":"https:\/\/www.europesays.com\/fr\/wp-json\/wp\/v2\/types\/post"}],"author":[{"embeddable":true,"href":"https:\/\/www.europesays.com\/fr\/wp-json\/wp\/v2\/users\/2"}],"replies":[{"embeddable":true,"href":"https:\/\/www.europesays.com\/fr\/wp-json\/wp\/v2\/comments?post=342932"}],"version-history":[{"count":0,"href":"https:\/\/www.europesays.com\/fr\/wp-json\/wp\/v2\/posts\/342932\/revisions"}],"wp:featuredmedia":[{"embeddable":true,"href":"https:\/\/www.europesays.com\/fr\/wp-json\/wp\/v2\/media\/342933"}],"wp:attachment":[{"href":"https:\/\/www.europesays.com\/fr\/wp-json\/wp\/v2\/media?parent=342932"}],"wp:term":[{"taxonomy":"category","embeddable":true,"href":"https:\/\/www.europesays.com\/fr\/wp-json\/wp\/v2\/categories?post=342932"},{"taxonomy":"post_tag","embeddable":true,"href":"https:\/\/www.europesays.com\/fr\/wp-json\/wp\/v2\/tags?post=342932"}],"curies":[{"name":"wp","href":"https:\/\/api.w.org\/{rel}","templated":true}]}}