{"id":342934,"date":"2025-08-25T13:49:09","date_gmt":"2025-08-25T13:49:09","guid":{"rendered":"https:\/\/www.europesays.com\/fr\/342934\/"},"modified":"2025-08-25T13:49:09","modified_gmt":"2025-08-25T13:49:09","slug":"une-maison-detruite-et-des-habitants-en-attente-de-relogement","status":"publish","type":"post","link":"https:\/\/www.europesays.com\/fr\/342934\/","title":{"rendered":"une maison d\u00e9truite et des habitants en attente de relogement"},"content":{"rendered":"<p>            Par<br \/>\n        <strong><br \/>\n            <a href=\"https:\/\/actu.fr\/auteur\/thomas-rideau\" title=\"Consulter tous les articles de Thomas Rideau\" rel=\"nofollow noopener\" target=\"_blank\">Thomas Rideau<\/a><br \/>\n        <\/strong><\/p>\n<p>        Publi\u00e9 le<\/p>\n<p>            25 ao\u00fbt 2025 \u00e0 15h41        <\/p>\n<p>Un violent incendie a eu lieu pr\u00e8s de <a href=\"https:\/\/actu.fr\/normandie\/rouen_76540\" rel=\"nofollow noopener\" target=\"_blank\">Rouen (Seine-Maritime)<\/a>, \u00e0<strong> Boos<\/strong>, ce lundi 25 ao\u00fbt 2025. Le sinistre s\u2019est d\u00e9clench\u00e9 all\u00e9e des Saules, apprend-on du<strong> Service d\u00e9partemental d\u2019incendie<\/strong> <strong>et de secours<\/strong> (Sdis) de la Seine-Maritime.<\/p>\n<p>Six habitants relog\u00e9s<\/p>\n<p class=\" wall-content\">Les secours ont \u00e9t\u00e9 appel\u00e9s vers 13h30 pour un feu d\u2019habitation qui commen\u00e7ait \u00e0 se propager \u00e0<strong> une seconde maison mitoyenne<\/strong>. En milieu d\u2019apr\u00e8s-midi, <a href=\"https:\/\/actu.fr\/tag\/pompiers\" rel=\"nofollow noopener\" target=\"_blank\">les sapeurs-pompiers<\/a> \u00e9taient parvenus \u00e0 \u00ab\u2009circonscrire\u2009\u00bb le feu, mais ce dernier n\u2019\u00e9tait pas encore \u00e9teint.<\/p>\n<p class=\" wall-content\">Six habitants vont devoir \u00eatre<strong> relog\u00e9s par la mairie<\/strong>. Les pompiers pr\u00e9cisent qu\u2019il n\u2019y a pas de bless\u00e9. En tout, dix-sept d\u2019entre eux \u00e9taient pr\u00e9sents pour \u00e9teindre le feu.<\/p>\n<p>Suivez l\u2019actualit\u00e9 de Rouen <a href=\"https:\/\/www.whatsapp.com\/channel\/0029VaKfnf99hXF2ddApFB1D\" rel=\"nofollow noopener\" target=\"_blank\">sur notre cha\u00eene WhatsApp<\/a> et <a href=\"https:\/\/www.tiktok.com\/@76actu.fr?lang=fr\" rel=\"nofollow noopener\" target=\"_blank\">sur notre compte TikTok<\/a><\/p>\n<p class=\" wall-content\">Personnalisez votre actualit\u00e9 en ajoutant vos villes et m\u00e9dias en favori avec <a href=\"https:\/\/moncompte.actu.fr\" title=\"D\u00e9couvez Mon Actu\" rel=\"nofollow noopener\" data-trk=\"{&quot;cta&quot;:{&quot;action&quot;:&quot;https:\\\/\\\/moncompte.actu.fr&quot;,&quot;category&quot;:&quot;mon compte&quot;,&quot;from&quot;:&quot;article footer&quot;,&quot;name&quot;:&quot;Mon actu&quot;,&quot;type&quot;:&quot;cta&quot;}}\" target=\"_blank\">Mon Actu<\/a>.<\/p>\n<p>                    <script async src=\"\/\/www.tiktok.com\/embed.js\"><\/script><\/p>\n","protected":false},"excerpt":{"rendered":"Par Thomas Rideau Publi\u00e9 le 25 ao\u00fbt 2025 \u00e0 15h41 Un violent incendie a eu lieu pr\u00e8s de&hellip;\n","protected":false},"author":2,"featured_media":338767,"comment_status":"","ping_status":"","sticky":false,"template":"","format":"standard","meta":{"footnotes":""},"categories":[9587],"tags":[1111,11,1777,674,118,1011,27,1310,12,5161,1311,25,9590],"class_list":{"0":"post-342934","1":"post","2":"type-post","3":"status-publish","4":"format-standard","5":"has-post-thumbnail","7":"category-rouen","8":"tag-actu","9":"tag-actualites","10":"tag-eu","11":"tag-europe","12":"tag-faits-divers","13":"tag-fr","14":"tag-france","15":"tag-incendie","16":"tag-news","17":"tag-normandie","18":"tag-pompiers","19":"tag-republique-francaise","20":"tag-rouen"},"share_on_mastodon":{"url":"https:\/\/pubeurope.com\/@fr\/115089726938500236","error":""},"_links":{"self":[{"href":"https:\/\/www.europesays.com\/fr\/wp-json\/wp\/v2\/posts\/342934","targetHints":{"allow":["GET"]}}],"collection":[{"href":"https:\/\/www.europesays.com\/fr\/wp-json\/wp\/v2\/posts"}],"about":[{"href":"https:\/\/www.europesays.com\/fr\/wp-json\/wp\/v2\/types\/post"}],"author":[{"embeddable":true,"href":"https:\/\/www.europesays.com\/fr\/wp-json\/wp\/v2\/users\/2"}],"replies":[{"embeddable":true,"href":"https:\/\/www.europesays.com\/fr\/wp-json\/wp\/v2\/comments?post=342934"}],"version-history":[{"count":0,"href":"https:\/\/www.europesays.com\/fr\/wp-json\/wp\/v2\/posts\/342934\/revisions"}],"wp:featuredmedia":[{"embeddable":true,"href":"https:\/\/www.europesays.com\/fr\/wp-json\/wp\/v2\/media\/338767"}],"wp:attachment":[{"href":"https:\/\/www.europesays.com\/fr\/wp-json\/wp\/v2\/media?parent=342934"}],"wp:term":[{"taxonomy":"category","embeddable":true,"href":"https:\/\/www.europesays.com\/fr\/wp-json\/wp\/v2\/categories?post=342934"},{"taxonomy":"post_tag","embeddable":true,"href":"https:\/\/www.europesays.com\/fr\/wp-json\/wp\/v2\/tags?post=342934"}],"curies":[{"name":"wp","href":"https:\/\/api.w.org\/{rel}","templated":true}]}}