{"id":342939,"date":"2025-08-25T13:52:11","date_gmt":"2025-08-25T13:52:11","guid":{"rendered":"https:\/\/www.europesays.com\/fr\/342939\/"},"modified":"2025-08-25T13:52:11","modified_gmt":"2025-08-25T13:52:11","slug":"grenoble-un-chirurgien-suspecte-dhomicides-involontaires-la-justice-tranche","status":"publish","type":"post","link":"https:\/\/www.europesays.com\/fr\/342939\/","title":{"rendered":"Grenoble. Un chirurgien suspect\u00e9 d&rsquo;homicides involontaires, la justice tranche"},"content":{"rendered":"<p>            Par<br \/>\n        <strong><br \/>\n            <a href=\"https:\/\/actu.fr\/auteur\/emma-ressegaire\" title=\"Consulter tous les articles de Emma Ressegaire\" target=\"_blank\" rel=\"noopener\">Emma Ressegaire<\/a><br \/>\n        <\/strong><\/p>\n<p>        Publi\u00e9 le<\/p>\n<p>            25 ao\u00fbt 2025 \u00e0 15h43        <\/p>\n<p>Ce vendredi 22 ao\u00fbt, la justice a tranch\u00e9. La chambre de l\u2019instruction de la cour d\u2019appel de l\u2019<a href=\"https:\/\/actu.fr\/auvergne-rhone-alpes\/isere_38\" target=\"_blank\" rel=\"noopener\">Is\u00e8re<\/a> a <strong>rejet\u00e9 la demande<\/strong> du Dr Herv\u00e9 V., chirurgien orthop\u00e9diste de la clinique des C\u00e8dres d\u2019\u00c9chirolles suspect\u00e9 d\u2019homicides et blessures involontaires, qui souhaitait reprendre son activit\u00e9. D\u2019apr\u00e8s nos confr\u00e8res du <a href=\"https:\/\/c.ledauphine.com\/faits-divers-justice\/2025\/08\/22\/affaire-du-dr-v-la-justice-interdit-au-medecin-la-reprise-de-son-activite-chirurgicale\" target=\"_blank\" rel=\"noopener\">Dauphin\u00e9 Lib\u00e9r\u00e9<\/a>, il ne pourra donc pas exercer \u00e0 nouveau la chirurgie car les juges d\u2019appel ont consid\u00e9r\u00e9 que <strong>la s\u00e9curit\u00e9 des patients n\u2019\u00e9tait pas garantie<\/strong>.<br \/>Et toujours d\u2019apr\u00e8s le m\u00e9dia, son avocat pr\u00e9parerait \u00ab\u00a0un<strong> pourvoi<\/strong> pour les jours \u00e0 venir\u00a0\u00bb.<\/p>\n<p>Un feuilleton judiciaire<\/p>\n<p class=\" wall-content\">Depuis janvier 2025, le m\u00e9decin \u00e9tait <strong>autoris\u00e9 \u00e0 recevoir des patients en consultation<\/strong> mais il souhaitait \u00e9largir son droit d\u2019exercer aux op\u00e9rations. Ce refus d\u2019autorisation chirurgicale est un nouvel \u00e9pisode de ce dossier judiciaire qui dure maintenant depuis plusieurs ann\u00e9es.<\/p>\n<p class=\" wall-content\">C\u2019est <strong>en 2019<\/strong> que le Dr Herv\u00e9 V. est accus\u00e9 d\u2019avoir exerc\u00e9 une cinquantaine d\u2019interventions chirurgicales sans justification m\u00e9dicale. Il avait alors \u00e9cop\u00e9 d\u2019une interdiction d\u2019exercer. Mais l\u2019affaire s\u2019\u00e9tait r\u00e9v\u00e9l\u00e9e \u00eatre une v\u00e9ritable saga judiciaire avec<strong> une enqu\u00eate pr\u00e9liminaire pour escroquerie, homicides et blessures involontaires<\/strong>.<\/p>\n<p>Mis en examen en 2020<\/p>\n<p class=\" wall-content\">Le professionnel de sant\u00e9 grenoblois avait \u00e9t\u00e9 mis en examen en juin 2020 pour <strong>deux homicides involontaires<\/strong> et 74 cas de blessures involontaires. Une partie des poursuites avait \u00e9t\u00e9 annul\u00e9e en 2021, ramenant le nombre de dossiers \u00e0 42.<\/p>\n<p class=\" wall-content\">Plus r\u00e9cemment, en juillet 2025, la chambre civile de la cour d\u2019appel de Grenoble a condamn\u00e9 le m\u00e9decin et la clinique des C\u00e8dres \u00e0 indemniser un ancien patient \u00e0 hauteur de pr\u00e8s d\u2019<strong>un million d\u2019euros<\/strong> pour un pr\u00e9judice rencontr\u00e9 \u00e0 la suite d\u2019une chirurgie du dos.<\/p>\n<p class=\" wall-content\">Personnalisez votre actualit\u00e9 en ajoutant vos villes et m\u00e9dias en favori avec <a href=\"https:\/\/moncompte.actu.fr\" title=\"D\u00e9couvez Mon Actu\" rel=\"nofollow noopener\" data-trk=\"{&quot;cta&quot;:{&quot;action&quot;:&quot;https:\\\/\\\/moncompte.actu.fr&quot;,&quot;category&quot;:&quot;mon compte&quot;,&quot;from&quot;:&quot;article footer&quot;,&quot;name&quot;:&quot;Mon actu&quot;,&quot;type&quot;:&quot;cta&quot;}}\" target=\"_blank\">Mon Actu<\/a>.<\/p>\n","protected":false},"excerpt":{"rendered":"Par Emma Ressegaire Publi\u00e9 le 25 ao\u00fbt 2025 \u00e0 15h43 Ce vendredi 22 ao\u00fbt, la justice a tranch\u00e9.&hellip;\n","protected":false},"author":2,"featured_media":342940,"comment_status":"","ping_status":"","sticky":false,"template":"","format":"standard","meta":{"footnotes":""},"categories":[9566],"tags":[1111,11,2430,1777,674,1011,27,2731,303,12,25,71,104],"class_list":{"0":"post-342939","1":"post","2":"type-post","3":"status-publish","4":"format-standard","5":"has-post-thumbnail","7":"category-grenoble","8":"tag-actu","9":"tag-actualites","10":"tag-auvergne-rhone-alpes","11":"tag-eu","12":"tag-europe","13":"tag-fr","14":"tag-france","15":"tag-grenoble","16":"tag-justice","17":"tag-news","18":"tag-republique-francaise","19":"tag-sante","20":"tag-societe"},"share_on_mastodon":{"url":"https:\/\/pubeurope.com\/@fr\/115089738574760137","error":""},"_links":{"self":[{"href":"https:\/\/www.europesays.com\/fr\/wp-json\/wp\/v2\/posts\/342939","targetHints":{"allow":["GET"]}}],"collection":[{"href":"https:\/\/www.europesays.com\/fr\/wp-json\/wp\/v2\/posts"}],"about":[{"href":"https:\/\/www.europesays.com\/fr\/wp-json\/wp\/v2\/types\/post"}],"author":[{"embeddable":true,"href":"https:\/\/www.europesays.com\/fr\/wp-json\/wp\/v2\/users\/2"}],"replies":[{"embeddable":true,"href":"https:\/\/www.europesays.com\/fr\/wp-json\/wp\/v2\/comments?post=342939"}],"version-history":[{"count":0,"href":"https:\/\/www.europesays.com\/fr\/wp-json\/wp\/v2\/posts\/342939\/revisions"}],"wp:featuredmedia":[{"embeddable":true,"href":"https:\/\/www.europesays.com\/fr\/wp-json\/wp\/v2\/media\/342940"}],"wp:attachment":[{"href":"https:\/\/www.europesays.com\/fr\/wp-json\/wp\/v2\/media?parent=342939"}],"wp:term":[{"taxonomy":"category","embeddable":true,"href":"https:\/\/www.europesays.com\/fr\/wp-json\/wp\/v2\/categories?post=342939"},{"taxonomy":"post_tag","embeddable":true,"href":"https:\/\/www.europesays.com\/fr\/wp-json\/wp\/v2\/tags?post=342939"}],"curies":[{"name":"wp","href":"https:\/\/api.w.org\/{rel}","templated":true}]}}