{"id":342941,"date":"2025-08-25T13:53:17","date_gmt":"2025-08-25T13:53:17","guid":{"rendered":"https:\/\/www.europesays.com\/fr\/342941\/"},"modified":"2025-08-25T13:53:17","modified_gmt":"2025-08-25T13:53:17","slug":"cinema-et-multisports-nos-idees-de-sorties-pour-ce-lundi-25-aout-a-rennes","status":"publish","type":"post","link":"https:\/\/www.europesays.com\/fr\/342941\/","title":{"rendered":"Cin\u00e9ma et multisports\u2026 Nos id\u00e9es de sorties pour ce lundi 25\u00a0ao\u00fbt \u00e0 Rennes"},"content":{"rendered":"<p>Cin\u00e9 plein air avec Rasta Rockett au parc des Hautes-Ourmes<\/p>\n<p>L\u2019association de promotion du cin\u00e9ma Clair Obscur et la Ville projettent des films en plein air cet \u00e9t\u00e9. Ce lundi, Rasta Rockett, de Jon Turteltaub, a \u00e9t\u00e9 choisi pour \u00eatre diffus\u00e9 au parc des Hautes-Ourmes. Cette com\u00e9die revient sur l\u2019histoire d\u2019une \u00e9quipe jama\u00efcaine de bobsleigh, d\u00e9fiant tous les pronostics en participant aux Jeux olympiques d\u2019hiver. Un film dr\u00f4le et inspirant, c\u00e9l\u00e9brant la pers\u00e9v\u00e9rance et l\u2019esprit d\u2019\u00e9quipe.<\/p>\n<p><strong>Lundi 25\u00a0ao\u00fbt 2025<\/strong>, \u00e0 21\u00a0h\u00a030. Dur\u00e9e\u00a0: 1\u00a0h\u00a048. S\u00e9ance gratuite et ouverte \u00e0 tous.<\/p>\n<p>La Caravane du sport place du Colombier<\/p>\n<p>Ce lundi, la Caravane du sport revient \u00e0 Rennes. Son but est de proposer gratuitement des activit\u00e9s sportives et ludiques. Au fil des \u00e9t\u00e9s, cet \u00e9v\u00e9nement multisport itin\u00e9rant et 100\u00a0% gratuit s\u2019est impos\u00e9 dans le paysage rennais comme l\u2019\u00e9v\u00e8nement proposant une large palette d\u2019activit\u00e9s physiques, accessibles \u00e0 toutes et tous, dans une ambiance dynamique. Au programme\u00a0: homeball, parcours fauteuil, boxe, chase tag, football am\u00e9ricain, rugby\u2026<\/p>\n<p><strong>Lundi 25\u00a0ao\u00fbt 2025<\/strong>, de 16\u00a0h \u00e0 19\u00a0h, place du Colombier.<\/p>\n<p>Souvenirs de Rennes en quelques tampons<\/p>\n<p>Sutanpu, un concept japonais, invite le public \u00e0 collecter dans les boutiques des tampons souvenirs repr\u00e9sentant les monuments de Rennes. Rendez-vous \u00e0 l\u2019office de tourisme, pour r\u00e9cup\u00e9rer le plan du parcours. Il est possible d\u2019apporter son support ou d\u2019acheter un carnet pour 3\u00a0\u20ac \u00e0 l\u2019office de tourisme, sur lequel apposer son tampon. Le participant suit un parcours de 3,5\u00a0km, qui fait \u00e9tape dans huit boutiques, o\u00f9 on trouve le fameux tampon souvenir. Une activit\u00e9 originale \u00e0 faire tout l\u2019\u00e9t\u00e9 en famille ou entre amis.<\/p>\n<p><strong>Office de tourisme de Rennes,<\/strong> 1, rue de Saint-Malo, \u00e0 Rennes. Du lundi au samedi, de 10\u00a0h \u00e0 19\u00a0h.<\/p>\n<p>\u00a0<\/p>\n","protected":false},"excerpt":{"rendered":"Cin\u00e9 plein air avec Rasta Rockett au parc des Hautes-Ourmes L\u2019association de promotion du cin\u00e9ma Clair Obscur et&hellip;\n","protected":false},"author":2,"featured_media":342942,"comment_status":"","ping_status":"","sticky":false,"template":"","format":"standard","meta":{"footnotes":""},"categories":[2821],"tags":[13204,1111,11,2863,829,650,1777,674,1011,27,3246,9865,47902,12,584,25,1669],"class_list":{"0":"post-342941","1":"post","2":"type-post","3":"status-publish","4":"format-standard","5":"has-post-thumbnail","7":"category-rennes","8":"tag-13204","9":"tag-actu","10":"tag-actualites","11":"tag-aout","12":"tag-bretagne","13":"tag-cinema","14":"tag-eu","15":"tag-europe","16":"tag-fr","17":"tag-france","18":"tag-idees","19":"tag-lundi","20":"tag-multisports","21":"tag-news","22":"tag-rennes","23":"tag-republique-francaise","24":"tag-sorties"},"share_on_mastodon":{"url":"https:\/\/pubeurope.com\/@fr\/115089742568527160","error":""},"_links":{"self":[{"href":"https:\/\/www.europesays.com\/fr\/wp-json\/wp\/v2\/posts\/342941","targetHints":{"allow":["GET"]}}],"collection":[{"href":"https:\/\/www.europesays.com\/fr\/wp-json\/wp\/v2\/posts"}],"about":[{"href":"https:\/\/www.europesays.com\/fr\/wp-json\/wp\/v2\/types\/post"}],"author":[{"embeddable":true,"href":"https:\/\/www.europesays.com\/fr\/wp-json\/wp\/v2\/users\/2"}],"replies":[{"embeddable":true,"href":"https:\/\/www.europesays.com\/fr\/wp-json\/wp\/v2\/comments?post=342941"}],"version-history":[{"count":0,"href":"https:\/\/www.europesays.com\/fr\/wp-json\/wp\/v2\/posts\/342941\/revisions"}],"wp:featuredmedia":[{"embeddable":true,"href":"https:\/\/www.europesays.com\/fr\/wp-json\/wp\/v2\/media\/342942"}],"wp:attachment":[{"href":"https:\/\/www.europesays.com\/fr\/wp-json\/wp\/v2\/media?parent=342941"}],"wp:term":[{"taxonomy":"category","embeddable":true,"href":"https:\/\/www.europesays.com\/fr\/wp-json\/wp\/v2\/categories?post=342941"},{"taxonomy":"post_tag","embeddable":true,"href":"https:\/\/www.europesays.com\/fr\/wp-json\/wp\/v2\/tags?post=342941"}],"curies":[{"name":"wp","href":"https:\/\/api.w.org\/{rel}","templated":true}]}}