{"id":342947,"date":"2025-08-25T13:56:10","date_gmt":"2025-08-25T13:56:10","guid":{"rendered":"https:\/\/www.europesays.com\/fr\/342947\/"},"modified":"2025-08-25T13:56:10","modified_gmt":"2025-08-25T13:56:10","slug":"conge-menstruel-strasbourg-fait-appel-pour-appliquer-la-mesure-actualites","status":"publish","type":"post","link":"https:\/\/www.europesays.com\/fr\/342947\/","title":{"rendered":"Cong\u00e9 menstruel: Strasbourg fait appel pour appliquer la mesure : Actualit\u00e9s"},"content":{"rendered":"<p class=\"lead \">La ville et la m\u00e9tropole de Strasbourg ont annonc\u00e9 lundi avoir fait appel de la d\u00e9cision du tribunal administratif les emp\u00eachant d&rsquo;instaurer un cong\u00e9 gyn\u00e9cologique pour leurs salari\u00e9es.<\/p>\n<p class=\"lead \">\u00ab\u00a0Ce vendredi 22 ao\u00fbt, la Ville et l&rsquo;Eurom\u00e9tropole de Strasbourg ont conjointement fait appel du jugement prononc\u00e9 par le Tribunal administratif de Strasbourg sur le dispositif exp\u00e9rimental de cong\u00e9 de sant\u00e9 gyn\u00e9cologique instaur\u00e9 depuis septembre 2024 au profit des agentes de la collectivit\u00e9\u00a0\u00bb, ont indiqu\u00e9 les deux collectivit\u00e9s dans un communiqu\u00e9.<\/p>\n<p class=\"lead \">Le tribunal administratif de Strasbourg, saisi par la pr\u00e9fecture du Bas-Rhin, a annul\u00e9 fin juin cette mesure, instaur\u00e9e \u00e0 titre exp\u00e9rimental, estimant qu&rsquo;elle ne pouvait pas \u00eatre institu\u00e9e par une collectivit\u00e9, faute de cadre l\u00e9gal.<\/p>\n<p class=\"lead \">\u00ab\u00a0Cette d\u00e9cision a constitu\u00e9 \u00e0 la fois une grande d\u00e9ception pour toutes les agentes qui ont pu b\u00e9n\u00e9ficier de cet am\u00e9nagement de travail quand elles en avaient le plus besoin et a, une fois de plus, envoy\u00e9 un signal n\u00e9gatif pour l&rsquo;\u00e9galit\u00e9 hommes\/femmes au travail\u00a0\u00bb, estiment les collectivit\u00e9s alsaciennes, dirig\u00e9es par une majorit\u00e9 \u00e9cologiste.<\/p>\n<p class=\"lead \">La mesure permettait aux agentes souffrant de douleurs menstruelles, d&rsquo;endom\u00e9triose ou de sympt\u00f4mes de la m\u00e9nopause de disposer de 13 jours annuels d&rsquo;absence exceptionnelle, sur pr\u00e9sentation d&rsquo;un certificat m\u00e9dical.<\/p>\n<p class=\"lead \">Appliqu\u00e9e \u00e0 titre exp\u00e9rimental dans plusieurs collectivit\u00e9s en France, majoritairement dirig\u00e9es par la gauche, la mesure est souvent attaqu\u00e9e en justice par les pr\u00e9fectures, qui en contestent la l\u00e9galit\u00e9.<\/p>\n<p class=\"lead \">Parmi les collectivit\u00e9s l&rsquo;ayant mise en place, la r\u00e9gion Nouvelle-Aquitaine, la m\u00e9tropole de Lyon, la ville de Saint-Ouen (Seine-Saint-Denis) ou plusieurs communes de la m\u00e9tropole grenobloise.<\/p>\n<p class=\"small font-weight-bold text-gray3 \"> publi\u00e9 le 25 ao\u00fbt \u00e0 15h52, AFP<\/p>\n<p>                             Partager<\/p>\n","protected":false},"excerpt":{"rendered":"La ville et la m\u00e9tropole de Strasbourg ont annonc\u00e9 lundi avoir fait appel de la d\u00e9cision du tribunal&hellip;\n","protected":false},"author":2,"featured_media":342948,"comment_status":"","ping_status":"","sticky":false,"template":"","format":"standard","meta":{"footnotes":""},"categories":[2820],"tags":[1111,11,4725,1777,674,4651,1011,27,775,303,12,25,585,640,3847],"class_list":{"0":"post-342947","1":"post","2":"type-post","3":"status-publish","4":"format-standard","5":"has-post-thumbnail","7":"category-strasbourg","8":"tag-actu","9":"tag-actualites","10":"tag-collectivits","11":"tag-eu","12":"tag-europe","13":"tag-femmes","14":"tag-fr","15":"tag-france","16":"tag-grand-est","17":"tag-justice","18":"tag-news","19":"tag-republique-francaise","20":"tag-sant","21":"tag-strasbourg","22":"tag-travail"},"share_on_mastodon":{"url":"https:\/\/pubeurope.com\/@fr\/115089754424227851","error":""},"_links":{"self":[{"href":"https:\/\/www.europesays.com\/fr\/wp-json\/wp\/v2\/posts\/342947","targetHints":{"allow":["GET"]}}],"collection":[{"href":"https:\/\/www.europesays.com\/fr\/wp-json\/wp\/v2\/posts"}],"about":[{"href":"https:\/\/www.europesays.com\/fr\/wp-json\/wp\/v2\/types\/post"}],"author":[{"embeddable":true,"href":"https:\/\/www.europesays.com\/fr\/wp-json\/wp\/v2\/users\/2"}],"replies":[{"embeddable":true,"href":"https:\/\/www.europesays.com\/fr\/wp-json\/wp\/v2\/comments?post=342947"}],"version-history":[{"count":0,"href":"https:\/\/www.europesays.com\/fr\/wp-json\/wp\/v2\/posts\/342947\/revisions"}],"wp:featuredmedia":[{"embeddable":true,"href":"https:\/\/www.europesays.com\/fr\/wp-json\/wp\/v2\/media\/342948"}],"wp:attachment":[{"href":"https:\/\/www.europesays.com\/fr\/wp-json\/wp\/v2\/media?parent=342947"}],"wp:term":[{"taxonomy":"category","embeddable":true,"href":"https:\/\/www.europesays.com\/fr\/wp-json\/wp\/v2\/categories?post=342947"},{"taxonomy":"post_tag","embeddable":true,"href":"https:\/\/www.europesays.com\/fr\/wp-json\/wp\/v2\/tags?post=342947"}],"curies":[{"name":"wp","href":"https:\/\/api.w.org\/{rel}","templated":true}]}}