{"id":342951,"date":"2025-08-25T13:58:11","date_gmt":"2025-08-25T13:58:11","guid":{"rendered":"https:\/\/www.europesays.com\/fr\/342951\/"},"modified":"2025-08-25T13:58:11","modified_gmt":"2025-08-25T13:58:11","slug":"quentin-lacrome-a-teste-les-soirees-latinos-gratuites-au-coeur-de-nice","status":"publish","type":"post","link":"https:\/\/www.europesays.com\/fr\/342951\/","title":{"rendered":"Quentin Lacrome a test\u00e9 les soir\u00e9es latinos gratuites au coeur de Nice !"},"content":{"rendered":"<p class=\"PopSlotParagraph qg-tx2 qg-xtra-lh svelte-1r0pyek\">Il y a quelques jours, ICI Azur faisait la rencontre de <strong>Wladymyr<\/strong>, de l&rsquo;association <strong>Racines Danses<\/strong>. Organisateur de soir\u00e9es \u00ab\u00a0latinos\u00a0\u00bb Place du Palais de Justice \u00e0 Nice, il r\u00e9ussit \u00e0 faire se rassembler petits et grands autour de rythmes endiabl\u00e9s.<\/p>\n<p class=\"PopSlotParagraph qg-tx2 qg-xtra-lh svelte-1r0pyek\">A quelques jours des derni\u00e8res s\u00e9ances, nous nous sommes essay\u00e9s \u00e0 quelques pas, en tendant le micro \u00e0 ceux qui se pr\u00eataient au jeu.<\/p>\n","protected":false},"excerpt":{"rendered":"Il y a quelques jours, ICI Azur faisait la rencontre de Wladymyr, de l&rsquo;association Racines Danses. Organisateur de&hellip;\n","protected":false},"author":2,"featured_media":342952,"comment_status":"","ping_status":"","sticky":false,"template":"","format":"standard","meta":{"footnotes":""},"categories":[2819],"tags":[1111,11,1777,674,1011,27,12,2401,882,25],"class_list":{"0":"post-342951","1":"post","2":"type-post","3":"status-publish","4":"format-standard","5":"has-post-thumbnail","7":"category-nice","8":"tag-actu","9":"tag-actualites","10":"tag-eu","11":"tag-europe","12":"tag-fr","13":"tag-france","14":"tag-news","15":"tag-nice","16":"tag-provence-alpes-cote-dazur","17":"tag-republique-francaise"},"share_on_mastodon":{"url":"https:\/\/pubeurope.com\/@fr\/115089762182858231","error":""},"_links":{"self":[{"href":"https:\/\/www.europesays.com\/fr\/wp-json\/wp\/v2\/posts\/342951","targetHints":{"allow":["GET"]}}],"collection":[{"href":"https:\/\/www.europesays.com\/fr\/wp-json\/wp\/v2\/posts"}],"about":[{"href":"https:\/\/www.europesays.com\/fr\/wp-json\/wp\/v2\/types\/post"}],"author":[{"embeddable":true,"href":"https:\/\/www.europesays.com\/fr\/wp-json\/wp\/v2\/users\/2"}],"replies":[{"embeddable":true,"href":"https:\/\/www.europesays.com\/fr\/wp-json\/wp\/v2\/comments?post=342951"}],"version-history":[{"count":0,"href":"https:\/\/www.europesays.com\/fr\/wp-json\/wp\/v2\/posts\/342951\/revisions"}],"wp:featuredmedia":[{"embeddable":true,"href":"https:\/\/www.europesays.com\/fr\/wp-json\/wp\/v2\/media\/342952"}],"wp:attachment":[{"href":"https:\/\/www.europesays.com\/fr\/wp-json\/wp\/v2\/media?parent=342951"}],"wp:term":[{"taxonomy":"category","embeddable":true,"href":"https:\/\/www.europesays.com\/fr\/wp-json\/wp\/v2\/categories?post=342951"},{"taxonomy":"post_tag","embeddable":true,"href":"https:\/\/www.europesays.com\/fr\/wp-json\/wp\/v2\/tags?post=342951"}],"curies":[{"name":"wp","href":"https:\/\/api.w.org\/{rel}","templated":true}]}}