{"id":342953,"date":"2025-08-25T13:59:10","date_gmt":"2025-08-25T13:59:10","guid":{"rendered":"https:\/\/www.europesays.com\/fr\/342953\/"},"modified":"2025-08-25T13:59:10","modified_gmt":"2025-08-25T13:59:10","slug":"a-79-ans-il-resiste-a-un-controle-en-injuriant-et-blessant-des-gendarmes","status":"publish","type":"post","link":"https:\/\/www.europesays.com\/fr\/342953\/","title":{"rendered":"\u00e0 79 ans, il r\u00e9siste \u00e0 un contr\u00f4le en injuriant et blessant des gendarmes"},"content":{"rendered":"<p>Un homme de 79\u00a0ans a \u00e9t\u00e9 condamn\u00e9 en son absence \u00e0 trois mois de prison avec sursis le 20\u00a0ao\u00fbt 2025. Il a \u00e9t\u00e9 jug\u00e9 pour six d\u00e9lits\u00a0: outrage, r\u00e9bellion, port d\u2019arme blanche, circulation sans assurance, refus de donner ses papiers et refus du pr\u00e9l\u00e8vement d\u2019empreinte. En mai, le mis en cause, ancien professeur de g\u00e9nie m\u00e9canique, avait insult\u00e9 et frapp\u00e9 des gendarmes lors d\u2019un contr\u00f4le routier \u00e0 Cou\u00ebron (<a target=\"_self\" href=\"https:\/\/www.lanouvellerepublique.fr\/loire-atlantique\" rel=\"nofollow noopener\">Loire-Atlantique<\/a>), rapporte <a target=\"_blank\" href=\"https:\/\/www.ouest-france.fr\/societe\/justice\/sans-assurance-le-conducteur-de-79-ans-outrage-un-gendarme-et-en-blesse-deux-autres-a-coueron-c0a6b074-7e85-11f0-8eb0-56f672d6e343\" rel=\"nofollow noopener\">Ouest-France<\/a>. Sa voiture n\u2019\u00e9tant pas assur\u00e9e, le septuag\u00e9naire s\u2019\u00e9tait vu demander sa carte grise et son permis de conduire.<\/p>\n<p>Une arme blanche d\u00e9couverte<\/p>\n<p>L\u2019homme avait refus\u00e9 de pr\u00e9senter ces documents et s\u2019\u00e9tait d\u00e9battu lorsqu\u2019il avait \u00e9t\u00e9 sorti de force de son v\u00e9hicule par les gendarmes, blessant deux d\u2019entre eux au passage. Un couteau avait \u00e9t\u00e9 d\u00e9couvert dans l\u2019habitacle et confisqu\u00e9.<\/p>\n<p>Pendant son audition, le retrait\u00e9 a expliqu\u00e9 qu\u2019il s\u2019\u00e9tait senti viol\u00e9 dans son intimit\u00e9 lors du contr\u00f4le. Absent \u00e0 son proc\u00e8s \u00e0 Nantes (Loire-Atlantique), il a \u00e9galement \u00e9cop\u00e9 d\u2019une amende de 200\u00a0euros et d\u2019une interdiction de d\u00e9tenir une arme. Il devra verser plusieurs centaines d\u2019euros \u00e0 chacun des trois gendarmes.<\/p>\n","protected":false},"excerpt":{"rendered":"Un homme de 79\u00a0ans a \u00e9t\u00e9 condamn\u00e9 en son absence \u00e0 trois mois de prison avec sursis le&hellip;\n","protected":false},"author":2,"featured_media":342954,"comment_status":"","ping_status":"","sticky":false,"template":"","format":"standard","meta":{"footnotes":""},"categories":[2818],"tags":[1111,11,1674,1777,674,274,1011,27,329,3381,3047,766,12,2636,25],"class_list":{"0":"post-342953","1":"post","2":"type-post","3":"status-publish","4":"format-standard","5":"has-post-thumbnail","7":"category-nantes","8":"tag-actu","9":"tag-actualites","10":"tag-communes","11":"tag-eu","12":"tag-europe","13":"tag-faits-divers-justice","14":"tag-fr","15":"tag-france","16":"tag-france-monde","17":"tag-gendarmerie","18":"tag-loire-atlantique","19":"tag-nantes","20":"tag-news","21":"tag-pays-de-la-loire","22":"tag-republique-francaise"},"share_on_mastodon":{"url":"https:\/\/pubeurope.com\/@fr\/115089766133577080","error":""},"_links":{"self":[{"href":"https:\/\/www.europesays.com\/fr\/wp-json\/wp\/v2\/posts\/342953","targetHints":{"allow":["GET"]}}],"collection":[{"href":"https:\/\/www.europesays.com\/fr\/wp-json\/wp\/v2\/posts"}],"about":[{"href":"https:\/\/www.europesays.com\/fr\/wp-json\/wp\/v2\/types\/post"}],"author":[{"embeddable":true,"href":"https:\/\/www.europesays.com\/fr\/wp-json\/wp\/v2\/users\/2"}],"replies":[{"embeddable":true,"href":"https:\/\/www.europesays.com\/fr\/wp-json\/wp\/v2\/comments?post=342953"}],"version-history":[{"count":0,"href":"https:\/\/www.europesays.com\/fr\/wp-json\/wp\/v2\/posts\/342953\/revisions"}],"wp:featuredmedia":[{"embeddable":true,"href":"https:\/\/www.europesays.com\/fr\/wp-json\/wp\/v2\/media\/342954"}],"wp:attachment":[{"href":"https:\/\/www.europesays.com\/fr\/wp-json\/wp\/v2\/media?parent=342953"}],"wp:term":[{"taxonomy":"category","embeddable":true,"href":"https:\/\/www.europesays.com\/fr\/wp-json\/wp\/v2\/categories?post=342953"},{"taxonomy":"post_tag","embeddable":true,"href":"https:\/\/www.europesays.com\/fr\/wp-json\/wp\/v2\/tags?post=342953"}],"curies":[{"name":"wp","href":"https:\/\/api.w.org\/{rel}","templated":true}]}}