{"id":342959,"date":"2025-08-25T14:02:10","date_gmt":"2025-08-25T14:02:10","guid":{"rendered":"https:\/\/www.europesays.com\/fr\/342959\/"},"modified":"2025-08-25T14:02:10","modified_gmt":"2025-08-25T14:02:10","slug":"chateaubriant-bordeaux-ce-sera-un-tres-bon-test-previent-lentraineur-adverse","status":"publish","type":"post","link":"https:\/\/www.europesays.com\/fr\/342959\/","title":{"rendered":"Ch\u00e2teaubriant-Bordeaux : \u00ab\u00a0Ce sera un tr\u00e8s bon test\u00a0\u00bb pr\u00e9vient l&rsquo;entra\u00eeneur adverse"},"content":{"rendered":"<p><img decoding=\"async\" src=\"https:\/\/www.europesays.com\/fr\/wp-content\/uploads\/2025\/08\/671_ce9d601c816e4ee16392c077afe164e9.jpg\" alt=\"Ch\u00e2teaubriant-Bordeaux : &quot;Ce sera un tr\u00e8s bon test&quot; pr\u00e9vient l'entra\u00eeneur adverse\" class=\"img-responsive mt-3\"\/><\/p>\n<p class=\"text-center mb-3\" style=\"font-size: 14px\">\u00a9 Iconsport<\/p>\n<p>      <strong>\u00ab\u00a0\u00c0 nous de r\u00e9agir face aux Girondins de Bordeaux\u00a0\u00bb<\/strong><\/p>\n<p style=\"text-align: justify;\">Michel Audrain, entra\u00eeneur de Ch\u00e2teaubriant dans <a href=\"https:\/\/www.ouest-france.fr\/sport\/football\/chateaubriant-voltigeurs\/foot-n2-impuissants-offensivement-les-voltigeurs-de-chateaubriant-sinclinent-a-avranches-160dc9d4-7ffe-11f0-a77f-922a296422d8\" target=\"_blank\" rel=\"noopener\">Ouest France<\/a> : \u00ab\u00a0Nous avons \u00e9t\u00e9 en place durant les 20 premi\u00e8res minutes, puis nous avons commis beaucoup d\u2019erreurs techniques. Nous avons perdu confiance et le premier but d\u2019Avranches nous a assomm\u00e9s. Nous n\u2019avons pas la capacit\u00e9 de r\u00e9pondre, une fois derni\u00e8re au score. L\u2019\u00e9quipe a souvent \u00e9t\u00e9 coup\u00e9e en deux. Nous avons \u00e9t\u00e9 un peu plus hauts sur le terrain et convaincants en deuxi\u00e8me p\u00e9riode, mais on encaisse un second but et, ensuite, notre adversaire a eu des balles de 3-0. Avranches \u00e9tait plus fort.<\/p>\n<p style=\"text-align: justify;\">\u00c0 nous de r\u00e9agir face \u00e0 Bordeaux, qui doit aussi se relever apr\u00e8s sa d\u00e9faite (0-1) \u00e0 domicile face \u00e0 Granville. Nous avons une \u00e9quipe jeune, j\u2019essaye d\u2019instaurer une maturit\u00e9 collective. M\u00eame si ce n\u2019est que la 2e journ\u00e9e de championnat, c\u2019est important de prendre les points et, en ce sens, de mieux jouer. Bordeaux, ce sera un tr\u00e8s bon test.\u00a0\u00bb<\/p>\n<p style=\"text-align: justify;\">Bordeaux se d\u00e9place au Stade de la Ville en Bois samedi 30 ao\u00fbt \u00e0 18h.<\/p>\n<p>\u00c0 \u00e9couter aussi &gt;&gt; <a href=\"https:\/\/www.webgirondins.com\/actualite-girondins-girondins-les-3-flops-de-bordeaux-granville-0-1-130165\" target=\"_blank\" rel=\"noopener\"><strong>les 3 flops de Bordeaux-Granville (0-1)<\/strong><\/a><\/p>\n<p>Notre podcast court \u00e0 \u00e9couter :<\/p>\n<p>\u00a0<\/p>\n","protected":false},"excerpt":{"rendered":"\u00a9 Iconsport \u00ab\u00a0\u00c0 nous de r\u00e9agir face aux Girondins de Bordeaux\u00a0\u00bb Michel Audrain, entra\u00eeneur de Ch\u00e2teaubriant dans Ouest&hellip;\n","protected":false},"author":2,"featured_media":342960,"comment_status":"","ping_status":"","sticky":false,"template":"","format":"standard","meta":{"footnotes":""},"categories":[2817],"tags":[1111,11,47905,3987,27844,1997,16823,6078,9705,1446,1994,1777,674,8435,1011,27,1987,3465,3103,3238,12,2219,471,4048,47904,25,6690,374,933,6077],"class_list":{"0":"post-342959","1":"post","2":"type-post","3":"status-publish","4":"format-standard","5":"has-post-thumbnail","7":"category-bordeaux","8":"tag-actu","9":"tag-actualites","10":"tag-adverse","11":"tag-affronter","12":"tag-audrain","13":"tag-bordeaux","14":"tag-chateaubriant","15":"tag-coach","16":"tag-compte","17":"tag-dans","18":"tag-entraineur","19":"tag-eu","20":"tag-europe","21":"tag-exprime","22":"tag-fr","23":"tag-france","24":"tag-girondins","25":"tag-journee","26":"tag-michel","27":"tag-national","28":"tag-news","29":"tag-nouvelle-aquitaine","30":"tag-pour","31":"tag-presse","32":"tag-previent","33":"tag-republique-francaise","34":"tag-sera","35":"tag-test","36":"tag-tres","37":"tag-veille"},"share_on_mastodon":{"url":"https:\/\/pubeurope.com\/@fr\/115089777947218550","error":""},"_links":{"self":[{"href":"https:\/\/www.europesays.com\/fr\/wp-json\/wp\/v2\/posts\/342959","targetHints":{"allow":["GET"]}}],"collection":[{"href":"https:\/\/www.europesays.com\/fr\/wp-json\/wp\/v2\/posts"}],"about":[{"href":"https:\/\/www.europesays.com\/fr\/wp-json\/wp\/v2\/types\/post"}],"author":[{"embeddable":true,"href":"https:\/\/www.europesays.com\/fr\/wp-json\/wp\/v2\/users\/2"}],"replies":[{"embeddable":true,"href":"https:\/\/www.europesays.com\/fr\/wp-json\/wp\/v2\/comments?post=342959"}],"version-history":[{"count":0,"href":"https:\/\/www.europesays.com\/fr\/wp-json\/wp\/v2\/posts\/342959\/revisions"}],"wp:featuredmedia":[{"embeddable":true,"href":"https:\/\/www.europesays.com\/fr\/wp-json\/wp\/v2\/media\/342960"}],"wp:attachment":[{"href":"https:\/\/www.europesays.com\/fr\/wp-json\/wp\/v2\/media?parent=342959"}],"wp:term":[{"taxonomy":"category","embeddable":true,"href":"https:\/\/www.europesays.com\/fr\/wp-json\/wp\/v2\/categories?post=342959"},{"taxonomy":"post_tag","embeddable":true,"href":"https:\/\/www.europesays.com\/fr\/wp-json\/wp\/v2\/tags?post=342959"}],"curies":[{"name":"wp","href":"https:\/\/api.w.org\/{rel}","templated":true}]}}