{"id":342961,"date":"2025-08-25T14:03:10","date_gmt":"2025-08-25T14:03:10","guid":{"rendered":"https:\/\/www.europesays.com\/fr\/342961\/"},"modified":"2025-08-25T14:03:10","modified_gmt":"2025-08-25T14:03:10","slug":"la-journee-de-la-sante-une-journee-pour-tous-au-jardin-du-grand-rond","status":"publish","type":"post","link":"https:\/\/www.europesays.com\/fr\/342961\/","title":{"rendered":"La Journ\u00e9e de la Sant\u00e9 : Une Journ\u00e9e pour Tous au Jardin du Grand Rond !"},"content":{"rendered":"<p><b>Toulouse, prenez soin de vous ! La Journ\u00e9e de la Sant\u00e9 vous donne rendez-vous au Jardin du Grand Rond ce mercredi 24 septembre 2025, \u00e0 partir de 10h00. Un \u00e9v\u00e9nement gratuit et ouvert \u00e0 tous, du nourrisson au senior, pour d\u00e9couvrir les conseils de professionnels et adopter de bonnes pratiques pour votre bien-\u00eatre.<\/b><\/p>\n<p><img loading=\"lazy\" decoding=\"async\" class=\"size-medium wp-image-902056 aligncenter\" src=\"https:\/\/www.europesays.com\/fr\/wp-content\/uploads\/2025\/08\/Une-journee-dediee-a-la-sante-\u00b7-Toulouse-Mairie-Metropole-site-officiel.-Google-Chrome-300x235.jpg.w.webp\" alt=\"\" width=\"300\" height=\"235\"  \/><\/p>\n<p>Cette journ\u00e9e est une occasion unique de rencontrer des professionnels de la sant\u00e9 et de la pr\u00e9vention, qui seront \u00e0 votre disposition pour vous conseiller et r\u00e9pondre \u00e0 toutes vos questions. L\u2019objectif est de vous accompagner vers de bonnes habitudes, propices \u00e0 une vie plus saine.<\/p>\n<p>Que vous souhaitiez en savoir plus sur l\u2019alimentation, l\u2019activit\u00e9 physique, le sommeil, la gestion du stress ou d\u2019autres th\u00e9matiques, vous trouverez sur place une mine d\u2019informations et d\u2019ateliers pour am\u00e9liorer votre quotidien.<\/p>\n<p>Informations pratiques :<\/p>\n<p><b>\u00c9v\u00e9nement :<\/b> Journ\u00e9e de la Sant\u00e9<br \/><b>Date :<\/b> Mercredi 24 septembre 2025<br \/><b>Heure :<\/b> \u00c0 partir de 10h00<br \/><b>Lieu :<\/b> Jardin du Grand Rond, Toulouse<br \/><b>Public :<\/b> Tout public (des nourrissons aux seniors)<br \/><b>Tarif :<\/b> Gratuit<\/p>\n","protected":false},"excerpt":{"rendered":"Toulouse, prenez soin de vous ! La Journ\u00e9e de la Sant\u00e9 vous donne rendez-vous au Jardin du Grand&hellip;\n","protected":false},"author":2,"featured_media":342962,"comment_status":"","ping_status":"","sticky":false,"template":"","format":"standard","meta":{"footnotes":""},"categories":[2816],"tags":[1111,11,1777,674,1011,27,12,2680,25,2312],"class_list":{"0":"post-342961","1":"post","2":"type-post","3":"status-publish","4":"format-standard","5":"has-post-thumbnail","7":"category-toulouse","8":"tag-actu","9":"tag-actualites","10":"tag-eu","11":"tag-europe","12":"tag-fr","13":"tag-france","14":"tag-news","15":"tag-occitanie","16":"tag-republique-francaise","17":"tag-toulouse"},"share_on_mastodon":{"url":"https:\/\/pubeurope.com\/@fr\/115089782053053047","error":""},"_links":{"self":[{"href":"https:\/\/www.europesays.com\/fr\/wp-json\/wp\/v2\/posts\/342961","targetHints":{"allow":["GET"]}}],"collection":[{"href":"https:\/\/www.europesays.com\/fr\/wp-json\/wp\/v2\/posts"}],"about":[{"href":"https:\/\/www.europesays.com\/fr\/wp-json\/wp\/v2\/types\/post"}],"author":[{"embeddable":true,"href":"https:\/\/www.europesays.com\/fr\/wp-json\/wp\/v2\/users\/2"}],"replies":[{"embeddable":true,"href":"https:\/\/www.europesays.com\/fr\/wp-json\/wp\/v2\/comments?post=342961"}],"version-history":[{"count":0,"href":"https:\/\/www.europesays.com\/fr\/wp-json\/wp\/v2\/posts\/342961\/revisions"}],"wp:featuredmedia":[{"embeddable":true,"href":"https:\/\/www.europesays.com\/fr\/wp-json\/wp\/v2\/media\/342962"}],"wp:attachment":[{"href":"https:\/\/www.europesays.com\/fr\/wp-json\/wp\/v2\/media?parent=342961"}],"wp:term":[{"taxonomy":"category","embeddable":true,"href":"https:\/\/www.europesays.com\/fr\/wp-json\/wp\/v2\/categories?post=342961"},{"taxonomy":"post_tag","embeddable":true,"href":"https:\/\/www.europesays.com\/fr\/wp-json\/wp\/v2\/tags?post=342961"}],"curies":[{"name":"wp","href":"https:\/\/api.w.org\/{rel}","templated":true}]}}