{"id":342963,"date":"2025-08-25T14:04:11","date_gmt":"2025-08-25T14:04:11","guid":{"rendered":"https:\/\/www.europesays.com\/fr\/342963\/"},"modified":"2025-08-25T14:04:11","modified_gmt":"2025-08-25T14:04:11","slug":"ligue-1-tfc-deux-victoires-en-deux-matches-toulouse-signe-son-meilleur-demarrage-depuis-la-saison-2011-2012","status":"publish","type":"post","link":"https:\/\/www.europesays.com\/fr\/342963\/","title":{"rendered":"Ligue 1 &#8211; TFC\u00a0: deux victoires en deux matches, Toulouse signe son meilleur d\u00e9marrage depuis\u2026 la saison 2011\/2012"},"content":{"rendered":"<p>Ce dimanche 16 ao\u00fbt, le TFC a fait plier Brest (2-0) pour s&rsquo;offrir sa deuxi\u00e8me victoire en autant de matches cette saison. Un d\u00e9marrage parfait pour le T\u00e8f, qu&rsquo;il n&rsquo;avait plus r\u00e9alis\u00e9 depuis la saison 2011\/2012. <\/p>\n<p>Deux victoires en autant de matches, aucun but encaiss\u00e9, le\u00a0<a class=\"IciLink ici-link IciArticleLink g-ici-body-regular-1 underline brand svelte-lu7k6w\" href=\"https:\/\/www.francebleu.fr\/personnes\/toulouse-fc\" rel=\"nofollow noopener\" target=\"_blank\">TFC<\/a>\u00a0vit un d\u00e9but de saison id\u00e9al. En disposant\u00a0<a class=\"IciLink ici-link IciArticleLink g-ici-body-regular-1 underline brand svelte-lu7k6w\" href=\"https:\/\/www.francebleu.fr\/sports\/football\/direct-ligue-1-toulouse-fait-sa-rentree-a-nice-vivez-le-match-sur-ici-occitanie-6020225\" rel=\"nofollow noopener\" target=\"_blank\">d&rsquo;abord de Nice<\/a>\u00a0(0-1),\u00a0<a class=\"IciLink ici-link IciArticleLink g-ici-body-regular-1 underline brand svelte-lu7k6w\" href=\"https:\/\/www.francebleu.fr\/sports\/football\/direct-ligue-1-toulouse-fait-son-retour-au-stadium-vivez-la-ra-reception-de-brest-sur-ici-occitanie-1390410\" rel=\"nofollow noopener\" target=\"_blank\">puis de Brest<\/a>\u00a0(2-0), <strong>les hommes de Carles Martinez Novell pointent \u00e0 la deuxi\u00e8me place<\/strong> du classement provisoire de <a class=\"IciLink ici-link IciArticleLink g-ici-body-regular-1 underline brand svelte-lu7k6w\" href=\"https:\/\/www.francebleu.fr\/theme\/ligue-1\" rel=\"nofollow noopener\" target=\"_blank\">Ligue 1<\/a>.<\/p>\n<p>Un joli tour de force, surtout apr\u00e8s la pr\u00e9paration compliqu\u00e9e des Toulousains. Apr\u00e8s s&rsquo;\u00eatre inclin\u00e9 quatre fois et avoir conc\u00e9d\u00e9 deux matches nuls en match amical, le TFC \u00e9tait promis \u00e0 l&rsquo;enfer. En deux matches, les Violets ont fait mentir les pronostics.\u00a0C&rsquo;est <strong>le meilleur d\u00e9marrage des Toulousains en championnat<\/strong> (Ligue 1 et Ligue 2 confondues) depuis la saison 2011\/2012.<\/p>\n<p>Congr\u00e9, Sirieix, Ben Yedder&#8230;<\/p>\n<p>\u00c0 l&rsquo;\u00e9poque, on retrouve dans les rangs toulousains de grands noms du club\u00a0: <strong>Daniel Congr\u00e9, Wissam Ben Yedder, Ali Ahamada, Pantxi Sirieix, \u00c9tienne Didot, \u00c9tienne Capoue<\/strong>\u2026 Cette saison-l\u00e0, le TFC avait aussi d\u00e9but\u00e9 sa saison par une victoire \u00e0 l&rsquo;ext\u00e9rieur, du c\u00f4t\u00e9 d&rsquo;Ajaccio (0-2). Dans la foul\u00e9e, les Violets avaient soign\u00e9e leur rentr\u00e9e au Stadium, en battant Dijon (2-0). Comme pour la saison en cours, les Toulousains avaient r\u00e9ussi \u00e0 pr\u00e9server leur but. Pour l&rsquo;anecdote, il avait fallu attendre la 4e journ\u00e9e pour les voir s&rsquo;incliner, contre\u2026 le Paris Saint-Germain (1-3), futur adversaire de ce samedi 30 ao\u00fbt 2025. \u00c0 noter qu&rsquo;\u00e0 la fin de la saison r\u00e9guli\u00e8re, le TFC avait termin\u00e9 \u00e0 la 8e place.<\/p>\n<p>Apr\u00e8s la rencontre face \u00e0 Brest, <strong>l&rsquo;attaquant Franck Magri<\/strong>, double buteur contre les Ty-Zefs, pr\u00e9f\u00e8re relativiser. \u00ab\u00a0On savoure, parce qu&rsquo;on avait \u00e0 c\u0153ur de bien commencer au Stadium. La pr\u00e9pa a \u00e9t\u00e9 un peu compliqu\u00e9e, mais on pr\u00e9f\u00e8re perdre des matches amicaux que des matches de championnat. On est content, on est plein d&rsquo;ambition. On prend six points en deux matches, c&rsquo;est tr\u00e8s bien. Le prochain adversaire sera tr\u00e8s particulier, mais on va se battre, et pourquoi pas ramener des points.\u00a0\u00bb<\/p>\n<p> TC &#8211; PSH, avant-match d\u00e8s 20h45 sur ICI Occitanie (function(w, d) {     if (w.FB &#038;&#038; w.FB.XFBML &#038;&#038; w.FB.XFBML.parse) {         if (&lsquo;undefined&rsquo; == typeof w.__fbTimeout) {             w.__fbTimeout = setTimeout(function() {                 w.FB.XFBML.parse();                 w.__fbTimeout = undefined;             }, 1000);         }     } else if (&lsquo;undefined&rsquo; == typeof w.__fbTimeout) {         if (d.querySelectorAll(&lsquo;#fb-root&rsquo;).length === 0) {             var fbRoot = d.createElement(&lsquo;div&rsquo;);             fbRoot.id = &lsquo;fb-root&rsquo;;             d.querySelector(&lsquo;body&rsquo;).append(fbRoot);         }         if (d.querySelectorAll(&lsquo;#facebook-jssdk&rsquo;).length === 0) {             var fbScript = d.createElement(&lsquo;script&rsquo;);             fbScript.id = &lsquo;facebook-jssdk&rsquo;;             fbScript.src=\u00a0\u00bb\/\/connect.facebook.net\/fr_FR\/sdk.js#xfbml=1&#038;version=v2.8&#038;appId=593991304071705&Prime;;             fbScript.async = 1;             d.querySelector(&lsquo;head&rsquo;).append(fbScript);         }     } })(window, window.document); \\u003C\/script>\\\u00a0\u00bb,\\\u00a0\u00bbprovider\\\u00a0\u00bb:\\\u00a0\u00bbfacebook\\\u00a0\u00bb,\\\u00a0\u00bbdidomiPurposes\\\u00a0\u00bb:\\\u00a0\u00bbPour afficher ce contenu Facebook, vous devez accepter les cookies \\u003Cb>R\u00e9seaux Sociaux\\u003C\/b>.\\u003Cbr>\\u003Cbr>Ces cookies permettent de partager ou r\u00e9agir directement sur les r\u00e9seaux sociaux auxquels vous \u00eates connect\u00e9s ou d&rsquo;int\u00e9grer du contenu initialement post\u00e9 sur ces r\u00e9seaux sociaux. Ils permettent aussi aux r\u00e9seaux sociaux d&rsquo;utiliser vos visites sur nos sites et applications \u00e0 des fins de personnalisation et de ciblage publicitaire.\\\u00a0\u00bb,\\\u00a0\u00bbdidomiVendorId\\\u00a0\u00bb:\\\u00a0\u00bbc:facebookc-rgacRMQm\\\u00a0\u00bb}},{\\\u00a0\u00bbtype\\\u00a0\u00bb:\\\u00a0\u00bbheading\\\u00a0\u00bb,\\\u00a0\u00bblevel\\\u00a0\u00bb:2,\\\u00a0\u00bbvalue\\\u00a0\u00bb:\\\u00a0\u00bbTC &#8211; PSH, avant-match d\u00e8s 20h45 sur ICI Occitanie\\\u00a0\u00bb}],\\\u00a0\u00bbauthors\\\u00a0\u00bb:[{\\\u00a0\u00bbname\\\u00a0\u00bb:\\\u00a0\u00bbR\u00e9my Doutre\\\u00a0\u00bb,\\\u00a0\u00bbpath\\\u00a0\u00bb:\\\u00a0\u00bbles-equipes\/remy-doutre\\\u00a0\u00bb,\\\u00a0\u00bbvisualsq1x\\\u00a0\u00bb:{\\\u00a0\u00bburl\\\u00a0\u00bb:\\\u00a0\u00bbhttps:\/\/www.francebleu.fr\/s3\/cruiser-production\/2023\/09\/c1c85156-3a39-4e47-a8b9-57eda1ea9dd3\/120x120_sc_doutre.jpg\\\u00a0\u00bb,\\\u00a0\u00bburlWebp\\\u00a0\u00bb:\\\u00a0\u00bbhttps:\/\/www.francebleu.fr\/s3\/cruiser-production\/2023\/09\/c1c85156-3a39-4e47-a8b9-57eda1ea9dd3\/120x120_sc_doutre.webp\\\u00a0\u00bb,\\\u00a0\u00bbwidth\\\u00a0\u00bb:120},\\\u00a0\u00bbvisualsq2x\\\u00a0\u00bb:{\\\u00a0\u00bburl\\\u00a0\u00bb:\\\u00a0\u00bbhttps:\/\/www.francebleu.fr\/s3\/cruiser-production\/2023\/09\/c1c85156-3a39-4e47-a8b9-57eda1ea9dd3\/200x200_sc_doutre.jpg\\\u00a0\u00bb,\\\u00a0\u00bburlWebp\\\u00a0\u00bb:\\\u00a0\u00bbhttps:\/\/www.francebleu.fr\/s3\/cruiser-production\/2023\/09\/c1c85156-3a39-4e47-a8b9-57eda1ea9dd3\/200x200_sc_doutre.webp\\\u00a0\u00bb,\\\u00a0\u00bbwidth\\\u00a0\u00bb:200},\\\u00a0\u00bbvisualsq3x\\\u00a0\u00bb:{\\\u00a0\u00bburl\\\u00a0\u00bb:\\\u00a0\u00bbhttps:\/\/www.francebleu.fr\/s3\/cruiser-production-eu3\/2023\/09\/c1c85156-3a39-4e47-a8b9-57eda1ea9dd3\/400x400_sc_doutre.jpg\\\u00a0\u00bb,\\\u00a0\u00bburlWebp\\\u00a0\u00bb:\\\u00a0\u00bbhttps:\/\/www.francebleu.fr\/s3\/cruiser-production-eu3\/2023\/09\/c1c85156-3a39-4e47-a8b9-57eda1ea9dd3\/400x400_sc_doutre.webp\\\u00a0\u00bb,\\\u00a0\u00bbwidth\\\u00a0\u00bb:400,\\\u00a0\u00bbpreview\\\u00a0\u00bb:\\\u00a0\u00bb\/9j\/2wBDACgcHiMeGSgjISMtKygwPGRBPDc3PHtYXUlkkYCZlo+AjIqgtObDoKrarYqMyP\/L2u71\/\/\/\/m8H\/\/\/\/6\/+b9\/\/j\/2wBDASstLTw1PHZBQXb4pYyl+Pj4+Pj4+Pj4+Pj4+Pj4+Pj4+Pj4+Pj4+Pj4+Pj4+Pj4+Pj4+Pj4+Pj4+Pj4+Pj4+Pj\/wAARCAAqACoDASIAAhEBAxEB\/8QAGQAAAwEBAQAAAAAAAAAAAAAAAQMEAgAF\/8QAGRABAQEBAQEAAAAAAAAAAAAAAAIBEgMR\/8QAFgEBAQEAAAAAAAAAAAAAAAAAAQIA\/8QAFBEBAAAAAAAAAAAAAAAAAAAAAP\/aAAwDAQACEQMRAD8A82FXlqecPgKW+VKopD56fFFKvKHojKHoh4s4bOMzhkhTcmzRWNZrA\/KHojKHshJOt5pUmYFGfXfWXMw9O6Y0CH\/\/2Q==\\\u00a0\u00bb,\\\u00a0\u00bblegend\\\u00a0\u00bb:\\\u00a0\u00bbR\u00e9my Doutre\\\u00a0\u00bb}}],\\\u00a0\u00bbgeopoints\\\u00a0\u00bb:[{\\\u00a0\u00bbcity\\\u00a0\u00bb:\\\u00a0\u00bbToulouse\\\u00a0\u00bb,\\\u00a0\u00bbregion\\\u00a0\u00bb:\\\u00a0\u00bbOccitanie\\\u00a0\u00bb,\\\u00a0\u00bbdepartment\\\u00a0\u00bb:\\\u00a0\u00bbHaute-Garonne\\\u00a0\u00bb}],\\\u00a0\u00bbbody\\\u00a0\u00bb:[{\\\u00a0\u00bbtype\\\u00a0\u00bb:\\\u00a0\u00bbtext\\\u00a0\u00bb,\\\u00a0\u00bbchildren\\\u00a0\u00bb:[{\\\u00a0\u00bbtype\\\u00a0\u00bb:\\\u00a0\u00bbtext\\\u00a0\u00bb,\\\u00a0\u00bbvalue\\\u00a0\u00bb:\\\u00a0\u00bbDeux victoires en autant de matches, aucun but encaiss\u00e9, le\u00a0\\\u00a0\u00bb},{\\\u00a0\u00bbtype\\\u00a0\u00bb:\\\u00a0\u00bblink\\\u00a0\u00bb,\\\u00a0\u00bbdata\\\u00a0\u00bb:{\\\u00a0\u00bbhref\\\u00a0\u00bb:\\\u00a0\u00bbhttps:\/\/www.francebleu.fr\/personnes\/toulouse-fc\\\u00a0\u00bb},\\\u00a0\u00bbvalue\\\u00a0\u00bb:\\\u00a0\u00bbTFC\\\u00a0\u00bb},{\\\u00a0\u00bbtype\\\u00a0\u00bb:\\\u00a0\u00bbtext\\\u00a0\u00bb,\\\u00a0\u00bbvalue\\\u00a0\u00bb:\\\u00a0\u00bb\u00a0vit un d\u00e9but de saison id\u00e9al. En disposant\u00a0\\\u00a0\u00bb},{\\\u00a0\u00bbtype\\\u00a0\u00bb:\\\u00a0\u00bblink\\\u00a0\u00bb,\\\u00a0\u00bbdata\\\u00a0\u00bb:{\\\u00a0\u00bbhref\\\u00a0\u00bb:\\\u00a0\u00bbhttps:\/\/www.francebleu.fr\/sports\/football\/direct-ligue-1-toulouse-fait-sa-rentree-a-nice-vivez-le-match-sur-ici-occitanie-6020225\\\u00a0\u00bb},\\\u00a0\u00bbvalue\\\u00a0\u00bb:\\\u00a0\u00bbd&rsquo;abord de Nice\\\u00a0\u00bb},{\\\u00a0\u00bbtype\\\u00a0\u00bb:\\\u00a0\u00bbtext\\\u00a0\u00bb,\\\u00a0\u00bbvalue\\\u00a0\u00bb:\\\u00a0\u00bb\u00a0(0-1),\u00a0\\\u00a0\u00bb},{\\\u00a0\u00bbtype\\\u00a0\u00bb:\\\u00a0\u00bblink\\\u00a0\u00bb,\\\u00a0\u00bbdata\\\u00a0\u00bb:{\\\u00a0\u00bbhref\\\u00a0\u00bb:\\\u00a0\u00bbhttps:\/\/www.francebleu.fr\/sports\/football\/direct-ligue-1-toulouse-fait-son-retour-au-stadium-vivez-la-ra-reception-de-brest-sur-ici-occitanie-1390410\\\u00a0\u00bb},\\\u00a0\u00bbvalue\\\u00a0\u00bb:\\\u00a0\u00bbpuis de Brest\\\u00a0\u00bb},{\\\u00a0\u00bbtype\\\u00a0\u00bb:\\\u00a0\u00bbtext\\\u00a0\u00bb,\\\u00a0\u00bbvalue\\\u00a0\u00bb:\\\u00a0\u00bb\u00a0(2-0), \\u003Cstrong>les hommes de Carles Martinez Novell pointent \u00e0 la deuxi\u00e8me place\\u003C\/strong> du classement provisoire de \\\u00a0\u00bb},{\\\u00a0\u00bbtype\\\u00a0\u00bb:\\\u00a0\u00bblink\\\u00a0\u00bb,\\\u00a0\u00bbdata\\\u00a0\u00bb:{\\\u00a0\u00bbhref\\\u00a0\u00bb:\\\u00a0\u00bbhttps:\/\/www.francebleu.fr\/theme\/ligue-1\\\u00a0\u00bb},\\\u00a0\u00bbvalue\\\u00a0\u00bb:\\\u00a0\u00bbLigue 1\\\u00a0\u00bb},{\\\u00a0\u00bbtype\\\u00a0\u00bb:\\\u00a0\u00bbtext\\\u00a0\u00bb,\\\u00a0\u00bbvalue\\\u00a0\u00bb:\\\u00a0\u00bb.\\\u00a0\u00bb}]},{\\\u00a0\u00bbtype\\\u00a0\u00bb:\\\u00a0\u00bbembed\\\u00a0\u00bb,\\\u00a0\u00bbdata\\\u00a0\u00bb:{\\\u00a0\u00bbhtml\\\u00a0\u00bb:\\\u00a0\u00bb\\\u00a0\u00bb,\\\u00a0\u00bbprovider\\\u00a0\u00bb:\\\u00a0\u00bbinread\\\u00a0\u00bb,\\\u00a0\u00bbforceDisplay\\\u00a0\u00bb:true}},{\\\u00a0\u00bbtype\\\u00a0\u00bb:\\\u00a0\u00bbtext\\\u00a0\u00bb,\\\u00a0\u00bbchildren\\\u00a0\u00bb:[{\\\u00a0\u00bbtype\\\u00a0\u00bb:\\\u00a0\u00bbtext\\\u00a0\u00bb,\\\u00a0\u00bbvalue\\\u00a0\u00bb:\\\u00a0\u00bbUn joli tour de force, surtout apr\u00e8s la pr\u00e9paration compliqu\u00e9e des Toulousains. Apr\u00e8s s&rsquo;\u00eatre inclin\u00e9 quatre fois et avoir conc\u00e9d\u00e9 deux matches nuls en match amical, le TFC \u00e9tait promis \u00e0 l&rsquo;enfer. En deux matches, les Violets ont fait mentir les pronostics.\u00a0C&rsquo;est \\u003Cstrong>le meilleur d\u00e9marrage des Toulousains en championnat\\u003C\/strong> (Ligue 1 et Ligue 2 confondues) depuis la saison 2011\/2012.\\\u00a0\u00bb}]},{\\\u00a0\u00bbtype\\\u00a0\u00bb:\\\u00a0\u00bbheading\\\u00a0\u00bb,\\\u00a0\u00bblevel\\\u00a0\u00bb:2,\\\u00a0\u00bbvalue\\\u00a0\u00bb:\\\u00a0\u00bbCongr\u00e9, Sirieix, Ben Yedder&#8230;\\\u00a0\u00bb},{\\\u00a0\u00bbtype\\\u00a0\u00bb:\\\u00a0\u00bbtext\\\u00a0\u00bb,\\\u00a0\u00bbchildren\\\u00a0\u00bb:[{\\\u00a0\u00bbtype\\\u00a0\u00bb:\\\u00a0\u00bbtext\\\u00a0\u00bb,\\\u00a0\u00bbvalue\\\u00a0\u00bb:\\\u00a0\u00bb\u00c0 l&rsquo;\u00e9poque, on retrouve dans les rangs toulousains de grands noms du club\u00a0: \\u003Cstrong>Daniel Congr\u00e9, Wissam Ben Yedder, Ali Ahamada, Pantxi Sirieix, \u00c9tienne Didot, \u00c9tienne Capoue\\u003C\/strong>\u2026 Cette saison-l\u00e0, le TFC avait aussi d\u00e9but\u00e9 sa saison par une victoire \u00e0 l&rsquo;ext\u00e9rieur, du c\u00f4t\u00e9 d&rsquo;Ajaccio (0-2). Dans la foul\u00e9e, les Violets avaient soign\u00e9e leur rentr\u00e9e au Stadium, en battant Dijon (2-0). Comme pour la saison en cours, les Toulousains avaient r\u00e9ussi \u00e0 pr\u00e9server leur but. Pour l&rsquo;anecdote, il avait fallu attendre la 4e journ\u00e9e pour les voir s&rsquo;incliner, contre\u2026 le Paris Saint-Germain (1-3), futur adversaire de ce samedi 30 ao\u00fbt 2025. \u00c0 noter qu&rsquo;\u00e0 la fin de la saison r\u00e9guli\u00e8re, le TFC avait termin\u00e9 \u00e0 la 8e place.\\\u00a0\u00bb}]},{\\\u00a0\u00bbtype\\\u00a0\u00bb:\\\u00a0\u00bbtext\\\u00a0\u00bb,\\\u00a0\u00bbchildren\\\u00a0\u00bb:[{\\\u00a0\u00bbtype\\\u00a0\u00bb:\\\u00a0\u00bbtext\\\u00a0\u00bb,\\\u00a0\u00bbvalue\\\u00a0\u00bb:\\\u00a0\u00bbApr\u00e8s la rencontre face \u00e0 Brest, \\u003Cstrong>l&rsquo;attaquant Franck Magri\\u003C\/strong>, double buteur contre les Ty-Zefs, pr\u00e9f\u00e8re relativiser. \\\\\\\u00a0\u00bb\\u003Cem>On savoure, parce qu&rsquo;on avait \u00e0 c\u0153ur de bien commencer au Stadium. La pr\u00e9pa a \u00e9t\u00e9 un peu compliqu\u00e9e, mais on pr\u00e9f\u00e8re perdre des matches amicaux que des matches de championnat. On est content, on est plein d&rsquo;ambition. On prend six points en deux matches, c&rsquo;est tr\u00e8s bien. Le prochain adversaire sera tr\u00e8s particulier, mais on va se battre, et pourquoi pas ramener des points.\\u003C\/em>\\\\\\\u00a0\u00bb\\\u00a0\u00bb}]},{\\\u00a0\u00bbtype\\\u00a0\u00bb:\\\u00a0\u00bbembed\\\u00a0\u00bb,\\\u00a0\u00bbdata\\\u00a0\u00bb:{\\\u00a0\u00bbhtml\\\u00a0\u00bb:\\\u00a0\u00bb\\u003Cdiv class=\\\\\\\u00a0\u00bbfb-post\\\\\\\u00a0\u00bb data-href=\\\\\\\u00a0\u00bbhttps:\/\/www.facebook.com\/FranceBleuOccitanie\/videos\/778557687979117\\\\\\\u00a0\u00bb data-width=\\\\\\\u00a0\u00bb560\\\\\\\u00a0\u00bb data-show-text=\\\\\\\u00a0\u00bbtrue\\\\\\\u00a0\u00bb >\\u003C\/div> \\u003Cscript> (function(w, d) {     if (w.FB &#038;&#038; w.FB.XFBML &#038;&#038; w.FB.XFBML.parse) {         if (&lsquo;undefined&rsquo; == typeof w.__fbTimeout) {             w.__fbTimeout = setTimeout(function() {                 w.FB.XFBML.parse();                 w.__fbTimeout = undefined;             }, 1000);         }     } else if (&lsquo;undefined&rsquo; == typeof w.__fbTimeout) {         if (d.querySelectorAll(&lsquo;#fb-root&rsquo;).length === 0) {             var fbRoot = d.createElement(&lsquo;div&rsquo;);             fbRoot.id = &lsquo;fb-root&rsquo;;             d.querySelector(&lsquo;body&rsquo;).append(fbRoot);         }         if (d.querySelectorAll(&lsquo;#facebook-jssdk&rsquo;).length === 0) {             var fbScript = d.createElement(&lsquo;script&rsquo;);             fbScript.id = &lsquo;facebook-jssdk&rsquo;;             fbScript.src=\u00a0\u00bb\/\/connect.facebook.net\/fr_FR\/sdk.js#xfbml=1&#038;version=v2.8&#038;appId=593991304071705&Prime;;             fbScript.async = 1;             d.querySelector(&lsquo;head&rsquo;).append(fbScript);         }     } })(window, window.document); \\u003C\/script>\\\u00a0\u00bb,\\\u00a0\u00bbprovider\\\u00a0\u00bb:\\\u00a0\u00bbfacebook\\\u00a0\u00bb,\\\u00a0\u00bbdidomiPurposes\\\u00a0\u00bb:\\\u00a0\u00bbPour afficher ce contenu Facebook, vous devez accepter les cookies \\u003Cb>R\u00e9seaux Sociaux\\u003C\/b>.\\u003Cbr>\\u003Cbr>Ces cookies permettent de partager ou r\u00e9agir directement sur les r\u00e9seaux sociaux auxquels vous \u00eates connect\u00e9s ou d&rsquo;int\u00e9grer du contenu initialement post\u00e9 sur ces r\u00e9seaux sociaux. Ils permettent aussi aux r\u00e9seaux sociaux d&rsquo;utiliser vos visites sur nos sites et applications \u00e0 des fins de personnalisation et de ciblage publicitaire.\\\u00a0\u00bb,\\\u00a0\u00bbdidomiVendorId\\\u00a0\u00bb:\\\u00a0\u00bbc:facebookc-rgacRMQm\\\u00a0\u00bb}},{\\\u00a0\u00bbtype\\\u00a0\u00bb:\\\u00a0\u00bbheading\\\u00a0\u00bb,\\\u00a0\u00bblevel\\\u00a0\u00bb:2,\\\u00a0\u00bbvalue\\\u00a0\u00bb:\\\u00a0\u00bbTC &#8211; PSH, avant-match d\u00e8s 20h45 sur ICI Occitanie\\\u00a0\u00bb}],\\\u00a0\u00bbgeoInfos\\\u00a0\u00bb:[{\\\u00a0\u00bbregion\\\u00a0\u00bb:{\\\u00a0\u00bbslug\\\u00a0\u00bb:\\\u00a0\u00bboccitanie\\\u00a0\u00bb,\\\u00a0\u00bbtitle\\\u00a0\u00bb:\\\u00a0\u00bbOccitanie\\\u00a0\u00bb,\\\u00a0\u00bbcities\\\u00a0\u00bb:[{\\\u00a0\u00bbtitle\\\u00a0\u00bb:\\\u00a0\u00bbAlbi\\\u00a0\u00bb,\\\u00a0\u00bbpath\\\u00a0\u00bb:\\\u00a0\u00bb\/occitanie\/tarn-81\/albi-81004\\\u00a0\u00bb},{\\\u00a0\u00bbtitle\\\u00a0\u00bb:\\\u00a0\u00bbB\u00e9ziers\\\u00a0\u00bb,\\\u00a0\u00bbpath\\\u00a0\u00bb:\\\u00a0\u00bb\/occitanie\/herault-34\/beziers-34032\\\u00a0\u00bb},{\\\u00a0\u00bbtitle\\\u00a0\u00bb:\\\u00a0\u00bbCarcassonne\\\u00a0\u00bb,\\\u00a0\u00bbpath\\\u00a0\u00bb:\\\u00a0\u00bb\/occitanie\/aude-11\/carcassonne-11069\\\u00a0\u00bb},{\\\u00a0\u00bbtitle\\\u00a0\u00bb:\\\u00a0\u00bbMontauban\\\u00a0\u00bb,\\\u00a0\u00bbpath\\\u00a0\u00bb:\\\u00a0\u00bb\/occitanie\/tarn-et-garonne-82\/montauban-82121\\\u00a0\u00bb},{\\\u00a0\u00bbtitle\\\u00a0\u00bb:\\\u00a0\u00bbMontpellier\\\u00a0\u00bb,\\\u00a0\u00bbpath\\\u00a0\u00bb:\\\u00a0\u00bb\/occitanie\/herault-34\/montpellier-34172\\\u00a0\u00bb},{\\\u00a0\u00bbtitle\\\u00a0\u00bb:\\\u00a0\u00bbNarbonne\\\u00a0\u00bb,\\\u00a0\u00bbpath\\\u00a0\u00bb:\\\u00a0\u00bb\/occitanie\/aude-11\/narbonne-11262\\\u00a0\u00bb},{\\\u00a0\u00bbtitle\\\u00a0\u00bb:\\\u00a0\u00bbN\u00eemes\\\u00a0\u00bb,\\\u00a0\u00bbpath\\\u00a0\u00bb:\\\u00a0\u00bb\/occitanie\/gard-30\/nimes-30189\\\u00a0\u00bb},{\\\u00a0\u00bbtitle\\\u00a0\u00bb:\\\u00a0\u00bbPerpignan\\\u00a0\u00bb,\\\u00a0\u00bbpath\\\u00a0\u00bb:\\\u00a0\u00bb\/occitanie\/pyrenees-orientales-66\/perpignan-66136\\\u00a0\u00bb},{\\\u00a0\u00bbtitle\\\u00a0\u00bb:\\\u00a0\u00bbS\u00e8te\\\u00a0\u00bb,\\\u00a0\u00bbpath\\\u00a0\u00bb:\\\u00a0\u00bb\/occitanie\/herault-34\/sete-34301\\\u00a0\u00bb},{\\\u00a0\u00bbtitle\\\u00a0\u00bb:\\\u00a0\u00bbToulouse\\\u00a0\u00bb,\\\u00a0\u00bbpath\\\u00a0\u00bb:\\\u00a0\u00bb\/occitanie\/haute-garonne-31\/toulouse-31555\\\u00a0\u00bb}],\\\u00a0\u00bbdepartments\\\u00a0\u00bb:[{\\\u00a0\u00bbslug\\\u00a0\u00bb:\\\u00a0\u00bbariege-09\\\u00a0\u00bb,\\\u00a0\u00bbtitle\\\u00a0\u00bb:\\\u00a0\u00bbAri\u00e8ge\\\u00a0\u00bb,\\\u00a0\u00bbtitleArticle\\\u00a0\u00bb:\\\u00a0\u00bbde l&rsquo;\\\u00a0\u00bb,\\\u00a0\u00bblocale\\\u00a0\u00bb:{\\\u00a0\u00bbnearest\\\u00a0\u00bb:[\\\u00a0\u00bbtoulouse\\\u00a0\u00bb]},\\\u00a0\u00bbnearestDepartment\\\u00a0\u00bb:[\\\u00a0\u00bbhaute-garonne-31\\\u00a0\u00bb,\\\u00a0\u00bbaude-11\\\u00a0\u00bb,\\\u00a0\u00bbpyrenees-orientales-66\\\u00a0\u00bb],\\\u00a0\u00bbcities\\\u00a0\u00bb:[{\\\u00a0\u00bbpath\\\u00a0\u00bb:\\\u00a0\u00bb\/occitanie\/ariege-09\/foix-09122\\\u00a0\u00bb,\\\u00a0\u00bbtitle\\\u00a0\u00bb:\\\u00a0\u00bbFoix\\\u00a0\u00bb},{\\\u00a0\u00bbpath\\\u00a0\u00bb:\\\u00a0\u00bb\/occitanie\/ariege-09\/lavelanet-09160\\\u00a0\u00bb,\\\u00a0\u00bbtitle\\\u00a0\u00bb:\\\u00a0\u00bbLavelanet\\\u00a0\u00bb},{\\\u00a0\u00bbpath\\\u00a0\u00bb:\\\u00a0\u00bb\/occitanie\/ariege-09\/mazeres-09185\\\u00a0\u00bb,\\\u00a0\u00bbtitle\\\u00a0\u00bb:\\\u00a0\u00bbMaz\u00e8res\\\u00a0\u00bb},{\\\u00a0\u00bbpath\\\u00a0\u00bb:\\\u00a0\u00bb\/occitanie\/ariege-09\/mirepoix-09194\\\u00a0\u00bb,\\\u00a0\u00bbtitle\\\u00a0\u00bb:\\\u00a0\u00bbMirepoix\\\u00a0\u00bb},{\\\u00a0\u00bbpath\\\u00a0\u00bb:\\\u00a0\u00bb\/occitanie\/ariege-09\/pamiers-09225\\\u00a0\u00bb,\\\u00a0\u00bbtitle\\\u00a0\u00bb:\\\u00a0\u00bbPamiers\\\u00a0\u00bb},{\\\u00a0\u00bbpath\\\u00a0\u00bb:\\\u00a0\u00bb\/occitanie\/ariege-09\/saint-girons-09261\\\u00a0\u00bb,\\\u00a0\u00bbtitle\\\u00a0\u00bb:\\\u00a0\u00bbSaint-Girons\\\u00a0\u00bb},{\\\u00a0\u00bbpath\\\u00a0\u00bb:\\\u00a0\u00bb\/occitanie\/ariege-09\/saverdun-09282\\\u00a0\u00bb,\\\u00a0\u00bbtitle\\\u00a0\u00bb:\\\u00a0\u00bbSaverdun\\\u00a0\u00bb},{\\\u00a0\u00bbpath\\\u00a0\u00bb:\\\u00a0\u00bb\/occitanie\/ariege-09\/varilhes-09324\\\u00a0\u00bb,\\\u00a0\u00bbtitle\\\u00a0\u00bb:\\\u00a0\u00bbVarilhes\\\u00a0\u00bb},{\\\u00a0\u00bbpath\\\u00a0\u00bb:\\\u00a0\u00bb\/occitanie\/ariege-09\/tarascon-sur-ariege-09306\\\u00a0\u00bb,\\\u00a0\u00bbtitle\\\u00a0\u00bb:\\\u00a0\u00bbTarascon-sur-Ari\u00e8ge\\\u00a0\u00bb},{\\\u00a0\u00bbpath\\\u00a0\u00bb:\\\u00a0\u00bb\/occitanie\/ariege-09\/tour-du-crieu-09312\\\u00a0\u00bb,\\\u00a0\u00bbtitle\\\u00a0\u00bb:\\\u00a0\u00bbLa Tour-du-Crieu\\\u00a0\u00bb}]},{\\\u00a0\u00bbslug\\\u00a0\u00bb:\\\u00a0\u00bbaude-11\\\u00a0\u00bb,\\\u00a0\u00bbtitle\\\u00a0\u00bb:\\\u00a0\u00bbAude\\\u00a0\u00bb,\\\u00a0\u00bbtitleArticle\\\u00a0\u00bb:\\\u00a0\u00bbde l&rsquo;\\\u00a0\u00bb,\\\u00a0\u00bblocale\\\u00a0\u00bb:{\\\u00a0\u00bbnearest\\\u00a0\u00bb:[\\\u00a0\u00bbtoulouse\\\u00a0\u00bb,\\\u00a0\u00bbroussillon\\\u00a0\u00bb,\\\u00a0\u00bbherault\\\u00a0\u00bb]},\\\u00a0\u00bbnearestDepartment\\\u00a0\u00bb:[\\\u00a0\u00bbhaute-garonne-31\\\u00a0\u00bb,\\\u00a0\u00bbtarn-81\\\u00a0\u00bb,\\\u00a0\u00bbherault-34\\\u00a0\u00bb,\\\u00a0\u00bbpyrenees-orientales-66\\\u00a0\u00bb,\\\u00a0\u00bbariege-09\\\u00a0\u00bb],\\\u00a0\u00bbcities\\\u00a0\u00bb:[{\\\u00a0\u00bbpath\\\u00a0\u00bb:\\\u00a0\u00bb\/occitanie\/aude-11\/carcassonne-11069\\\u00a0\u00bb,\\\u00a0\u00bbtitle\\\u00a0\u00bb:\\\u00a0\u00bbCarcassonne\\\u00a0\u00bb},{\\\u00a0\u00bbpath\\\u00a0\u00bb:\\\u00a0\u00bb\/occitanie\/aude-11\/castelnaudary-11076\\\u00a0\u00bb,\\\u00a0\u00bbtitle\\\u00a0\u00bb:\\\u00a0\u00bbCastelnaudary\\\u00a0\u00bb},{\\\u00a0\u00bbpath\\\u00a0\u00bb:\\\u00a0\u00bb\/occitanie\/aude-11\/coursan-11106\\\u00a0\u00bb,\\\u00a0\u00bbtitle\\\u00a0\u00bb:\\\u00a0\u00bbCoursan\\\u00a0\u00bb},{\\\u00a0\u00bbpath\\\u00a0\u00bb:\\\u00a0\u00bb\/occitanie\/aude-11\/limoux-11206\\\u00a0\u00bb,\\\u00a0\u00bbtitle\\\u00a0\u00bb:\\\u00a0\u00bbLimoux\\\u00a0\u00bb},{\\\u00a0\u00bbpath\\\u00a0\u00bb:\\\u00a0\u00bb\/occitanie\/aude-11\/lezignan-corbieres-11203\\\u00a0\u00bb,\\\u00a0\u00bbtitle\\\u00a0\u00bb:\\\u00a0\u00bbL\u00e9zignan-Corbi\u00e8res\\\u00a0\u00bb},{\\\u00a0\u00bbpath\\\u00a0\u00bb:\\\u00a0\u00bb\/occitanie\/aude-11\/narbonne-11262\\\u00a0\u00bb,\\\u00a0\u00bbtitle\\\u00a0\u00bb:\\\u00a0\u00bbNarbonne\\\u00a0\u00bb},{\\\u00a0\u00bbpath\\\u00a0\u00bb:\\\u00a0\u00bb\/occitanie\/aude-11\/port-la-nouvelle-11266\\\u00a0\u00bb,\\\u00a0\u00bbtitle\\\u00a0\u00bb:\\\u00a0\u00bbPort-la-Nouvelle\\\u00a0\u00bb},{\\\u00a0\u00bbpath\\\u00a0\u00bb:\\\u00a0\u00bb\/occitanie\/aude-11\/sigean-11379\\\u00a0\u00bb,\\\u00a0\u00bbtitle\\\u00a0\u00bb:\\\u00a0\u00bbSigean\\\u00a0\u00bb},{\\\u00a0\u00bbpath\\\u00a0\u00bb:\\\u00a0\u00bb\/occitanie\/aude-11\/trebes-11397\\\u00a0\u00bb,\\\u00a0\u00bbtitle\\\u00a0\u00bb:\\\u00a0\u00bbTr\u00e8bes\\\u00a0\u00bb},{\\\u00a0\u00bbpath\\\u00a0\u00bb:\\\u00a0\u00bb\/occitanie\/aude-11\/gruissan-11170\\\u00a0\u00bb,\\\u00a0\u00bbtitle\\\u00a0\u00bb:\\\u00a0\u00bbGruissan\\\u00a0\u00bb}]},{\\\u00a0\u00bbslug\\\u00a0\u00bb:\\\u00a0\u00bbaveyron-12\\\u00a0\u00bb,\\\u00a0\u00bbtitle\\\u00a0\u00bb:\\\u00a0\u00bbAveyron\\\u00a0\u00bb,\\\u00a0\u00bbtitleArticle\\\u00a0\u00bb:\\\u00a0\u00bbde l&rsquo;\\\u00a0\u00bb,\\\u00a0\u00bblocale\\\u00a0\u00bb:{\\\u00a0\u00bbnearest\\\u00a0\u00bb:[\\\u00a0\u00bbherault\\\u00a0\u00bb,\\\u00a0\u00bbtoulouse\\\u00a0\u00bb]},\\\u00a0\u00bbnearestDepartment\\\u00a0\u00bb:[\\\u00a0\u00bblot-46\\\u00a0\u00bb,\\\u00a0\u00bbcantal-15\\\u00a0\u00bb,\\\u00a0\u00bblozere-48\\\u00a0\u00bb,\\\u00a0\u00bbgard-30\\\u00a0\u00bb,\\\u00a0\u00bbherault-34\\\u00a0\u00bb,\\\u00a0\u00bbtarn-81\\\u00a0\u00bb,\\\u00a0\u00bbtarn-et-garonne-82\\\u00a0\u00bb],\\\u00a0\u00bbcities\\\u00a0\u00bb:[{\\\u00a0\u00bbpath\\\u00a0\u00bb:\\\u00a0\u00bb\/occitanie\/aveyron-12\/capdenac-gare-12052\\\u00a0\u00bb,\\\u00a0\u00bbtitle\\\u00a0\u00bb:\\\u00a0\u00bbCapdenac-Gare\\\u00a0\u00bb},{\\\u00a0\u00bbpath\\\u00a0\u00bb:\\\u00a0\u00bb\/occitanie\/aveyron-12\/decazeville-12089\\\u00a0\u00bb,\\\u00a0\u00bbtitle\\\u00a0\u00bb:\\\u00a0\u00bbDecazeville\\\u00a0\u00bb},{\\\u00a0\u00bbpath\\\u00a0\u00bb:\\\u00a0\u00bb\/occitanie\/aveyron-12\/espalion-12096\\\u00a0\u00bb,\\\u00a0\u00bbtitle\\\u00a0\u00bb:\\\u00a0\u00bbEspalion\\\u00a0\u00bb},{\\\u00a0\u00bbpath\\\u00a0\u00bb:\\\u00a0\u00bb\/occitanie\/aveyron-12\/luc-la-primaube-12133\\\u00a0\u00bb,\\\u00a0\u00bbtitle\\\u00a0\u00bb:\\\u00a0\u00bbLuc-la-Primaube\\\u00a0\u00bb},{\\\u00a0\u00bbpath\\\u00a0\u00bb:\\\u00a0\u00bb\/occitanie\/aveyron-12\/millau-12145\\\u00a0\u00bb,\\\u00a0\u00bbtitle\\\u00a0\u00bb:\\\u00a0\u00bbMillau\\\u00a0\u00bb},{\\\u00a0\u00bbpath\\\u00a0\u00bb:\\\u00a0\u00bb\/occitanie\/aveyron-12\/onet-le-chateau-12176\\\u00a0\u00bb,\\\u00a0\u00bbtitle\\\u00a0\u00bb:\\\u00a0\u00bbOnet-le-Ch\u00e2teau\\\u00a0\u00bb},{\\\u00a0\u00bbpath\\\u00a0\u00bb:\\\u00a0\u00bb\/occitanie\/aveyron-12\/rodez-12202\\\u00a0\u00bb,\\\u00a0\u00bbtitle\\\u00a0\u00bb:\\\u00a0\u00bbRodez\\\u00a0\u00bb},{\\\u00a0\u00bbpath\\\u00a0\u00bb:\\\u00a0\u00bb\/occitanie\/aveyron-12\/saint-affrique-12208\\\u00a0\u00bb,\\\u00a0\u00bbtitle\\\u00a0\u00bb:\\\u00a0\u00bbSaint-Affrique\\\u00a0\u00bb},{\\\u00a0\u00bbpath\\\u00a0\u00bb:\\\u00a0\u00bb\/occitanie\/aveyron-12\/villefranche-de-rouergue-12300\\\u00a0\u00bb,\\\u00a0\u00bbtitle\\\u00a0\u00bb:\\\u00a0\u00bbVillefranche-de-Rouergue\\\u00a0\u00bb},{\\\u00a0\u00bbpath\\\u00a0\u00bb:\\\u00a0\u00bb\/occitanie\/aveyron-12\/severac-d-aveyron-12270\\\u00a0\u00bb,\\\u00a0\u00bbtitle\\\u00a0\u00bb:\\\u00a0\u00bbS\u00e9v\u00e9rac d&rsquo;Aveyron\\\u00a0\u00bb}]},{\\\u00a0\u00bbslug\\\u00a0\u00bb:\\\u00a0\u00bbgard-30\\\u00a0\u00bb,\\\u00a0\u00bbtitle\\\u00a0\u00bb:\\\u00a0\u00bbGard\\\u00a0\u00bb,\\\u00a0\u00bbtitleArticle\\\u00a0\u00bb:\\\u00a0\u00bbdu \\\u00a0\u00bb,\\\u00a0\u00bblocale\\\u00a0\u00bb:{\\\u00a0\u00bbmain\\\u00a0\u00bb:\\\u00a0\u00bbgard-lozere\\\u00a0\u00bb,\\\u00a0\u00bbnearest\\\u00a0\u00bb:[\\\u00a0\u00bbvaucluse\\\u00a0\u00bb]},\\\u00a0\u00bbnearestDepartment\\\u00a0\u00bb:[\\\u00a0\u00bbaveyron-12\\\u00a0\u00bb,\\\u00a0\u00bblozere-48\\\u00a0\u00bb,\\\u00a0\u00bbardeche-07\\\u00a0\u00bb,\\\u00a0\u00bbdrome-26\\\u00a0\u00bb,\\\u00a0\u00bbvaucluse-84\\\u00a0\u00bb,\\\u00a0\u00bbbouches-du-rhone-13\\\u00a0\u00bb,\\\u00a0\u00bbherault-34\\\u00a0\u00bb],\\\u00a0\u00bbcities\\\u00a0\u00bb:[{\\\u00a0\u00bbpath\\\u00a0\u00bb:\\\u00a0\u00bb\/occitanie\/gard-30\/ales-30007\\\u00a0\u00bb,\\\u00a0\u00bbtitle\\\u00a0\u00bb:\\\u00a0\u00bbAl\u00e8s\\\u00a0\u00bb},{\\\u00a0\u00bbpath\\\u00a0\u00bb:\\\u00a0\u00bb\/occitanie\/gard-30\/bagnols-sur-ceze-30028\\\u00a0\u00bb,\\\u00a0\u00bbtitle\\\u00a0\u00bb:\\\u00a0\u00bbBagnols-sur-C\u00e8ze\\\u00a0\u00bb},{\\\u00a0\u00bbpath\\\u00a0\u00bb:\\\u00a0\u00bb\/occitanie\/gard-30\/beaucaire-30032\\\u00a0\u00bb,\\\u00a0\u00bbtitle\\\u00a0\u00bb:\\\u00a0\u00bbBeaucaire\\\u00a0\u00bb},{\\\u00a0\u00bbpath\\\u00a0\u00bb:\\\u00a0\u00bb\/occitanie\/gard-30\/marguerittes-30156\\\u00a0\u00bb,\\\u00a0\u00bbtitle\\\u00a0\u00bb:\\\u00a0\u00bbMarguerittes\\\u00a0\u00bb},{\\\u00a0\u00bbpath\\\u00a0\u00bb:\\\u00a0\u00bb\/occitanie\/gard-30\/nimes-30189\\\u00a0\u00bb,\\\u00a0\u00bbtitle\\\u00a0\u00bb:\\\u00a0\u00bbN\u00eemes\\\u00a0\u00bb},{\\\u00a0\u00bbpath\\\u00a0\u00bb:\\\u00a0\u00bb\/occitanie\/gard-30\/pont-saint-esprit-30202\\\u00a0\u00bb,\\\u00a0\u00bbtitle\\\u00a0\u00bb:\\\u00a0\u00bbPont-Saint-Esprit\\\u00a0\u00bb},{\\\u00a0\u00bbpath\\\u00a0\u00bb:\\\u00a0\u00bb\/occitanie\/gard-30\/saint-gilles-30258\\\u00a0\u00bb,\\\u00a0\u00bbtitle\\\u00a0\u00bb:\\\u00a0\u00bbSaint-Gilles\\\u00a0\u00bb},{\\\u00a0\u00bbpath\\\u00a0\u00bb:\\\u00a0\u00bb\/occitanie\/gard-30\/vauvert-30341\\\u00a0\u00bb,\\\u00a0\u00bbtitle\\\u00a0\u00bb:\\\u00a0\u00bbVauvert\\\u00a0\u00bb},{\\\u00a0\u00bbpath\\\u00a0\u00bb:\\\u00a0\u00bb\/occitanie\/gard-30\/villeneuve-les-avignon-30351\\\u00a0\u00bb,\\\u00a0\u00bbtitle\\\u00a0\u00bb:\\\u00a0\u00bbVilleneuve-l\u00e8s-Avignon\\\u00a0\u00bb},{\\\u00a0\u00bbpath\\\u00a0\u00bb:\\\u00a0\u00bb\/occitanie\/gard-30\/uzes-30334\\\u00a0\u00bb,\\\u00a0\u00bbtitle\\\u00a0\u00bb:\\\u00a0\u00bbUz\u00e8s\\\u00a0\u00bb}]},{\\\u00a0\u00bbslug\\\u00a0\u00bb:\\\u00a0\u00bbgers-32\\\u00a0\u00bb,\\\u00a0\u00bbtitle\\\u00a0\u00bb:\\\u00a0\u00bbGers\\\u00a0\u00bb,\\\u00a0\u00bbtitleArticle\\\u00a0\u00bb:\\\u00a0\u00bbdu \\\u00a0\u00bb,\\\u00a0\u00bblocale\\\u00a0\u00bb:{\\\u00a0\u00bbnearest\\\u00a0\u00bb:[\\\u00a0\u00bbtoulouse\\\u00a0\u00bb,\\\u00a0\u00bbgascogne\\\u00a0\u00bb]},\\\u00a0\u00bbnearestDepartment\\\u00a0\u00bb:[\\\u00a0\u00bblandes-40\\\u00a0\u00bb,\\\u00a0\u00bblot-et-garonne-47\\\u00a0\u00bb,\\\u00a0\u00bbtarn-et-garonne-82\\\u00a0\u00bb,\\\u00a0\u00bbhaute-garonne-31\\\u00a0\u00bb,\\\u00a0\u00bbhautes-pyrenees-65\\\u00a0\u00bb,\\\u00a0\u00bbpyrenees-atlantiques-64\\\u00a0\u00bb],\\\u00a0\u00bbcities\\\u00a0\u00bb:[{\\\u00a0\u00bbpath\\\u00a0\u00bb:\\\u00a0\u00bb\/occitanie\/gers-32\/auch-32013\\\u00a0\u00bb,\\\u00a0\u00bbtitle\\\u00a0\u00bb:\\\u00a0\u00bbAuch\\\u00a0\u00bb},{\\\u00a0\u00bbpath\\\u00a0\u00bb:\\\u00a0\u00bb\/occitanie\/gers-32\/condom-32107\\\u00a0\u00bb,\\\u00a0\u00bbtitle\\\u00a0\u00bb:\\\u00a0\u00bbCondom\\\u00a0\u00bb},{\\\u00a0\u00bbpath\\\u00a0\u00bb:\\\u00a0\u00bb\/occitanie\/gers-32\/eauze-32119\\\u00a0\u00bb,\\\u00a0\u00bbtitle\\\u00a0\u00bb:\\\u00a0\u00bbEauze\\\u00a0\u00bb},{\\\u00a0\u00bbpath\\\u00a0\u00bb:\\\u00a0\u00bb\/occitanie\/gers-32\/fleurance-32132\\\u00a0\u00bb,\\\u00a0\u00bbtitle\\\u00a0\u00bb:\\\u00a0\u00bbFleurance\\\u00a0\u00bb},{\\\u00a0\u00bbpath\\\u00a0\u00bb:\\\u00a0\u00bb\/occitanie\/gers-32\/gimont-32147\\\u00a0\u00bb,\\\u00a0\u00bbtitle\\\u00a0\u00bb:\\\u00a0\u00bbGimont\\\u00a0\u00bb},{\\\u00a0\u00bbpath\\\u00a0\u00bb:\\\u00a0\u00bb\/occitanie\/gers-32\/isle-jourdain-32160\\\u00a0\u00bb,\\\u00a0\u00bbtitle\\\u00a0\u00bb:\\\u00a0\u00bbL&rsquo;Isle-Jourdain\\\u00a0\u00bb},{\\\u00a0\u00bbpath\\\u00a0\u00bb:\\\u00a0\u00bb\/occitanie\/gers-32\/lectoure-32208\\\u00a0\u00bb,\\\u00a0\u00bbtitle\\\u00a0\u00bb:\\\u00a0\u00bbLectoure\\\u00a0\u00bb},{\\\u00a0\u00bbpath\\\u00a0\u00bb:\\\u00a0\u00bb\/occitanie\/gers-32\/mirande-32256\\\u00a0\u00bb,\\\u00a0\u00bbtitle\\\u00a0\u00bb:\\\u00a0\u00bbMirande\\\u00a0\u00bb},{\\\u00a0\u00bbpath\\\u00a0\u00bb:\\\u00a0\u00bb\/occitanie\/gers-32\/vic-fezensac-32462\\\u00a0\u00bb,\\\u00a0\u00bbtitle\\\u00a0\u00bb:\\\u00a0\u00bbVic-Fezensac\\\u00a0\u00bb},{\\\u00a0\u00bbpath\\\u00a0\u00bb:\\\u00a0\u00bb\/occitanie\/gers-32\/pavie-32307\\\u00a0\u00bb,\\\u00a0\u00bbtitle\\\u00a0\u00bb:\\\u00a0\u00bbPavie\\\u00a0\u00bb}]},{\\\u00a0\u00bbslug\\\u00a0\u00bb:\\\u00a0\u00bbhaute-garonne-31\\\u00a0\u00bb,\\\u00a0\u00bbtitle\\\u00a0\u00bb:\\\u00a0\u00bbHaute-Garonne\\\u00a0\u00bb,\\\u00a0\u00bbtitleArticle\\\u00a0\u00bb:\\\u00a0\u00bbde \\\u00a0\u00bb,\\\u00a0\u00bblocale\\\u00a0\u00bb:{\\\u00a0\u00bbmain\\\u00a0\u00bb:\\\u00a0\u00bbtoulouse\\\u00a0\u00bb,\\\u00a0\u00bbnearest\\\u00a0\u00bb:[]},\\\u00a0\u00bbnearestDepartment\\\u00a0\u00bb:[\\\u00a0\u00bbgers-32\\\u00a0\u00bb,\\\u00a0\u00bbtarn-et-garonne-82\\\u00a0\u00bb,\\\u00a0\u00bbtarn-81\\\u00a0\u00bb,\\\u00a0\u00bbaude-11\\\u00a0\u00bb,\\\u00a0\u00bbariege-09\\\u00a0\u00bb,\\\u00a0\u00bbhautes-pyrenees-65\\\u00a0\u00bb],\\\u00a0\u00bbcities\\\u00a0\u00bb:[{\\\u00a0\u00bbpath\\\u00a0\u00bb:\\\u00a0\u00bb\/occitanie\/haute-garonne-31\/balma-31044\\\u00a0\u00bb,\\\u00a0\u00bbtitle\\\u00a0\u00bb:\\\u00a0\u00bbBalma\\\u00a0\u00bb},{\\\u00a0\u00bbpath\\\u00a0\u00bb:\\\u00a0\u00bb\/occitanie\/haute-garonne-31\/blagnac-31069\\\u00a0\u00bb,\\\u00a0\u00bbtitle\\\u00a0\u00bb:\\\u00a0\u00bbBlagnac\\\u00a0\u00bb},{\\\u00a0\u00bbpath\\\u00a0\u00bb:\\\u00a0\u00bb\/occitanie\/haute-garonne-31\/colomiers-31149\\\u00a0\u00bb,\\\u00a0\u00bbtitle\\\u00a0\u00bb:\\\u00a0\u00bbColomiers\\\u00a0\u00bb},{\\\u00a0\u00bbpath\\\u00a0\u00bb:\\\u00a0\u00bb\/occitanie\/haute-garonne-31\/cugnaux-31157\\\u00a0\u00bb,\\\u00a0\u00bbtitle\\\u00a0\u00bb:\\\u00a0\u00bbCugnaux\\\u00a0\u00bb},{\\\u00a0\u00bbpath\\\u00a0\u00bb:\\\u00a0\u00bb\/occitanie\/haute-garonne-31\/muret-31395\\\u00a0\u00bb,\\\u00a0\u00bbtitle\\\u00a0\u00bb:\\\u00a0\u00bbMuret\\\u00a0\u00bb},{\\\u00a0\u00bbpath\\\u00a0\u00bb:\\\u00a0\u00bb\/occitanie\/haute-garonne-31\/plaisance-du-touch-31424\\\u00a0\u00bb,\\\u00a0\u00bbtitle\\\u00a0\u00bb:\\\u00a0\u00bbPlaisance-du-Touch\\\u00a0\u00bb},{\\\u00a0\u00bbpath\\\u00a0\u00bb:\\\u00a0\u00bb\/occitanie\/haute-garonne-31\/ramonville-saint-agne-31446\\\u00a0\u00bb,\\\u00a0\u00bbtitle\\\u00a0\u00bb:\\\u00a0\u00bbRamonville-Saint-Agne\\\u00a0\u00bb},{\\\u00a0\u00bbpath\\\u00a0\u00bb:\\\u00a0\u00bb\/occitanie\/haute-garonne-31\/toulouse-31555\\\u00a0\u00bb,\\\u00a0\u00bbtitle\\\u00a0\u00bb:\\\u00a0\u00bbToulouse\\\u00a0\u00bb},{\\\u00a0\u00bbpath\\\u00a0\u00bb:\\\u00a0\u00bb\/occitanie\/haute-garonne-31\/tournefeuille-31557\\\u00a0\u00bb,\\\u00a0\u00bbtitle\\\u00a0\u00bb:\\\u00a0\u00bbTournefeuille\\\u00a0\u00bb},{\\\u00a0\u00bbpath\\\u00a0\u00bb:\\\u00a0\u00bb\/occitanie\/haute-garonne-31\/castanet-tolosan-31113\\\u00a0\u00bb,\\\u00a0\u00bbtitle\\\u00a0\u00bb:\\\u00a0\u00bbCastanet-Tolosan\\\u00a0\u00bb}]},{\\\u00a0\u00bbslug\\\u00a0\u00bb:\\\u00a0\u00bbhautes-pyrenees-65\\\u00a0\u00bb,\\\u00a0\u00bbtitle\\\u00a0\u00bb:\\\u00a0\u00bbHautes-Pyr\u00e9n\u00e9es\\\u00a0\u00bb,\\\u00a0\u00bbtitleArticle\\\u00a0\u00bb:\\\u00a0\u00bbdes \\\u00a0\u00bb,\\\u00a0\u00bblocale\\\u00a0\u00bb:{\\\u00a0\u00bbnearest\\\u00a0\u00bb:[\\\u00a0\u00bbbearn\\\u00a0\u00bb,\\\u00a0\u00bbtoulouse\\\u00a0\u00bb]},\\\u00a0\u00bbnearestDepartment\\\u00a0\u00bb:[\\\u00a0\u00bbpyrenees-atlantiques-64\\\u00a0\u00bb,\\\u00a0\u00bbgers-32\\\u00a0\u00bb,\\\u00a0\u00bbhaute-garonne-31\\\u00a0\u00bb],\\\u00a0\u00bbcities\\\u00a0\u00bb:[{\\\u00a0\u00bbpath\\\u00a0\u00bb:\\\u00a0\u00bb\/occitanie\/hautes-pyrenees-65\/aureilhan-65047\\\u00a0\u00bb,\\\u00a0\u00bbtitle\\\u00a0\u00bb:\\\u00a0\u00bbAureilhan\\\u00a0\u00bb},{\\\u00a0\u00bbpath\\\u00a0\u00bb:\\\u00a0\u00bb\/occitanie\/hautes-pyrenees-65\/bagneres-de-bigorre-65059\\\u00a0\u00bb,\\\u00a0\u00bbtitle\\\u00a0\u00bb:\\\u00a0\u00bbBagn\u00e8res-de-Bigorre\\\u00a0\u00bb},{\\\u00a0\u00bbpath\\\u00a0\u00bb:\\\u00a0\u00bb\/occitanie\/hautes-pyrenees-65\/borderes-sur-lechez-65100\\\u00a0\u00bb,\\\u00a0\u00bbtitle\\\u00a0\u00bb:\\\u00a0\u00bbBord\u00e8res-sur-l&rsquo;\u00c9chez\\\u00a0\u00bb},{\\\u00a0\u00bbpath\\\u00a0\u00bb:\\\u00a0\u00bb\/occitanie\/hautes-pyrenees-65\/juillan-65235\\\u00a0\u00bb,\\\u00a0\u00bbtitle\\\u00a0\u00bb:\\\u00a0\u00bbJuillan\\\u00a0\u00bb},{\\\u00a0\u00bbpath\\\u00a0\u00bb:\\\u00a0\u00bb\/occitanie\/hautes-pyrenees-65\/lannemezan-65258\\\u00a0\u00bb,\\\u00a0\u00bbtitle\\\u00a0\u00bb:\\\u00a0\u00bbLannemezan\\\u00a0\u00bb},{\\\u00a0\u00bbpath\\\u00a0\u00bb:\\\u00a0\u00bb\/occitanie\/hautes-pyrenees-65\/lourdes-65286\\\u00a0\u00bb,\\\u00a0\u00bbtitle\\\u00a0\u00bb:\\\u00a0\u00bbLourdes\\\u00a0\u00bb},{\\\u00a0\u00bbpath\\\u00a0\u00bb:\\\u00a0\u00bb\/occitanie\/hautes-pyrenees-65\/semeac-65417\\\u00a0\u00bb,\\\u00a0\u00bbtitle\\\u00a0\u00bb:\\\u00a0\u00bbS\u00e9m\u00e9ac\\\u00a0\u00bb},{\\\u00a0\u00bbpath\\\u00a0\u00bb:\\\u00a0\u00bb\/occitanie\/hautes-pyrenees-65\/tarbes-65440\\\u00a0\u00bb,\\\u00a0\u00bbtitle\\\u00a0\u00bb:\\\u00a0\u00bbTarbes\\\u00a0\u00bb},{\\\u00a0\u00bbpath\\\u00a0\u00bb:\\\u00a0\u00bb\/occitanie\/hautes-pyrenees-65\/vic-en-bigorre-65460\\\u00a0\u00bb,\\\u00a0\u00bbtitle\\\u00a0\u00bb:\\\u00a0\u00bbVic-en-Bigorre\\\u00a0\u00bb},{\\\u00a0\u00bbpath\\\u00a0\u00bb:\\\u00a0\u00bb\/occitanie\/hautes-pyrenees-65\/barbazan-debat-65062\\\u00a0\u00bb,\\\u00a0\u00bbtitle\\\u00a0\u00bb:\\\u00a0\u00bbBarbazan-Debat\\\u00a0\u00bb}]},{\\\u00a0\u00bbslug\\\u00a0\u00bb:\\\u00a0\u00bbherault-34\\\u00a0\u00bb,\\\u00a0\u00bbtitle\\\u00a0\u00bb:\\\u00a0\u00bbH\u00e9rault\\\u00a0\u00bb,\\\u00a0\u00bbtitleArticle\\\u00a0\u00bb:\\\u00a0\u00bbdu \\\u00a0\u00bb,\\\u00a0\u00bblocale\\\u00a0\u00bb:{\\\u00a0\u00bbmain\\\u00a0\u00bb:\\\u00a0\u00bbherault\\\u00a0\u00bb,\\\u00a0\u00bbnearest\\\u00a0\u00bb:[]},\\\u00a0\u00bbnearestDepartment\\\u00a0\u00bb:[\\\u00a0\u00bbtarn-81\\\u00a0\u00bb,\\\u00a0\u00bbaveyron-12\\\u00a0\u00bb,\\\u00a0\u00bbgard-30\\\u00a0\u00bb,\\\u00a0\u00bbaude-11\\\u00a0\u00bb],\\\u00a0\u00bbcities\\\u00a0\u00bb:[{\\\u00a0\u00bbpath\\\u00a0\u00bb:\\\u00a0\u00bb\/occitanie\/herault-34\/agde-34003\\\u00a0\u00bb,\\\u00a0\u00bbtitle\\\u00a0\u00bb:\\\u00a0\u00bbAgde\\\u00a0\u00bb},{\\\u00a0\u00bbpath\\\u00a0\u00bb:\\\u00a0\u00bb\/occitanie\/herault-34\/beziers-34032\\\u00a0\u00bb,\\\u00a0\u00bbtitle\\\u00a0\u00bb:\\\u00a0\u00bbB\u00e9ziers\\\u00a0\u00bb},{\\\u00a0\u00bbpath\\\u00a0\u00bb:\\\u00a0\u00bb\/occitanie\/herault-34\/castelnau-le-lez-34057\\\u00a0\u00bb,\\\u00a0\u00bbtitle\\\u00a0\u00bb:\\\u00a0\u00bbCastelnau-le-Lez\\\u00a0\u00bb},{\\\u00a0\u00bbpath\\\u00a0\u00bb:\\\u00a0\u00bb\/occitanie\/herault-34\/frontignan-34108\\\u00a0\u00bb,\\\u00a0\u00bbtitle\\\u00a0\u00bb:\\\u00a0\u00bbFrontignan\\\u00a0\u00bb},{\\\u00a0\u00bbpath\\\u00a0\u00bb:\\\u00a0\u00bb\/occitanie\/herault-34\/lattes-34129\\\u00a0\u00bb,\\\u00a0\u00bbtitle\\\u00a0\u00bb:\\\u00a0\u00bbLattes\\\u00a0\u00bb},{\\\u00a0\u00bbpath\\\u00a0\u00bb:\\\u00a0\u00bb\/occitanie\/herault-34\/lunel-34145\\\u00a0\u00bb,\\\u00a0\u00bbtitle\\\u00a0\u00bb:\\\u00a0\u00bbLunel\\\u00a0\u00bb},{\\\u00a0\u00bbpath\\\u00a0\u00bb:\\\u00a0\u00bb\/occitanie\/herault-34\/mauguio-34154\\\u00a0\u00bb,\\\u00a0\u00bbtitle\\\u00a0\u00bb:\\\u00a0\u00bbMauguio\\\u00a0\u00bb},{\\\u00a0\u00bbpath\\\u00a0\u00bb:\\\u00a0\u00bb\/occitanie\/herault-34\/montpellier-34172\\\u00a0\u00bb,\\\u00a0\u00bbtitle\\\u00a0\u00bb:\\\u00a0\u00bbMontpellier\\\u00a0\u00bb},{\\\u00a0\u00bbpath\\\u00a0\u00bb:\\\u00a0\u00bb\/occitanie\/herault-34\/sete-34301\\\u00a0\u00bb,\\\u00a0\u00bbtitle\\\u00a0\u00bb:\\\u00a0\u00bbS\u00e8te\\\u00a0\u00bb},{\\\u00a0\u00bbpath\\\u00a0\u00bb:\\\u00a0\u00bb\/occitanie\/herault-34\/meze-34157\\\u00a0\u00bb,\\\u00a0\u00bbtitle\\\u00a0\u00bb:\\\u00a0\u00bbM\u00e8ze\\\u00a0\u00bb}]},{\\\u00a0\u00bbslug\\\u00a0\u00bb:\\\u00a0\u00bblot-46\\\u00a0\u00bb,\\\u00a0\u00bbtitle\\\u00a0\u00bb:\\\u00a0\u00bbLot\\\u00a0\u00bb,\\\u00a0\u00bbtitleArticle\\\u00a0\u00bb:\\\u00a0\u00bbdu \\\u00a0\u00bb,\\\u00a0\u00bblocale\\\u00a0\u00bb:{\\\u00a0\u00bbnearest\\\u00a0\u00bb:[\\\u00a0\u00bbtoulouse\\\u00a0\u00bb]},\\\u00a0\u00bbnearestDepartment\\\u00a0\u00bb:[\\\u00a0\u00bbdordogne-24\\\u00a0\u00bb,\\\u00a0\u00bbcorreze-19\\\u00a0\u00bb,\\\u00a0\u00bbcantal-15\\\u00a0\u00bb,\\\u00a0\u00bbaveyron-12\\\u00a0\u00bb,\\\u00a0\u00bbtarn-et-garonne-82\\\u00a0\u00bb,\\\u00a0\u00bblot-et-garonne-47\\\u00a0\u00bb],\\\u00a0\u00bbcities\\\u00a0\u00bb:[{\\\u00a0\u00bbpath\\\u00a0\u00bb:\\\u00a0\u00bb\/occitanie\/lot-46\/biars-sur-cere-46029\\\u00a0\u00bb,\\\u00a0\u00bbtitle\\\u00a0\u00bb:\\\u00a0\u00bbBiars-sur-C\u00e8re\\\u00a0\u00bb},{\\\u00a0\u00bbpath\\\u00a0\u00bb:\\\u00a0\u00bb\/occitanie\/lot-46\/cahors-46042\\\u00a0\u00bb,\\\u00a0\u00bbtitle\\\u00a0\u00bb:\\\u00a0\u00bbCahors\\\u00a0\u00bb},{\\\u00a0\u00bbpath\\\u00a0\u00bb:\\\u00a0\u00bb\/occitanie\/lot-46\/figeac-46102\\\u00a0\u00bb,\\\u00a0\u00bbtitle\\\u00a0\u00bb:\\\u00a0\u00bbFigeac\\\u00a0\u00bb},{\\\u00a0\u00bbpath\\\u00a0\u00bb:\\\u00a0\u00bb\/occitanie\/lot-46\/gourdon-46127\\\u00a0\u00bb,\\\u00a0\u00bbtitle\\\u00a0\u00bb:\\\u00a0\u00bbGourdon\\\u00a0\u00bb},{\\\u00a0\u00bbpath\\\u00a0\u00bb:\\\u00a0\u00bb\/occitanie\/lot-46\/gramat-46128\\\u00a0\u00bb,\\\u00a0\u00bbtitle\\\u00a0\u00bb:\\\u00a0\u00bbGramat\\\u00a0\u00bb},{\\\u00a0\u00bbpath\\\u00a0\u00bb:\\\u00a0\u00bb\/occitanie\/lot-46\/pradines-46224\\\u00a0\u00bb,\\\u00a0\u00bbtitle\\\u00a0\u00bb:\\\u00a0\u00bbPradines\\\u00a0\u00bb},{\\\u00a0\u00bbpath\\\u00a0\u00bb:\\\u00a0\u00bb\/occitanie\/lot-46\/prayssac-46225\\\u00a0\u00bb,\\\u00a0\u00bbtitle\\\u00a0\u00bb:\\\u00a0\u00bbPrayssac\\\u00a0\u00bb},{\\\u00a0\u00bbpath\\\u00a0\u00bb:\\\u00a0\u00bb\/occitanie\/lot-46\/saint-cere-46251\\\u00a0\u00bb,\\\u00a0\u00bbtitle\\\u00a0\u00bb:\\\u00a0\u00bbSaint-C\u00e9r\u00e9\\\u00a0\u00bb},{\\\u00a0\u00bbpath\\\u00a0\u00bb:\\\u00a0\u00bb\/occitanie\/lot-46\/souillac-46309\\\u00a0\u00bb,\\\u00a0\u00bbtitle\\\u00a0\u00bb:\\\u00a0\u00bbSouillac\\\u00a0\u00bb},{\\\u00a0\u00bbpath\\\u00a0\u00bb:\\\u00a0\u00bb\/occitanie\/lot-46\/puy-leveque-46231\\\u00a0\u00bb,\\\u00a0\u00bbtitle\\\u00a0\u00bb:\\\u00a0\u00bbPuy-l&rsquo;\u00c9v\u00eaque\\\u00a0\u00bb}]},{\\\u00a0\u00bbslug\\\u00a0\u00bb:\\\u00a0\u00bblozere-48\\\u00a0\u00bb,\\\u00a0\u00bbtitle\\\u00a0\u00bb:\\\u00a0\u00bbLoz\u00e8re\\\u00a0\u00bb,\\\u00a0\u00bbtitleArticle\\\u00a0\u00bb:\\\u00a0\u00bbde \\\u00a0\u00bb,\\\u00a0\u00bblocale\\\u00a0\u00bb:{\\\u00a0\u00bbnearest\\\u00a0\u00bb:[\\\u00a0\u00bbgard-lozere\\\u00a0\u00bb]},\\\u00a0\u00bbnearestDepartment\\\u00a0\u00bb:[\\\u00a0\u00bbcantal-15\\\u00a0\u00bb,\\\u00a0\u00bbhaute-loire-43\\\u00a0\u00bb,\\\u00a0\u00bbardeche-07\\\u00a0\u00bb,\\\u00a0\u00bbgard-30\\\u00a0\u00bb,\\\u00a0\u00bbaveyron-12\\\u00a0\u00bb],\\\u00a0\u00bbcities\\\u00a0\u00bb:[{\\\u00a0\u00bbpath\\\u00a0\u00bb:\\\u00a0\u00bb\/occitanie\/lozere-48\/bourgs-sur-colagne-48099\\\u00a0\u00bb,\\\u00a0\u00bbtitle\\\u00a0\u00bb:\\\u00a0\u00bbBourgs sur Colagne\\\u00a0\u00bb},{\\\u00a0\u00bbpath\\\u00a0\u00bb:\\\u00a0\u00bb\/occitanie\/lozere-48\/chanac-48039\\\u00a0\u00bb,\\\u00a0\u00bbtitle\\\u00a0\u00bb:\\\u00a0\u00bbChanac\\\u00a0\u00bb},{\\\u00a0\u00bbpath\\\u00a0\u00bb:\\\u00a0\u00bb\/occitanie\/lozere-48\/florac-trois-rivieres-48061\\\u00a0\u00bb,\\\u00a0\u00bbtitle\\\u00a0\u00bb:\\\u00a0\u00bbFlorac Trois Rivi\u00e8res\\\u00a0\u00bb},{\\\u00a0\u00bbpath\\\u00a0\u00bb:\\\u00a0\u00bb\/occitanie\/lozere-48\/langogne-48080\\\u00a0\u00bb,\\\u00a0\u00bbtitle\\\u00a0\u00bb:\\\u00a0\u00bbLangogne\\\u00a0\u00bb},{\\\u00a0\u00bbpath\\\u00a0\u00bb:\\\u00a0\u00bb\/occitanie\/lozere-48\/marvejols-48092\\\u00a0\u00bb,\\\u00a0\u00bbtitle\\\u00a0\u00bb:\\\u00a0\u00bbMarvejols\\\u00a0\u00bb},{\\\u00a0\u00bbpath\\\u00a0\u00bb:\\\u00a0\u00bb\/occitanie\/lozere-48\/mende-48095\\\u00a0\u00bb,\\\u00a0\u00bbtitle\\\u00a0\u00bb:\\\u00a0\u00bbMende\\\u00a0\u00bb},{\\\u00a0\u00bbpath\\\u00a0\u00bb:\\\u00a0\u00bb\/occitanie\/lozere-48\/peyre-en-aubrac-48009\\\u00a0\u00bb,\\\u00a0\u00bbtitle\\\u00a0\u00bb:\\\u00a0\u00bbPeyre en Aubrac\\\u00a0\u00bb},{\\\u00a0\u00bbpath\\\u00a0\u00bb:\\\u00a0\u00bb\/occitanie\/lozere-48\/saint-chely-dapcher-48140\\\u00a0\u00bb,\\\u00a0\u00bbtitle\\\u00a0\u00bb:\\\u00a0\u00bbSaint-Ch\u00e9ly-d&rsquo;Apcher\\\u00a0\u00bb},{\\\u00a0\u00bbpath\\\u00a0\u00bb:\\\u00a0\u00bb\/occitanie\/lozere-48\/saint-alban-sur-limagnole-48132\\\u00a0\u00bb,\\\u00a0\u00bbtitle\\\u00a0\u00bb:\\\u00a0\u00bbSaint-Alban-sur-Limagnole\\\u00a0\u00bb},{\\\u00a0\u00bbpath\\\u00a0\u00bb:\\\u00a0\u00bb\/occitanie\/lozere-48\/canourgue-48034\\\u00a0\u00bb,\\\u00a0\u00bbtitle\\\u00a0\u00bb:\\\u00a0\u00bbLa Canourgue\\\u00a0\u00bb}]},{\\\u00a0\u00bbslug\\\u00a0\u00bb:\\\u00a0\u00bbpyrenees-orientales-66\\\u00a0\u00bb,\\\u00a0\u00bbtitle\\\u00a0\u00bb:\\\u00a0\u00bbPyr\u00e9n\u00e9es-Orientales\\\u00a0\u00bb,\\\u00a0\u00bbtitleArticle\\\u00a0\u00bb:\\\u00a0\u00bbdes \\\u00a0\u00bb,\\\u00a0\u00bblocale\\\u00a0\u00bb:{\\\u00a0\u00bbmain\\\u00a0\u00bb:\\\u00a0\u00bbroussillon\\\u00a0\u00bb,\\\u00a0\u00bbnearest\\\u00a0\u00bb:[]},\\\u00a0\u00bbnearestDepartment\\\u00a0\u00bb:[\\\u00a0\u00bbariege-09\\\u00a0\u00bb,\\\u00a0\u00bbaude-11\\\u00a0\u00bb],\\\u00a0\u00bbcities\\\u00a0\u00bb:[{\\\u00a0\u00bbpath\\\u00a0\u00bb:\\\u00a0\u00bb\/occitanie\/pyrenees-orientales-66\/argeles-sur-mer-66008\\\u00a0\u00bb,\\\u00a0\u00bbtitle\\\u00a0\u00bb:\\\u00a0\u00bbArgel\u00e8s-sur-Mer\\\u00a0\u00bb},{\\\u00a0\u00bbpath\\\u00a0\u00bb:\\\u00a0\u00bb\/occitanie\/pyrenees-orientales-66\/cabestany-66028\\\u00a0\u00bb,\\\u00a0\u00bbtitle\\\u00a0\u00bb:\\\u00a0\u00bbCabestany\\\u00a0\u00bb},{\\\u00a0\u00bbpath\\\u00a0\u00bb:\\\u00a0\u00bb\/occitanie\/pyrenees-orientales-66\/canet-en-roussillon-66037\\\u00a0\u00bb,\\\u00a0\u00bbtitle\\\u00a0\u00bb:\\\u00a0\u00bbCanet-en-Roussillon\\\u00a0\u00bb},{\\\u00a0\u00bbpath\\\u00a0\u00bb:\\\u00a0\u00bb\/occitanie\/pyrenees-orientales-66\/elne-66065\\\u00a0\u00bb,\\\u00a0\u00bbtitle\\\u00a0\u00bb:\\\u00a0\u00bbElne\\\u00a0\u00bb},{\\\u00a0\u00bbpath\\\u00a0\u00bb:\\\u00a0\u00bb\/occitanie\/pyrenees-orientales-66\/perpignan-66136\\\u00a0\u00bb,\\\u00a0\u00bbtitle\\\u00a0\u00bb:\\\u00a0\u00bbPerpignan\\\u00a0\u00bb},{\\\u00a0\u00bbpath\\\u00a0\u00bb:\\\u00a0\u00bb\/occitanie\/pyrenees-orientales-66\/pia-66141\\\u00a0\u00bb,\\\u00a0\u00bbtitle\\\u00a0\u00bb:\\\u00a0\u00bbPia\\\u00a0\u00bb},{\\\u00a0\u00bbpath\\\u00a0\u00bb:\\\u00a0\u00bb\/occitanie\/pyrenees-orientales-66\/saint-cyprien-66171\\\u00a0\u00bb,\\\u00a0\u00bbtitle\\\u00a0\u00bb:\\\u00a0\u00bbSaint-Cyprien\\\u00a0\u00bb},{\\\u00a0\u00bbpath\\\u00a0\u00bb:\\\u00a0\u00bb\/occitanie\/pyrenees-orientales-66\/saint-esteve-66172\\\u00a0\u00bb,\\\u00a0\u00bbtitle\\\u00a0\u00bb:\\\u00a0\u00bbSaint-Est\u00e8ve\\\u00a0\u00bb},{\\\u00a0\u00bbpath\\\u00a0\u00bb:\\\u00a0\u00bb\/occitanie\/pyrenees-orientales-66\/saint-laurent-de-la-salanque-66180\\\u00a0\u00bb,\\\u00a0\u00bbtitle\\\u00a0\u00bb:\\\u00a0\u00bbSaint-Laurent-de-la-Salanque\\\u00a0\u00bb},{\\\u00a0\u00bbpath\\\u00a0\u00bb:\\\u00a0\u00bb\/occitanie\/pyrenees-orientales-66\/rivesaltes-66164\\\u00a0\u00bb,\\\u00a0\u00bbtitle\\\u00a0\u00bb:\\\u00a0\u00bbRivesaltes\\\u00a0\u00bb}]},{\\\u00a0\u00bbslug\\\u00a0\u00bb:\\\u00a0\u00bbtarn-81\\\u00a0\u00bb,\\\u00a0\u00bbtitle\\\u00a0\u00bb:\\\u00a0\u00bbTarn\\\u00a0\u00bb,\\\u00a0\u00bbtitleArticle\\\u00a0\u00bb:\\\u00a0\u00bbdu \\\u00a0\u00bb,\\\u00a0\u00bblocale\\\u00a0\u00bb:{\\\u00a0\u00bbnearest\\\u00a0\u00bb:[\\\u00a0\u00bbtoulouse\\\u00a0\u00bb]},\\\u00a0\u00bbnearestDepartment\\\u00a0\u00bb:[\\\u00a0\u00bbtarn-et-garonne-82\\\u00a0\u00bb,\\\u00a0\u00bbaveyron-12\\\u00a0\u00bb,\\\u00a0\u00bbherault-34\\\u00a0\u00bb,\\\u00a0\u00bbaude-11\\\u00a0\u00bb,\\\u00a0\u00bbhaute-garonne-31\\\u00a0\u00bb],\\\u00a0\u00bbcities\\\u00a0\u00bb:[{\\\u00a0\u00bbpath\\\u00a0\u00bb:\\\u00a0\u00bb\/occitanie\/tarn-81\/albi-81004\\\u00a0\u00bb,\\\u00a0\u00bbtitle\\\u00a0\u00bb:\\\u00a0\u00bbAlbi\\\u00a0\u00bb},{\\\u00a0\u00bbpath\\\u00a0\u00bb:\\\u00a0\u00bb\/occitanie\/tarn-81\/carmaux-81060\\\u00a0\u00bb,\\\u00a0\u00bbtitle\\\u00a0\u00bb:\\\u00a0\u00bbCarmaux\\\u00a0\u00bb},{\\\u00a0\u00bbpath\\\u00a0\u00bb:\\\u00a0\u00bb\/occitanie\/tarn-81\/castres-81065\\\u00a0\u00bb,\\\u00a0\u00bbtitle\\\u00a0\u00bb:\\\u00a0\u00bbCastres\\\u00a0\u00bb},{\\\u00a0\u00bbpath\\\u00a0\u00bb:\\\u00a0\u00bb\/occitanie\/tarn-81\/gaillac-81099\\\u00a0\u00bb,\\\u00a0\u00bbtitle\\\u00a0\u00bb:\\\u00a0\u00bbGaillac\\\u00a0\u00bb},{\\\u00a0\u00bbpath\\\u00a0\u00bb:\\\u00a0\u00bb\/occitanie\/tarn-81\/graulhet-81105\\\u00a0\u00bb,\\\u00a0\u00bbtitle\\\u00a0\u00bb:\\\u00a0\u00bbGraulhet\\\u00a0\u00bb},{\\\u00a0\u00bbpath\\\u00a0\u00bb:\\\u00a0\u00bb\/occitanie\/tarn-81\/lavaur-81140\\\u00a0\u00bb,\\\u00a0\u00bbtitle\\\u00a0\u00bb:\\\u00a0\u00bbLavaur\\\u00a0\u00bb},{\\\u00a0\u00bbpath\\\u00a0\u00bb:\\\u00a0\u00bb\/occitanie\/tarn-81\/mazamet-81163\\\u00a0\u00bb,\\\u00a0\u00bbtitle\\\u00a0\u00bb:\\\u00a0\u00bbMazamet\\\u00a0\u00bb},{\\\u00a0\u00bbpath\\\u00a0\u00bb:\\\u00a0\u00bb\/occitanie\/tarn-81\/saint-juery-81257\\\u00a0\u00bb,\\\u00a0\u00bbtitle\\\u00a0\u00bb:\\\u00a0\u00bbSaint-Ju\u00e9ry\\\u00a0\u00bb},{\\\u00a0\u00bbpath\\\u00a0\u00bb:\\\u00a0\u00bb\/occitanie\/tarn-81\/saint-sulpice-la-pointe-81271\\\u00a0\u00bb,\\\u00a0\u00bbtitle\\\u00a0\u00bb:\\\u00a0\u00bbSaint-Sulpice-la-Pointe\\\u00a0\u00bb},{\\\u00a0\u00bbpath\\\u00a0\u00bb:\\\u00a0\u00bb\/occitanie\/tarn-81\/labruguiere-81120\\\u00a0\u00bb,\\\u00a0\u00bbtitle\\\u00a0\u00bb:\\\u00a0\u00bbLabrugui\u00e8re\\\u00a0\u00bb}]},{\\\u00a0\u00bbslug\\\u00a0\u00bb:\\\u00a0\u00bbtarn-et-garonne-82\\\u00a0\u00bb,\\\u00a0\u00bbtitle\\\u00a0\u00bb:\\\u00a0\u00bbTarn-et-Garonne\\\u00a0\u00bb,\\\u00a0\u00bbtitleArticle\\\u00a0\u00bb:\\\u00a0\u00bbdu \\\u00a0\u00bb,\\\u00a0\u00bblocale\\\u00a0\u00bb:{\\\u00a0\u00bbnearest\\\u00a0\u00bb:[\\\u00a0\u00bbtoulouse\\\u00a0\u00bb]},\\\u00a0\u00bbnearestDepartment\\\u00a0\u00bb:[\\\u00a0\u00bblot-et-garonne-47\\\u00a0\u00bb,\\\u00a0\u00bblot-46\\\u00a0\u00bb,\\\u00a0\u00bbaveyron-12\\\u00a0\u00bb,\\\u00a0\u00bbtarn-81\\\u00a0\u00bb,\\\u00a0\u00bbhaute-garonne-31\\\u00a0\u00bb,\\\u00a0\u00bbgers-32\\\u00a0\u00bb],\\\u00a0\u00bbcities\\\u00a0\u00bb:[{\\\u00a0\u00bbpath\\\u00a0\u00bb:\\\u00a0\u00bb\/occitanie\/tarn-et-garonne-82\/castelsarrasin-82033\\\u00a0\u00bb,\\\u00a0\u00bbtitle\\\u00a0\u00bb:\\\u00a0\u00bbCastelsarrasin\\\u00a0\u00bb},{\\\u00a0\u00bbpath\\\u00a0\u00bb:\\\u00a0\u00bb\/occitanie\/tarn-et-garonne-82\/caussade-82037\\\u00a0\u00bb,\\\u00a0\u00bbtitle\\\u00a0\u00bb:\\\u00a0\u00bbCaussade\\\u00a0\u00bb},{\\\u00a0\u00bbpath\\\u00a0\u00bb:\\\u00a0\u00bb\/occitanie\/tarn-et-garonne-82\/moissac-82112\\\u00a0\u00bb,\\\u00a0\u00bbtitle\\\u00a0\u00bb:\\\u00a0\u00bbMoissac\\\u00a0\u00bb},{\\\u00a0\u00bbpath\\\u00a0\u00bb:\\\u00a0\u00bb\/occitanie\/tarn-et-garonne-82\/montauban-82121\\\u00a0\u00bb,\\\u00a0\u00bbtitle\\\u00a0\u00bb:\\\u00a0\u00bbMontauban\\\u00a0\u00bb},{\\\u00a0\u00bbpath\\\u00a0\u00bb:\\\u00a0\u00bb\/occitanie\/tarn-et-garonne-82\/montbeton-82124\\\u00a0\u00bb,\\\u00a0\u00bbtitle\\\u00a0\u00bb:\\\u00a0\u00bbMontbeton\\\u00a0\u00bb},{\\\u00a0\u00bbpath\\\u00a0\u00bb:\\\u00a0\u00bb\/occitanie\/tarn-et-garonne-82\/montech-82125\\\u00a0\u00bb,\\\u00a0\u00bbtitle\\\u00a0\u00bb:\\\u00a0\u00bbMontech\\\u00a0\u00bb},{\\\u00a0\u00bbpath\\\u00a0\u00bb:\\\u00a0\u00bb\/occitanie\/tarn-et-garonne-82\/negrepelisse-82134\\\u00a0\u00bb,\\\u00a0\u00bbtitle\\\u00a0\u00bb:\\\u00a0\u00bbN\u00e8grepelisse\\\u00a0\u00bb},{\\\u00a0\u00bbpath\\\u00a0\u00bb:\\\u00a0\u00bb\/occitanie\/tarn-et-garonne-82\/valence-82186\\\u00a0\u00bb,\\\u00a0\u00bbtitle\\\u00a0\u00bb:\\\u00a0\u00bbValence\\\u00a0\u00bb},{\\\u00a0\u00bbpath\\\u00a0\u00bb:\\\u00a0\u00bb\/occitanie\/tarn-et-garonne-82\/verdun-sur-garonne-82190\\\u00a0\u00bb,\\\u00a0\u00bbtitle\\\u00a0\u00bb:\\\u00a0\u00bbVerdun-sur-Garonne\\\u00a0\u00bb},{\\\u00a0\u00bbpath\\\u00a0\u00bb:\\\u00a0\u00bb\/occitanie\/tarn-et-garonne-82\/grisolles-82075\\\u00a0\u00bb,\\\u00a0\u00bbtitle\\\u00a0\u00bb:\\\u00a0\u00bbGrisolles\\\u00a0\u00bb}]}],\\\u00a0\u00bbtitleArticle\\\u00a0\u00bb:\\\u00a0\u00bbd&rsquo;\\\u00a0\u00bb,\\\u00a0\u00bbnearestRegion\\\u00a0\u00bb:[\\\u00a0\u00bbnouvelle-aquitaine\\\u00a0\u00bb,\\\u00a0\u00bbauvergne-rhone-alpes\\\u00a0\u00bb,\\\u00a0\u00bbprovence-alpes-cote-dazur\\\u00a0\u00bb],\\\u00a0\u00bbnearestLocales\\\u00a0\u00bb:[\\\u00a0\u00bbgard-lozere\\\u00a0\u00bb,\\\u00a0\u00bbtoulouse\\\u00a0\u00bb,\\\u00a0\u00bbherault\\\u00a0\u00bb,\\\u00a0\u00bbroussillon\\\u00a0\u00bb]},\\\u00a0\u00bbdepartment\\\u00a0\u00bb:{\\\u00a0\u00bbslug\\\u00a0\u00bb:\\\u00a0\u00bbhaute-garonne-31\\\u00a0\u00bb,\\\u00a0\u00bbtitle\\\u00a0\u00bb:\\\u00a0\u00bbHaute-Garonne\\\u00a0\u00bb,\\\u00a0\u00bbtitleArticle\\\u00a0\u00bb:\\\u00a0\u00bbde \\\u00a0\u00bb,\\\u00a0\u00bblocale\\\u00a0\u00bb:{\\\u00a0\u00bbmain\\\u00a0\u00bb:\\\u00a0\u00bbtoulouse\\\u00a0\u00bb,\\\u00a0\u00bbnearest\\\u00a0\u00bb:[]},\\\u00a0\u00bbnearestDepartment\\\u00a0\u00bb:[\\\u00a0\u00bbgers-32\\\u00a0\u00bb,\\\u00a0\u00bbtarn-et-garonne-82\\\u00a0\u00bb,\\\u00a0\u00bbtarn-81\\\u00a0\u00bb,\\\u00a0\u00bbaude-11\\\u00a0\u00bb,\\\u00a0\u00bbariege-09\\\u00a0\u00bb,\\\u00a0\u00bbhautes-pyrenees-65\\\u00a0\u00bb],\\\u00a0\u00bbcities\\\u00a0\u00bb:[{\\\u00a0\u00bbpath\\\u00a0\u00bb:\\\u00a0\u00bb\/occitanie\/haute-garonne-31\/balma-31044\\\u00a0\u00bb,\\\u00a0\u00bbtitle\\\u00a0\u00bb:\\\u00a0\u00bbBalma\\\u00a0\u00bb},{\\\u00a0\u00bbpath\\\u00a0\u00bb:\\\u00a0\u00bb\/occitanie\/haute-garonne-31\/blagnac-31069\\\u00a0\u00bb,\\\u00a0\u00bbtitle\\\u00a0\u00bb:\\\u00a0\u00bbBlagnac\\\u00a0\u00bb},{\\\u00a0\u00bbpath\\\u00a0\u00bb:\\\u00a0\u00bb\/occitanie\/haute-garonne-31\/colomiers-31149\\\u00a0\u00bb,\\\u00a0\u00bbtitle\\\u00a0\u00bb:\\\u00a0\u00bbColomiers\\\u00a0\u00bb},{\\\u00a0\u00bbpath\\\u00a0\u00bb:\\\u00a0\u00bb\/occitanie\/haute-garonne-31\/cugnaux-31157\\\u00a0\u00bb,\\\u00a0\u00bbtitle\\\u00a0\u00bb:\\\u00a0\u00bbCugnaux\\\u00a0\u00bb},{\\\u00a0\u00bbpath\\\u00a0\u00bb:\\\u00a0\u00bb\/occitanie\/haute-garonne-31\/muret-31395\\\u00a0\u00bb,\\\u00a0\u00bbtitle\\\u00a0\u00bb:\\\u00a0\u00bbMuret\\\u00a0\u00bb},{\\\u00a0\u00bbpath\\\u00a0\u00bb:\\\u00a0\u00bb\/occitanie\/haute-garonne-31\/plaisance-du-touch-31424\\\u00a0\u00bb,\\\u00a0\u00bbtitle\\\u00a0\u00bb:\\\u00a0\u00bbPlaisance-du-Touch\\\u00a0\u00bb},{\\\u00a0\u00bbpath\\\u00a0\u00bb:\\\u00a0\u00bb\/occitanie\/haute-garonne-31\/ramonville-saint-agne-31446\\\u00a0\u00bb,\\\u00a0\u00bbtitle\\\u00a0\u00bb:\\\u00a0\u00bbRamonville-Saint-Agne\\\u00a0\u00bb},{\\\u00a0\u00bbpath\\\u00a0\u00bb:\\\u00a0\u00bb\/occitanie\/haute-garonne-31\/toulouse-31555\\\u00a0\u00bb,\\\u00a0\u00bbtitle\\\u00a0\u00bb:\\\u00a0\u00bbToulouse\\\u00a0\u00bb},{\\\u00a0\u00bbpath\\\u00a0\u00bb:\\\u00a0\u00bb\/occitanie\/haute-garonne-31\/tournefeuille-31557\\\u00a0\u00bb,\\\u00a0\u00bbtitle\\\u00a0\u00bb:\\\u00a0\u00bbTournefeuille\\\u00a0\u00bb},{\\\u00a0\u00bbpath\\\u00a0\u00bb:\\\u00a0\u00bb\/occitanie\/haute-garonne-31\/castanet-tolosan-31113\\\u00a0\u00bb,\\\u00a0\u00bbtitle\\\u00a0\u00bb:\\\u00a0\u00bbCastanet-Tolosan\\\u00a0\u00bb}],\\\u00a0\u00bbregionSlug\\\u00a0\u00bb:\\\u00a0\u00bboccitanie\\\u00a0\u00bb},\\\u00a0\u00bbcity\\\u00a0\u00bb:{\\\u00a0\u00bbtitle\\\u00a0\u00bb:\\\u00a0\u00bbToulouse\\\u00a0\u00bb,\\\u00a0\u00bbslug\\\u00a0\u00bb:\\\u00a0\u00bbtoulouse-31555\\\u00a0\u00bb,\\\u00a0\u00bbinseeCode\\\u00a0\u00bb:\\\u00a0\u00bb31555\\\u00a0\u00bb}}],\\\u00a0\u00bbeditorialInfo\\\u00a0\u00bb:{\\\u00a0\u00bbstrPublishedDate\\\u00a0\u00bb:\\\u00a0\u00bblundi 25 ao\u00fbt 2025 \u00e0 15:54\\\u00a0\u00bb,\\\u00a0\u00bbpublishedDateISOString\\\u00a0\u00bb:\\\u00a0\u00bb2025-08-25T13:54:27.000Z\\\u00a0\u00bb,\\\u00a0\u00bbstrManualUpdate\\\u00a0\u00bb:null,\\\u00a0\u00bbmanualUpdateISOString\\\u00a0\u00bb:null,\\\u00a0\u00bbauthors\\\u00a0\u00bb:[{\\\u00a0\u00bbtitle\\\u00a0\u00bb:\\\u00a0\u00bbR\u00e9my Doutre\\\u00a0\u00bb,\\\u00a0\u00bbpath\\\u00a0\u00bb:\\\u00a0\u00bbles-equipes\/remy-doutre\\\u00a0\u00bb,\\\u00a0\u00bbvisual\\\u00a0\u00bb:{\\\u00a0\u00bbsquare\\\u00a0\u00bb:{\\\u00a0\u00bbjpg\\\u00a0\u00bb:[{\\\u00a0\u00bbw\\\u00a0\u00bb:120,\\\u00a0\u00bburl\\\u00a0\u00bb:\\\u00a0\u00bbhttps:\/\/www.francebleu.fr\/s3\/cruiser-production\/2023\/09\/c1c85156-3a39-4e47-a8b9-57eda1ea9dd3\/120x120_sc_doutre.jpg\\\u00a0\u00bb},{\\\u00a0\u00bbw\\\u00a0\u00bb:200,\\\u00a0\u00bburl\\\u00a0\u00bb:\\\u00a0\u00bbhttps:\/\/www.francebleu.fr\/s3\/cruiser-production\/2023\/09\/c1c85156-3a39-4e47-a8b9-57eda1ea9dd3\/200x200_sc_doutre.jpg\\\u00a0\u00bb},{\\\u00a0\u00bbw\\\u00a0\u00bb:400,\\\u00a0\u00bburl\\\u00a0\u00bb:\\\u00a0\u00bbhttps:\/\/www.francebleu.fr\/s3\/cruiser-production-eu3\/2023\/09\/c1c85156-3a39-4e47-a8b9-57eda1ea9dd3\/400x400_sc_doutre.jpg\\\u00a0\u00bb}],\\\u00a0\u00bbwebp\\\u00a0\u00bb:[{\\\u00a0\u00bbw\\\u00a0\u00bb:120,\\\u00a0\u00bburl\\\u00a0\u00bb:\\\u00a0\u00bbhttps:\/\/www.francebleu.fr\/s3\/cruiser-production\/2023\/09\/c1c85156-3a39-4e47-a8b9-57eda1ea9dd3\/120x120_sc_doutre.webp\\\u00a0\u00bb},{\\\u00a0\u00bbw\\\u00a0\u00bb:200,\\\u00a0\u00bburl\\\u00a0\u00bb:\\\u00a0\u00bbhttps:\/\/www.francebleu.fr\/s3\/cruiser-production\/2023\/09\/c1c85156-3a39-4e47-a8b9-57eda1ea9dd3\/200x200_sc_doutre.webp\\\u00a0\u00bb},{\\\u00a0\u00bbw\\\u00a0\u00bb:400,\\\u00a0\u00bburl\\\u00a0\u00bb:\\\u00a0\u00bbhttps:\/\/www.francebleu.fr\/s3\/cruiser-production-eu3\/2023\/09\/c1c85156-3a39-4e47-a8b9-57eda1ea9dd3\/400x400_sc_doutre.webp\\\u00a0\u00bb}]},\\\u00a0\u00bbnormal\\\u00a0\u00bb:{\\\u00a0\u00bbjpg\\\u00a0\u00bb:[],\\\u00a0\u00bbwebp\\\u00a0\u00bb:[]},\\\u00a0\u00bbpreview\\\u00a0\u00bb:\\\u00a0\u00bbdata:image\/jpeg;base64,\/9j\/2wBDACgcHiMeGSgjISMtKygwPGRBPDc3PHtYXUlkkYCZlo+AjIqgtObDoKrarYqMyP\/L2u71\/\/\/\/m8H\/\/\/\/6\/+b9\/\/j\/2wBDASstLTw1PHZBQXb4pYyl+Pj4+Pj4+Pj4+Pj4+Pj4+Pj4+Pj4+Pj4+Pj4+Pj4+Pj4+Pj4+Pj4+Pj4+Pj4+Pj4+Pj\/wAARCAAqACoDASIAAhEBAxEB\/8QAGQAAAwEBAQAAAAAAAAAAAAAAAQMEAgAF\/8QAGRABAQEBAQEAAAAAAAAAAAAAAAIBEgMR\/8QAFgEBAQEAAAAAAAAAAAAAAAAAAQIA\/8QAFBEBAAAAAAAAAAAAAAAAAAAAAP\/aAAwDAQACEQMRAD8A82FXlqecPgKW+VKopD56fFFKvKHojKHoh4s4bOMzhkhTcmzRWNZrA\/KHojKHshJOt5pUmYFGfXfWXMw9O6Y0CH\/\/2Q==\\\u00a0\u00bb,\\\u00a0\u00bblegend\\\u00a0\u00bb:\\\u00a0\u00bbR\u00e9my Doutre\\\u00a0\u00bb}}]},\\\u00a0\u00bbvisual\\\u00a0\u00bb:{\\\u00a0\u00bbsquare\\\u00a0\u00bb:{\\\u00a0\u00bbjpg\\\u00a0\u00bb:[],\\\u00a0\u00bbwebp\\\u00a0\u00bb:[]},\\\u00a0\u00bbnormal\\\u00a0\u00bb:{\\\u00a0\u00bbjpg\\\u00a0\u00bb:[{\\\u00a0\u00bbw\\\u00a0\u00bb:320,\\\u00a0\u00bburl\\\u00a0\u00bb:\\\u00a0\u00bbhttps:\/\/www.francebleu.fr\/s3\/cruiser-production-eu3\/2025\/08\/c8327ab8-c64b-42da-9f32-fc9608d24c1c\/320x170_sc_000-72ce664.jpg\\\u00a0\u00bb},{\\\u00a0\u00bbw\\\u00a0\u00bb:560,\\\u00a0\u00bburl\\\u00a0\u00bb:\\\u00a0\u00bbhttps:\/\/www.francebleu.fr\/s3\/cruiser-production-eu3\/2025\/08\/c8327ab8-c64b-42da-9f32-fc9608d24c1c\/560x315_sc_000-72ce664.jpg\\\u00a0\u00bb},{\\\u00a0\u00bbw\\\u00a0\u00bb:1200,\\\u00a0\u00bburl\\\u00a0\u00bb:\\\u00a0\u00bbhttps:\/\/www.francebleu.fr\/s3\/cruiser-production-eu3\/2025\/08\/c8327ab8-c64b-42da-9f32-fc9608d24c1c\/1200x680_sc_000-72ce664.jpg\\\u00a0\u00bb}],\\\u00a0\u00bbwebp\\\u00a0\u00bb:[{\\\u00a0\u00bbw\\\u00a0\u00bb:320,\\\u00a0\u00bburl\\\u00a0\u00bb:\\\u00a0\u00bbhttps:\/\/www.francebleu.fr\/s3\/cruiser-production-eu3\/2025\/08\/c8327ab8-c64b-42da-9f32-fc9608d24c1c\/320x170_sc_000-72ce664.webp\\\u00a0\u00bb},{\\\u00a0\u00bbw\\\u00a0\u00bb:560,\\\u00a0\u00bburl\\\u00a0\u00bb:\\\u00a0\u00bbhttps:\/\/www.francebleu.fr\/s3\/cruiser-production-eu3\/2025\/08\/c8327ab8-c64b-42da-9f32-fc9608d24c1c\/560x315_sc_000-72ce664.webp\\\u00a0\u00bb},{\\\u00a0\u00bbw\\\u00a0\u00bb:1200,\\\u00a0\u00bburl\\\u00a0\u00bb:\\\u00a0\u00bbhttps:\/\/www.francebleu.fr\/s3\/cruiser-production-eu3\/2025\/08\/c8327ab8-c64b-42da-9f32-fc9608d24c1c\/1200x680_sc_000-72ce664.webp\\\u00a0\u00bb}]},\\\u00a0\u00bbpreview\\\u00a0\u00bb:\\\u00a0\u00bbdata:image\/jpeg;base64,\/9j\/2wBDACgcHiMeGSgjISMtKygwPGRBPDc3PHtYXUlkkYCZlo+AjIqgtObDoKrarYqMyP\/L2u71\/\/\/\/m8H\/\/\/\/6\/+b9\/\/j\/2wBDASstLTw1PHZBQXb4pYyl+Pj4+Pj4+Pj4+Pj4+Pj4+Pj4+Pj4+Pj4+Pj4+Pj4+Pj4+Pj4+Pj4+Pj4+Pj4+Pj4+Pj\/wAARCAAXACoDASIAAhEBAxEB\/8QAGAABAQEBAQAAAAAAAAAAAAAAAAECAwT\/xAAYEAEBAQEBAAAAAAAAAAAAAAAAARECEv\/EABYBAQEBAAAAAAAAAAAAAAAAAAEAAv\/EABURAQEAAAAAAAAAAAAAAAAAAAAB\/9oADAMBAAIRAxEAPwCddOdrPo1NQVFgKmLIuIPNOmpQIjUbgMttyNYCFf\/Z\\\u00a0\u00bb,\\\u00a0\u00bblegend\\\u00a0\u00bb:\\\u00a0\u00bbAuteur d&rsquo;un doubl\u00e9 face \u00e0 Brest, Franck Magri a r\u00e9gal\u00e9 au Stadium.\\\u00a0\u00bb,\\\u00a0\u00bbcopyright\\\u00a0\u00bb:\\\u00a0\u00bbAFP\\\u00a0\u00bb,\\\u00a0\u00bbauthor\\\u00a0\u00bb:\\\u00a0\u00bbValentine Chapuis\\\u00a0\u00bb}}},\\\u00a0\u00bbdisplay\\\u00a0\u00bb:{\\\u00a0\u00bbnewsFlash\\\u00a0\u00bb:[],\\\u00a0\u00bbhighBanner\\\u00a0\u00bb:true}}\u00a0\u00bb}<\/p>\n","protected":false},"excerpt":{"rendered":"Ce dimanche 16 ao\u00fbt, le TFC a fait plier Brest (2-0) pour s&rsquo;offrir sa deuxi\u00e8me victoire en autant&hellip;\n","protected":false},"author":2,"featured_media":342964,"comment_status":"","ping_status":"","sticky":false,"template":"","format":"standard","meta":{"footnotes":""},"categories":[2816],"tags":[1111,11,1777,674,1011,27,12,2680,25,2312],"class_list":{"0":"post-342963","1":"post","2":"type-post","3":"status-publish","4":"format-standard","5":"has-post-thumbnail","7":"category-toulouse","8":"tag-actu","9":"tag-actualites","10":"tag-eu","11":"tag-europe","12":"tag-fr","13":"tag-france","14":"tag-news","15":"tag-occitanie","16":"tag-republique-francaise","17":"tag-toulouse"},"share_on_mastodon":{"url":"https:\/\/pubeurope.com\/@fr\/115089785790899580","error":""},"_links":{"self":[{"href":"https:\/\/www.europesays.com\/fr\/wp-json\/wp\/v2\/posts\/342963","targetHints":{"allow":["GET"]}}],"collection":[{"href":"https:\/\/www.europesays.com\/fr\/wp-json\/wp\/v2\/posts"}],"about":[{"href":"https:\/\/www.europesays.com\/fr\/wp-json\/wp\/v2\/types\/post"}],"author":[{"embeddable":true,"href":"https:\/\/www.europesays.com\/fr\/wp-json\/wp\/v2\/users\/2"}],"replies":[{"embeddable":true,"href":"https:\/\/www.europesays.com\/fr\/wp-json\/wp\/v2\/comments?post=342963"}],"version-history":[{"count":0,"href":"https:\/\/www.europesays.com\/fr\/wp-json\/wp\/v2\/posts\/342963\/revisions"}],"wp:featuredmedia":[{"embeddable":true,"href":"https:\/\/www.europesays.com\/fr\/wp-json\/wp\/v2\/media\/342964"}],"wp:attachment":[{"href":"https:\/\/www.europesays.com\/fr\/wp-json\/wp\/v2\/media?parent=342963"}],"wp:term":[{"taxonomy":"category","embeddable":true,"href":"https:\/\/www.europesays.com\/fr\/wp-json\/wp\/v2\/categories?post=342963"},{"taxonomy":"post_tag","embeddable":true,"href":"https:\/\/www.europesays.com\/fr\/wp-json\/wp\/v2\/tags?post=342963"}],"curies":[{"name":"wp","href":"https:\/\/api.w.org\/{rel}","templated":true}]}}