{"id":342965,"date":"2025-08-25T14:05:10","date_gmt":"2025-08-25T14:05:10","guid":{"rendered":"https:\/\/www.europesays.com\/fr\/342965\/"},"modified":"2025-08-25T14:05:10","modified_gmt":"2025-08-25T14:05:10","slug":"lille-licam-accompagne-les-entreprises-grace-a-de-nouvelles-formations-certifiantes","status":"publish","type":"post","link":"https:\/\/www.europesays.com\/fr\/342965\/","title":{"rendered":"Lille. L&rsquo;Icam accompagne les entreprises gr\u00e2ce \u00e0 de nouvelles formations certifiantes"},"content":{"rendered":"<p>            Par<br \/>\n        <strong><br \/>\n            <a href=\"https:\/\/actu.fr\/auteur\/nicolas-demollien\" title=\"Consulter tous les articles de Nicolas Demollien\" rel=\"nofollow noopener\" target=\"_blank\">Nicolas Demollien<\/a><br \/>\n        <\/strong><\/p>\n<p>        Publi\u00e9 le<\/p>\n<p>            25 ao\u00fbt 2025 \u00e0 15h14        <\/p>\n<p>Il y a du nouveau sur le site de l\u2019<b>Icam<\/b>, r\u00e9seau d\u2019\u00e9coles d\u2019ing\u00e9nieurs, \u00e0 <a href=\"https:\/\/actu.fr\/hauts-de-france\/lille_59350\" rel=\"nofollow noopener\" target=\"_blank\">Lille<\/a> (Nord). Depuis le printemps 2025, le site propose de <b>nouvelles formations certifiantes<\/b> autour du \u00ab\u00a0lean management\u00a0\u00bb (cr\u00e9er plus de valeur pour le client avec moins de gaspillage) et de l\u2019excellence op\u00e9rationnelle. Elles visent \u00e0 \u00ab\u00a0<b>accompagner les entreprises dans leur transition<\/b> vers une performance durable\u00a0\u00bb, promet du c\u00f4t\u00e9 de la structure.<\/p>\n<p>L\u2019Icam Lille propose des formations pour relever les d\u00e9fis de l\u2019industrie<\/p>\n<p data-end=\"1094\" class=\" wall-content\">L\u2019Icam lance ces formations \u00e0 Lille apr\u00e8s le succ\u00e8s connu par l\u2019\u00c9cole du Lean sur le site de l\u2019Icam Strasbourg-Europe, qui a <b>form\u00e9 des milliers de professionnels<\/b>. L\u2019objectif affich\u00e9 est \u00ab\u00a0d\u2019aider les entreprises \u00e0 <b>optimiser leurs processus, renforcer leur comp\u00e9titivit\u00e9 et s\u2019adapter aux d\u00e9fis environnementaux et soci\u00e9taux<\/b>\u00ab\u00a0.<\/p>\n<p data-end=\"1212\" class=\" wall-content\">L\u2019\u00c9cole du Lean propose plusieurs niveaux de formation :<\/p>\n<ul class=\" wall-content\">\n<li data-end=\"1271\"><b data-end=\"1230\">Yellow Belt<\/b> : D\u00e9couverte des fondamentaux du Lean.<\/li>\n<li data-end=\"1365\"><b data-end=\"1288\">Green Belt<\/b> : Approfondissement des outils et m\u00e9thodes pour d\u00e9ployer des projets Lean.<\/li>\n<li data-end=\"1458\"><b data-end=\"1382\">Black Belt<\/b> : Pilotage strat\u00e9gique d\u2019une d\u00e9marche Lean \u00e0 l\u2019\u00e9chelle organisationnelle.<\/li>\n<\/ul>\n<p data-end=\"1935\" class=\" wall-content\">Ces formations sont enrichies par des parcours sur mesure et un accompagnement individuel. Elles doivent permettre aux entreprises d\u2019<b>am\u00e9liorer leur performance<\/b> tout en <b>pla\u00e7ant l\u2019humain au c\u0153ur des projets<\/b>.\u00a0<\/p>\n<p data-end=\"2279\" class=\" wall-content\"><b>Corplex<\/b>, fabricant d\u2019emballages et plaques en plastiques et sp\u00e9cialis\u00e9e dans le recyclage de plastiques industriels, a suivi cette formation avec le campus de <a href=\"https:\/\/actu.fr\/grand-est\/strasbourg_67482\" rel=\"nofollow noopener\" target=\"_blank\">Strasbourg<\/a>. Bas\u00e9s \u00e0 <a href=\"https:\/\/actu.fr\/hauts-de-france\/dunkerque_59183\" rel=\"nofollow noopener\" target=\"_blank\">Dunkerque<\/a>, les dirigeants ont envoy\u00e9 leurs collaborateurs dans l\u2019est en attendant l\u2019ouverture des formations sur le campus lillois.<\/p>\n<p data-end=\"2553\" class=\" wall-content\">\u00ab\u00a0Ces formations pr\u00e9sentent deux vrais atouts : des \u00e9l\u00e9ments th\u00e9oriques forts pour am\u00e9liorer l\u2019efficacit\u00e9 globale de l\u2019activit\u00e9 et la mise en pratique avec des ateliers et l\u2019<b>intervention de professionnels<\/b>\u00ab\u00a0, commente Simon Charrier, responsable de production chez Corplex.<\/p>\n<p>Votre r\u00e9gion, votre actu !<\/p>\n<p>Recevez chaque jour les infos qui comptent pour vous.<\/p>\n<p>\t<a href=\"https:\/\/actu.fr\/newsletter\" class=\"ac-btn ac-btn--corner ac-btn--medium ac-btn--blue800\" rel=\"nofollow noopener\" target=\"_blank\">S&rsquo;incrire<\/a><\/p>\n<p data-end=\"2834\" class=\" wall-content\">Et d\u2019ajouter : \u00ab\u00a0Tout cela cr\u00e9e une <b>dynamique qui facilite le d\u00e9ploiement<\/b> de ces outils dans l\u2019entreprise. Les personnes form\u00e9es deviennent moteurs d\u00e8s leur retour dans l\u2019entreprise.\u00a0\u00bb Un nouveau collaborateur de Corplex suivra d\u2019ailleurs cette formation dans l\u2019\u00e9cole lilloise d\u00e8s cette ann\u00e9e.<\/p>\n<p>Un espace d\u2019apprentissage innovant\u00a0<\/p>\n<p data-end=\"3263\" class=\" wall-content\">Les participants b\u00e9n\u00e9ficieront d\u2019un <b>espace d\u00e9di\u00e9 de 200 m2<\/b> comprenant une plateforme et une ligne de production digitalis\u00e9e. Un environnement immersif qui permet \u00ab\u00a0d\u2019exp\u00e9rimenter la transition vers des processus digitalis\u00e9s tout en int\u00e9grant des solutions durables pour des projets de d\u00e9carbonation\u00a0\u00bb.<\/p>\n<p data-end=\"3917\" class=\" wall-content\">\u201cNous sommes fiers et ravis d\u2019accompagner les entreprises des Hauts-de-France dans leur transformation vers le Lean 5.0. <b>Notre plateforme unique<\/b> de formation va permettre aux organisations d\u2019augmenter leur valeur ajout\u00e9e et de r\u00e9duire les gaspillages en pla\u00e7ant l\u2019homme au centre de la transformation\u00a0\u00bb,\u00a0 lance Anne-Sophie Desjours, responsable de l\u2019\u00e9cole du Lean 5.0 de l\u2019Icam-site de Lille.<\/p>\n<p data-end=\"4157\" class=\" wall-content\">Apr\u00e8s Lille et Strasbourg-Europe, l\u2019Icam pr\u00e9voit d\u2019<b>\u00e9tendre son offre au site de Grand Paris Sud d\u00e8s le deuxi\u00e8me semestre 2025<\/b>, renfor\u00e7ant ainsi son engagement \u00e0 accompagner les entreprises partout en France.<\/p>\n<p data-end=\"4157\" class=\" wall-content\">Affaire \u00e0 suivre.<\/p>\n<p class=\" wall-content\">Personnalisez votre actualit\u00e9 en ajoutant vos villes et m\u00e9dias en favori avec <a href=\"https:\/\/moncompte.actu.fr\" title=\"D\u00e9couvez Mon Actu\" rel=\"nofollow noopener\" data-trk=\"{&quot;cta&quot;:{&quot;action&quot;:&quot;https:\\\/\\\/moncompte.actu.fr&quot;,&quot;category&quot;:&quot;mon compte&quot;,&quot;from&quot;:&quot;article footer&quot;,&quot;name&quot;:&quot;Mon actu&quot;,&quot;type&quot;:&quot;cta&quot;}}\" target=\"_blank\">Mon Actu<\/a>.<\/p>\n","protected":false},"excerpt":{"rendered":"Par Nicolas Demollien Publi\u00e9 le 25 ao\u00fbt 2025 \u00e0 15h14 Il y a du nouveau sur le site&hellip;\n","protected":false},"author":2,"featured_media":342966,"comment_status":"","ping_status":"","sticky":false,"template":"","format":"standard","meta":{"footnotes":""},"categories":[2815],"tags":[1111,11,1777,674,1119,1011,27,811,1307,12,25,104],"class_list":{"0":"post-342965","1":"post","2":"type-post","3":"status-publish","4":"format-standard","5":"has-post-thumbnail","7":"category-lille","8":"tag-actu","9":"tag-actualites","10":"tag-eu","11":"tag-europe","12":"tag-formation","13":"tag-fr","14":"tag-france","15":"tag-hauts-de-france","16":"tag-lille","17":"tag-news","18":"tag-republique-francaise","19":"tag-societe"},"share_on_mastodon":{"url":"https:\/\/pubeurope.com\/@fr\/115089789690121954","error":""},"_links":{"self":[{"href":"https:\/\/www.europesays.com\/fr\/wp-json\/wp\/v2\/posts\/342965","targetHints":{"allow":["GET"]}}],"collection":[{"href":"https:\/\/www.europesays.com\/fr\/wp-json\/wp\/v2\/posts"}],"about":[{"href":"https:\/\/www.europesays.com\/fr\/wp-json\/wp\/v2\/types\/post"}],"author":[{"embeddable":true,"href":"https:\/\/www.europesays.com\/fr\/wp-json\/wp\/v2\/users\/2"}],"replies":[{"embeddable":true,"href":"https:\/\/www.europesays.com\/fr\/wp-json\/wp\/v2\/comments?post=342965"}],"version-history":[{"count":0,"href":"https:\/\/www.europesays.com\/fr\/wp-json\/wp\/v2\/posts\/342965\/revisions"}],"wp:featuredmedia":[{"embeddable":true,"href":"https:\/\/www.europesays.com\/fr\/wp-json\/wp\/v2\/media\/342966"}],"wp:attachment":[{"href":"https:\/\/www.europesays.com\/fr\/wp-json\/wp\/v2\/media?parent=342965"}],"wp:term":[{"taxonomy":"category","embeddable":true,"href":"https:\/\/www.europesays.com\/fr\/wp-json\/wp\/v2\/categories?post=342965"},{"taxonomy":"post_tag","embeddable":true,"href":"https:\/\/www.europesays.com\/fr\/wp-json\/wp\/v2\/tags?post=342965"}],"curies":[{"name":"wp","href":"https:\/\/api.w.org\/{rel}","templated":true}]}}