{"id":342973,"date":"2025-08-25T14:09:11","date_gmt":"2025-08-25T14:09:11","guid":{"rendered":"https:\/\/www.europesays.com\/fr\/342973\/"},"modified":"2025-08-25T14:09:11","modified_gmt":"2025-08-25T14:09:11","slug":"cette-pub-osee-sur-un-bus-tcl-choque-un-elu-le-patron-repond-cash","status":"publish","type":"post","link":"https:\/\/www.europesays.com\/fr\/342973\/","title":{"rendered":"cette pub os\u00e9e sur un bus TCL choque un \u00e9lu, le patron r\u00e9pond cash"},"content":{"rendered":"<p>            Par<br \/>\n        <strong><br \/>\n            <a href=\"https:\/\/actu.fr\/auteur\/anthony-soudani\" title=\"Consulter tous les articles de Anthony Soudani\" target=\"_blank\" rel=\"noopener\">Anthony Soudani<\/a><br \/>\n        <\/strong><\/p>\n<p>        Publi\u00e9 le<\/p>\n<p>            25 ao\u00fbt 2025 \u00e0 15h44        <\/p>\n<p>Les \u00e9lections approchant, la droite lyonnaise est sur les dents. Jean-St\u00e9phane Chaillet, adjoint Les R\u00e9publicains du 2e arrondissement de <a href=\"https:\/\/actu.fr\/lyon\/\" target=\"_blank\" rel=\"noopener\">Lyon<\/a>, a interpell\u00e9 Bruno Bernard, pr\u00e9sident \u00e9cologiste de la M\u00e9tropole, au sujet d\u2019une publicit\u00e9 derri\u00e8re un <a href=\"https:\/\/actu.fr\/auvergne-rhone-alpes\/lyon_69123\/lyon-on-a-teste-cette-nouvelle-ligne-de-bus-majeure-des-tcl-un-trajet-plus-laborieux-que-prevu_62916283.html\" target=\"_blank\" rel=\"noopener\">bus TCL<\/a> \u00e0 propos\u2026 <strong>d\u2019un sextoy.<\/strong><br \/>La campagne nationale de <a href=\"https:\/\/actu.fr\/auvergne-rhone-alpes\/lyon_69123\/lyon-passage-du-desir-le-premier-sex-shop-du-centre-commercial-part-dieu-ouvre_55263254.html\" target=\"_blank\" rel=\"noopener\">Passage du d\u00e9sir<\/a>, qui se d\u00e9fend d\u2019\u00eatre un love shop et non un sexshop traditionnel, a fait vivement r\u00e9agir l\u2019\u00e9lu. \u00ab\u00a0Pensez-vous que de la publicit\u00e9 pour des sextoys a sa place sur les bus \u2066TCL Sytral de Lyon, <strong>\u00e0 la vue des jeunes enfants ?<\/strong> \u00c0 croire qu\u2019il n\u2019y a pas de r\u00e8glement de la publicit\u00e9 dans notre collectivit\u00e9.\u00a0\u00bb<br \/><strong>Patrick Pruvot, patron de l\u2019entreprise \u00e0 l\u2019origine de la pub, lui r\u00e9pond<\/strong> sur actu Lyon.<\/p>\n<p>L\u2019\u00e9lu de droite s\u2019offusque de la promotion de sextoy sur un bus<\/p>\n<p class=\" wall-content\">\u00ab\u00a0L\u2019ex\u00e9cutif donne des grandes le\u00e7ons sur la publicit\u00e9. L\u00e0, \u00e7a pose de probl\u00e8me \u00e0 personne, la promotion de sextoy. Il y a deux choses qui ne vont pas. Le contenu et l\u2019endroit sur lequel il est mis. <strong>Demain, il y aura la photo des objets ?<\/strong> Ce n\u2019est pas s\u00e9rieux\u00a0\u00bb, s\u2019offusque-t-il aupr\u00e8s de notre r\u00e9daction.\u00a0<\/p>\n<p class=\" wall-content\">\n<p class=\" wall-content\">Patrick Pruvot le rassure : sa campagne, qui se d\u00e9roule jusqu\u2019\u00e0 ce lundi 25 ao\u00fbt, est totalement en r\u00e8gle. \u00ab\u00a0Je n\u2019ai aucun probl\u00e8me de l\u00e9galit\u00e9. Je suis <strong>bien plus chaste qu\u2019une couverture de journal<\/strong> dans un kiosque\u00a0\u00bb, lance-t-il.\u00a0<\/p>\n<p>Une pub l\u00e9gale : \u00ab\u00a0Tout est dans la suggestion\u00a0\u00bb<\/p>\n<p class=\" wall-content\">\u00ab\u00a0Techniquement, il n\u2019y a pas de l\u00e9gislation contre. L\u2019important \u00e9tant de ne pas choquer les gens. Un enfant ne comprendra pas de quoi on parle. Le Womanizer, tout le monde ne sait pas ce que c\u2019est. Quand on dit : \u2018Trente minutes pour aller au travail, 2 minutes pour te faire venir\u2019, on ajoute \u2018en boutique\u2019 avec un ast\u00e9risque.\u00a0\u00bb<\/p>\n<p class=\" wall-content\">Le PDG ajoute : \u00ab\u00a0On signe boutique de cadeaux pour les grands. Tout est dans la suggestion.\u00a0\u00bb<\/p>\n<p class=\" wall-content\">Pour Patrick Pruvot, il s\u2019agit surtout d\u2019humour. \u00ab\u00a0Je respecte l\u2019\u00e9lu et je m\u2019en excuse aupr\u00e8s de lui. Je pense qu\u2019il faut<strong> vivre avec son temps, il faut avoir de l\u2019humour.<\/strong> C\u2019est une campagne qui a eu lieu dans toutes les grandes villes de France et il y a un seul \u00e9lu qui est mal \u00e0 l\u2019aise, c\u2019est \u00e0 Lyon. Je ne cherche pas \u00e0 choquer, mais \u00e0 d\u00e9complexer la sexualit\u00e9.\u00a0\u00bb<\/p>\n<p class=\" wall-content\">En effet, la campagne a d\u2019abord \u00e9t\u00e9 men\u00e9e \u00e0 Paris, avant d\u2019\u00eatre d\u00e9clin\u00e9e dans neuf grandes villes fran\u00e7aises.<\/p>\n<p>Votre r\u00e9gion, votre actu !<\/p>\n<p>Recevez chaque jour les infos qui comptent pour vous.<\/p>\n<p>\t<a href=\"https:\/\/actu.fr\/newsletter\" class=\"ac-btn ac-btn--corner ac-btn--medium ac-btn--blue800\" target=\"_blank\" rel=\"noopener\">S&rsquo;incrire<\/a><br \/>\nUne boutique \u00e0 Part-Dieu qui \u00ab\u00a0ne choque personne\u00a0\u00bb<\/p>\n<p class=\" wall-content\">Jean-St\u00e9phane Chaillet peine \u00e0 \u00eatre convaincu par les justifications du patron : \u00ab\u00a0Il se d\u00e9fend en disant que \u00a0\u00bbnon, c\u2019est sugg\u00e9r\u00e9\u00a0\u00bb. Quelle va \u00eatre la r\u00e9sonance de ce message pour ma fille de bient\u00f4t 11 ans qui va lire \u00e7a derri\u00e8re un bus ? \u00c7a n\u2019a rien \u00e0 faire derri\u00e8re un bus du Sytral.\u00a0\u00bb<\/p>\n<p>    <img   decoding=\"async\" loading=\"lazy\" src=\"https:\/\/www.europesays.com\/fr\/wp-content\/uploads\/2025\/08\/passage-du-desir-lyon-960x640.jpeg\" alt=\"Patrick Pruvot, fondateur du Passage du D\u00e9sir pr\u00e9sente \" width=\"960\" height=\"640\"\/><br \/>\n    Patrick Pruvot, fondateur du Passage du D\u00e9sir. (\u00a9Nicolas Zaugra\/ archives actu Lyon)<\/p>\n<p class=\" wall-content\">Patrick Pruvot conseille, lui, de relativiser. \u00ab\u00a0Il n\u2019y a pas mort d\u2019homme. <strong>Nous avons une boutique au centre commercial Part-Dieu<\/strong>, entre Kiko et H&amp;M, \u00e7a ne choque personne.\u00a0\u00bb Alors que des milliers d\u2019enfants et d\u2019adolescents passent chaque jour devant\u2026<\/p>\n<p class=\" wall-content\">Personnalisez votre actualit\u00e9 en ajoutant vos villes et m\u00e9dias en favori avec <a href=\"https:\/\/moncompte.actu.fr\" title=\"D\u00e9couvez Mon Actu\" rel=\"nofollow noopener\" data-trk=\"{&quot;cta&quot;:{&quot;action&quot;:&quot;https:\\\/\\\/moncompte.actu.fr&quot;,&quot;category&quot;:&quot;mon compte&quot;,&quot;from&quot;:&quot;article footer&quot;,&quot;name&quot;:&quot;Mon actu&quot;,&quot;type&quot;:&quot;cta&quot;}}\" target=\"_blank\">Mon Actu<\/a>.<\/p>\n","protected":false},"excerpt":{"rendered":"Par Anthony Soudani Publi\u00e9 le 25 ao\u00fbt 2025 \u00e0 15h44 Les \u00e9lections approchant, la droite lyonnaise est sur&hellip;\n","protected":false},"author":2,"featured_media":342974,"comment_status":"","ping_status":"","sticky":false,"template":"","format":"standard","meta":{"footnotes":""},"categories":[1889],"tags":[1111,11,2430,1777,674,1011,27,2808,2428,12,25,15436,104,5787],"class_list":{"0":"post-342973","1":"post","2":"type-post","3":"status-publish","4":"format-standard","5":"has-post-thumbnail","7":"category-lyon","8":"tag-actu","9":"tag-actualites","10":"tag-auvergne-rhone-alpes","11":"tag-eu","12":"tag-europe","13":"tag-fr","14":"tag-france","15":"tag-grand-lyon","16":"tag-lyon","17":"tag-news","18":"tag-republique-francaise","19":"tag-sexe","20":"tag-societe","21":"tag-transports-en-commun-lyonnais-tcl"},"share_on_mastodon":{"url":"https:\/\/pubeurope.com\/@fr\/115089805519725759","error":""},"_links":{"self":[{"href":"https:\/\/www.europesays.com\/fr\/wp-json\/wp\/v2\/posts\/342973","targetHints":{"allow":["GET"]}}],"collection":[{"href":"https:\/\/www.europesays.com\/fr\/wp-json\/wp\/v2\/posts"}],"about":[{"href":"https:\/\/www.europesays.com\/fr\/wp-json\/wp\/v2\/types\/post"}],"author":[{"embeddable":true,"href":"https:\/\/www.europesays.com\/fr\/wp-json\/wp\/v2\/users\/2"}],"replies":[{"embeddable":true,"href":"https:\/\/www.europesays.com\/fr\/wp-json\/wp\/v2\/comments?post=342973"}],"version-history":[{"count":0,"href":"https:\/\/www.europesays.com\/fr\/wp-json\/wp\/v2\/posts\/342973\/revisions"}],"wp:featuredmedia":[{"embeddable":true,"href":"https:\/\/www.europesays.com\/fr\/wp-json\/wp\/v2\/media\/342974"}],"wp:attachment":[{"href":"https:\/\/www.europesays.com\/fr\/wp-json\/wp\/v2\/media?parent=342973"}],"wp:term":[{"taxonomy":"category","embeddable":true,"href":"https:\/\/www.europesays.com\/fr\/wp-json\/wp\/v2\/categories?post=342973"},{"taxonomy":"post_tag","embeddable":true,"href":"https:\/\/www.europesays.com\/fr\/wp-json\/wp\/v2\/tags?post=342973"}],"curies":[{"name":"wp","href":"https:\/\/api.w.org\/{rel}","templated":true}]}}