{"id":342975,"date":"2025-08-25T14:10:11","date_gmt":"2025-08-25T14:10:11","guid":{"rendered":"https:\/\/www.europesays.com\/fr\/342975\/"},"modified":"2025-08-25T14:10:11","modified_gmt":"2025-08-25T14:10:11","slug":"tcl-a-lyon-ces-tarifs-changent-a-la-rentree-decouvrez-si-vous-etes-concerne","status":"publish","type":"post","link":"https:\/\/www.europesays.com\/fr\/342975\/","title":{"rendered":"TCL \u00e0 Lyon. Ces tarifs changent \u00e0 la rentr\u00e9e, d\u00e9couvrez si vous \u00eates concern\u00e9"},"content":{"rendered":"<p>            Par<br \/>\n        <strong><br \/>\n            <a href=\"https:\/\/actu.fr\/auteur\/theo-zuili\" title=\"Consulter tous les articles de Th\u00e9o Zuili\" target=\"_blank\" rel=\"noopener\">Th\u00e9o Zuili<\/a><br \/>\n        <\/strong><\/p>\n<p>        Publi\u00e9 le<\/p>\n<p>            25 ao\u00fbt 2025 \u00e0 15h51        <\/p>\n<p>Avec<a href=\"https:\/\/actu.fr\/auvergne-rhone-alpes\/lyon_69123\/tcl-a-lyon-presqu-ile-nouveaux-bus-reseau-modifie-ce-nouveau-service-pour-tout-comprendre_62956902.html\" target=\"_blank\" rel=\"noopener\"> l\u2019unification des trois r\u00e9seaux<\/a> de transports en commun du Rh\u00f4ne sous la banni\u00e8re des <a href=\"https:\/\/actu.fr\/tag\/transports-en-commun-lyonnais-tcl\" target=\"_blank\" rel=\"noopener\">TCL<\/a>, des centaines de milliers d\u2019usagers r\u00e9partis sur pr\u00e8s de 262 communes (dont <a href=\"https:\/\/actu.fr\/auvergne-rhone-alpes\/lyon_69123\" target=\"_blank\" rel=\"noopener\">Lyon<\/a>) vont voir quelques changements marquer leur quotidien.<\/p>\n<p>Un r\u00e9seau unifi\u00e9<\/p>\n<p class=\" wall-content\">\u00c0 partir du lundi 1\u1d49\u02b3 septembre, les Transports en commun lyonnais, les Cars du Rh\u00f4ne et le r\u00e9seau Libellule fusionnent sous l\u2019\u00e9gide d\u2019un nouveau r\u00e9seau unifi\u00e9 \u00e0 l\u2019\u00e9chelle du Rh\u00f4ne, baptis\u00e9 TCL. Un titre unique permettra de voyager sur l\u2019ensemble du territoire g\u00e9r\u00e9 par Sytral.<\/p>\n<p class=\" wall-content\">Parmi les nombreux changements (<a href=\"https:\/\/actu.fr\/auvergne-rhone-alpes\/lyon_69123\/lyon-ces-lignes-tcl-changent-de-nom-et-de-numeros-voici-comment-ne-pas-s-y-perdre_62688543.html\" target=\"_blank\" rel=\"noopener\">renum\u00e9rotation de lignes de bus<\/a> et renfort d\u2019offre, <a href=\"https:\/\/actu.fr\/auvergne-rhone-alpes\/lyon_69123\/tcl-a-lyon-le-nouveau-logo-des-transports-en-commun-fuite-avant-sa-presentation_61856807.html\" target=\"_blank\" rel=\"noopener\">nouvelles livr\u00e9es<\/a>, mise en commun de l\u2019application TCL et de la billettique\u2026), le plus impactant concerne le porte-monnaie des usagers : le p\u00e9rim\u00e8tre des TCL sera<strong> divis\u00e9 en six zones tarifaires<\/strong> d\u00e8s lundi pour une \u00ab\u00a0tarification harmonis\u00e9e et \u00e9quitable\u00a0\u00bb.<\/p>\n<p class=\" wall-content\">Certains usagers devront <strong>payer plus<\/strong>, tandis que d\u2019autres pourront \u00e9conomiser.<\/p>\n<p>Des changements \u00e0 la marge pour les Lyonnais<\/p>\n<p class=\" wall-content\">Les tarifs des TCL ont d\u00e9j\u00e0 \u00e9t\u00e9 augment\u00e9s en janvier 2025, mais pas ceux du r\u00e9seau Libellule ou Car du Rh\u00f4ne, qui ont l\u2019habitude de se voir mis \u00e0 jour \u00e0 la rentr\u00e9e scolaire. La tarification zonale unifi\u00e9e entrera donc en vigueur avec une <strong>augmentation des tarifs Cars du Rh\u00f4ne et Libellule<\/strong> \u00ab pour coller avec l\u2019inflation \u00bb.<\/p>\n<p class=\" wall-content\">Les tarifs des zones 1 et 2 (p\u00e9rim\u00e8tre traditionnel des TCL) ne vont donc pas changer \u00e0 nouveau cette ann\u00e9e.<\/p>\n<p>Votre r\u00e9gion, votre actu !<\/p>\n<p>Recevez chaque jour les infos qui comptent pour vous.<\/p>\n<p>\t<a href=\"https:\/\/actu.fr\/newsletter\" class=\"ac-btn ac-btn--corner ac-btn--medium ac-btn--blue800\" target=\"_blank\" rel=\"noopener\">S&rsquo;incrire<\/a><\/p>\n<p class=\" wall-content\">\n<p class=\" wall-content\">Les d\u00e9tenteurs d\u2019un abonnement mensuel ou annuel valable jusqu\u2019au 31 ao\u00fbt devront <strong>refaire leur titre de transport<\/strong>, tandis la mise \u00e0 jour s\u2019effectuera automatiquement pour les usagers \u00e9ligibles vers les zones qui les concernent.<\/p>\n<p class=\" wall-content\">\u00ab\u00a0Avec cette nouvelle tarification, <strong>plus de 95% des usagers actuels sont gagnants<\/strong>, soit par une baisse du co\u00fbt, soit par une extension du p\u00e9rim\u00e8tre de d\u00e9placement\u00a0\u00bb, promettait <a href=\"https:\/\/actu.fr\/tag\/bruno-bernard\" target=\"_blank\" rel=\"noopener\">Bruno Bernard<\/a>, pr\u00e9sident du Sytral.<\/p>\n<p>Quatre familles de tarifs<\/p>\n<p class=\" wall-content\">Il existe 4 cat\u00e9gories de tarifs pour 6 zones tarifaires (cinq zones de la plus dense \u00e0 la moins desservie + la zone \u00ab\u00a0externe\u00a0\u00bb) dont les prix varient en fonction de l\u2019\u00e2ge et du statut (retrait\u00e9, \u00e9tudiant\u2026) de chaque usager.<\/p>\n<ul class=\" wall-content\">\n<li>Tarif \u00ab\u00a0zones 1 et 2\u00a0\u00bb : acc\u00e8s \u00e0 l\u2019offre de transport du p\u00e9rim\u00e8tre m\u00e9tropole de Lyon \u00e9largi ;<\/li>\n<li>Tarif \u00ab\u00a0toutes zones\u00a0\u00bb : acc\u00e8s \u00e0 l\u2019ensemble de l\u2019offre de transport ;<\/li>\n<li>Tarif \u00ab\u00a02 zones sauf zone 1\u00a0\u00bb : acc\u00e8s \u00e0 l\u2019offre de transport Sytral Mobilit\u00e9s sur deux zones adjacentes \u00e0 l\u2019exception de la zone 1 ;<\/li>\n<li>Tarif \u00ab\u00a0toutes zones sauf zone 1\u00a0\u00bb : acc\u00e8s \u00e0 l\u2019offre de transport du Sytral en dehors des moyens de la zone 1.<\/li>\n<\/ul>\n<p class=\" wall-content\">Attention : il n\u2019est <strong>pas possible<\/strong> d\u2019acheter des titres avec une seule zone et le titre doit \u00eatre valable pour toutes les zones travers\u00e9es.<\/p>\n<p>Jusqu\u2019\u00e0 cinq euros d\u2019augmentation<\/p>\n<p class=\" wall-content\">\u00ab\u00a0Par exemple, pour un trajet entre Lyon Bellecour et Mornant (zone 2), le prix actuel n\u00e9cessite deux tickets pour un co\u00fbt de 4,20 \u20ac. Au 1\u1d49\u02b3 septembre 2025, il ne faudra plus qu\u2019un seul ticket pour 2,10 \u20ac\u00a0\u00bb, cite le Sytral.<\/p>\n<p class=\" wall-content\">Il faudra en revanche compter 3,70\u20ac pour un ticket \u00ab\u00a0toutes zones\u00a0\u00bb (contre 3,60\u20ac pour l\u2019ancien Rh\u00f4ne Pass \u00e9quivalent) et l\u2019abonnement mensuel toutes zones passe \u00e0 90 \u20ac (contre 85\u20ac).<\/p>\n<p class=\" wall-content\">Le d\u00e9tenteur d\u2019un abonnement mensuel tout public sur l\u2019actuel r\u00e9seau Libellule devra payer <strong>cinq euros suppl\u00e9mentaires chaque mois<\/strong> puisque le tarif \u00e9quivalent \u00ab\u00a02 zones sauf zone 1\u00a0\u00bb passe \u00e0 30\u20ac.<\/p>\n<p class=\" wall-content\">En revanche, la gratuit\u00e9 jusqu\u2019\u00e0 dix ans inclus ainsi que les tarifs solidaires seront d\u00e9sormais \u00e9tendus \u00e0 l\u2019ensemble du territoire.<\/p>\n<p class=\" wall-content\">Personnalisez votre actualit\u00e9 en ajoutant vos villes et m\u00e9dias en favori avec <a href=\"https:\/\/moncompte.actu.fr\" title=\"D\u00e9couvez Mon Actu\" rel=\"nofollow noopener\" data-trk=\"{&quot;cta&quot;:{&quot;action&quot;:&quot;https:\\\/\\\/moncompte.actu.fr&quot;,&quot;category&quot;:&quot;mon compte&quot;,&quot;from&quot;:&quot;article footer&quot;,&quot;name&quot;:&quot;Mon actu&quot;,&quot;type&quot;:&quot;cta&quot;}}\" target=\"_blank\">Mon Actu<\/a>.<\/p>\n","protected":false},"excerpt":{"rendered":"Par Th\u00e9o Zuili Publi\u00e9 le 25 ao\u00fbt 2025 \u00e0 15h51 Avec l\u2019unification des trois r\u00e9seaux de transports en&hellip;\n","protected":false},"author":2,"featured_media":342976,"comment_status":"","ping_status":"","sticky":false,"template":"","format":"standard","meta":{"footnotes":""},"categories":[1889],"tags":[1111,11,2430,5921,1777,674,1011,27,2808,2428,12,25,104,5787],"class_list":{"0":"post-342975","1":"post","2":"type-post","3":"status-publish","4":"format-standard","5":"has-post-thumbnail","7":"category-lyon","8":"tag-actu","9":"tag-actualites","10":"tag-auvergne-rhone-alpes","11":"tag-bruno-bernard","12":"tag-eu","13":"tag-europe","14":"tag-fr","15":"tag-france","16":"tag-grand-lyon","17":"tag-lyon","18":"tag-news","19":"tag-republique-francaise","20":"tag-societe","21":"tag-transports-en-commun-lyonnais-tcl"},"share_on_mastodon":{"url":"https:\/\/pubeurope.com\/@fr\/115089809322958976","error":""},"_links":{"self":[{"href":"https:\/\/www.europesays.com\/fr\/wp-json\/wp\/v2\/posts\/342975","targetHints":{"allow":["GET"]}}],"collection":[{"href":"https:\/\/www.europesays.com\/fr\/wp-json\/wp\/v2\/posts"}],"about":[{"href":"https:\/\/www.europesays.com\/fr\/wp-json\/wp\/v2\/types\/post"}],"author":[{"embeddable":true,"href":"https:\/\/www.europesays.com\/fr\/wp-json\/wp\/v2\/users\/2"}],"replies":[{"embeddable":true,"href":"https:\/\/www.europesays.com\/fr\/wp-json\/wp\/v2\/comments?post=342975"}],"version-history":[{"count":0,"href":"https:\/\/www.europesays.com\/fr\/wp-json\/wp\/v2\/posts\/342975\/revisions"}],"wp:featuredmedia":[{"embeddable":true,"href":"https:\/\/www.europesays.com\/fr\/wp-json\/wp\/v2\/media\/342976"}],"wp:attachment":[{"href":"https:\/\/www.europesays.com\/fr\/wp-json\/wp\/v2\/media?parent=342975"}],"wp:term":[{"taxonomy":"category","embeddable":true,"href":"https:\/\/www.europesays.com\/fr\/wp-json\/wp\/v2\/categories?post=342975"},{"taxonomy":"post_tag","embeddable":true,"href":"https:\/\/www.europesays.com\/fr\/wp-json\/wp\/v2\/tags?post=342975"}],"curies":[{"name":"wp","href":"https:\/\/api.w.org\/{rel}","templated":true}]}}