{"id":34298,"date":"2025-04-18T14:46:28","date_gmt":"2025-04-18T14:46:28","guid":{"rendered":"https:\/\/www.europesays.com\/fr\/34298\/"},"modified":"2025-04-18T14:46:28","modified_gmt":"2025-04-18T14:46:28","slug":"a-sarzeau-lauteur-policier-jean-jacques-egron-sera-au-salon-du-livre-de-vannes-pour-dedicacer-son-nouveau-roman","status":"publish","type":"post","link":"https:\/\/www.europesays.com\/fr\/34298\/","title":{"rendered":"\u00c0 Sarzeau, l\u2019auteur policier Jean-Jacques Egron sera au Salon du livre de Vannes pour d\u00e9dicacer son nouveau roman"},"content":{"rendered":"<p>Jean-Jacques Egron, auteur de plusieurs romans policier dont les intrigues se d\u00e9roulent dans le Morbihan, sera en d\u00e9dicace au Salon du livre \u00e0 Vannes, le 13 juin et \u00e0 la librairie La mouette \u00e0 la page, \u00e0 Sarzeau, en juillet et ao\u00fbt. Apr\u00e8s des \u00e9tudes litt\u00e9raires, Jean-Jacques Egron, aujourd\u2019hui \u00e0 la retraite, publie un roman policier par an et les \u00e9crit dans sa maison de Penvins, \u00e0 Sarzeau. Son premier roman, \u00ab\u00a0Gare aux morts s\u00fbres\u00a0\u00bb, est publi\u00e9 en 2010. Onze autres suivront, parus aux \u00e9ditions Alain Bargain, avec comme personnage central le commandant Rosko.<\/p>\n<p>Son dernier ouvrage, \u00ab\u00a0Peine de mort \u00e0 P\u00e9nestin\u00a0\u00bb, commence par un camion incendi\u00e9 \u00e0 P\u00e9nestin, puis, arrive le meurtre de Claude, employ\u00e9e d\u2019une agence immobili\u00e8re \u00e0 Muzillac, que l\u2019on retrouve assassin\u00e9e d\u2019une balle dans la tempe. Tout s\u2019encha\u00eene par la suite et il faudra attendre le coup de th\u00e9\u00e2tre final pour avoir le fin mot de cette histoire rocambolesque. Son prochain roman se d\u00e9roulera \u00e0 Sarzeau.<\/p>\n","protected":false},"excerpt":{"rendered":"Jean-Jacques Egron, auteur de plusieurs romans policier dont les intrigues se d\u00e9roulent dans le Morbihan, sera en d\u00e9dicace&hellip;\n","protected":false},"author":2,"featured_media":34299,"comment_status":"","ping_status":"","sticky":false,"template":"","format":"standard","meta":{"footnotes":""},"categories":[1357],"tags":[1379,58,59,1011,27,1380,11234],"class_list":{"0":"post-34298","1":"post","2":"type-post","3":"status-publish","4":"format-standard","5":"has-post-thumbnail","7":"category-livres","8":"tag-books","9":"tag-divertissement","10":"tag-entertainment","11":"tag-fr","12":"tag-france","13":"tag-livres","14":"tag-sarzeau"},"share_on_mastodon":{"url":"https:\/\/pubeurope.com\/@fr\/114359512850938973","error":""},"_links":{"self":[{"href":"https:\/\/www.europesays.com\/fr\/wp-json\/wp\/v2\/posts\/34298","targetHints":{"allow":["GET"]}}],"collection":[{"href":"https:\/\/www.europesays.com\/fr\/wp-json\/wp\/v2\/posts"}],"about":[{"href":"https:\/\/www.europesays.com\/fr\/wp-json\/wp\/v2\/types\/post"}],"author":[{"embeddable":true,"href":"https:\/\/www.europesays.com\/fr\/wp-json\/wp\/v2\/users\/2"}],"replies":[{"embeddable":true,"href":"https:\/\/www.europesays.com\/fr\/wp-json\/wp\/v2\/comments?post=34298"}],"version-history":[{"count":0,"href":"https:\/\/www.europesays.com\/fr\/wp-json\/wp\/v2\/posts\/34298\/revisions"}],"wp:featuredmedia":[{"embeddable":true,"href":"https:\/\/www.europesays.com\/fr\/wp-json\/wp\/v2\/media\/34299"}],"wp:attachment":[{"href":"https:\/\/www.europesays.com\/fr\/wp-json\/wp\/v2\/media?parent=34298"}],"wp:term":[{"taxonomy":"category","embeddable":true,"href":"https:\/\/www.europesays.com\/fr\/wp-json\/wp\/v2\/categories?post=34298"},{"taxonomy":"post_tag","embeddable":true,"href":"https:\/\/www.europesays.com\/fr\/wp-json\/wp\/v2\/tags?post=34298"}],"curies":[{"name":"wp","href":"https:\/\/api.w.org\/{rel}","templated":true}]}}