{"id":342987,"date":"2025-08-25T14:19:17","date_gmt":"2025-08-25T14:19:17","guid":{"rendered":"https:\/\/www.europesays.com\/fr\/342987\/"},"modified":"2025-08-25T14:19:17","modified_gmt":"2025-08-25T14:19:17","slug":"vols-perturbes-gps-brouilles-face-a-la-guerre-des-ondes-lancee-par-la-russie-la-strategie-des-pays-baltes-lexpress","status":"publish","type":"post","link":"https:\/\/www.europesays.com\/fr\/342987\/","title":{"rendered":"Vols perturb\u00e9s, GPS brouill\u00e9s\u2026 Face \u00e0 la guerre des ondes lanc\u00e9e par la Russie, la strat\u00e9gie des pays baltes \u2013 L&rsquo;Express"},"content":{"rendered":"<p class=\"paragraph article-body-paragraph article__item   article-body-paragraph--first \">D\u2019abord anecdotique, la guerre des ondes <a href=\"https:\/\/www.lexpress.fr\/monde\/europe\/guerre-en-ukraine-lallemagne-reclame-des-garanties-de-securite-fiables-pour-la-paix-FUMKMPJQSZFSROPHLFWK6Q4QEU\/\" target=\"_self\" rel=\"nofollow noopener\" title=\"https:\/\/www.lexpress.fr\/monde\/europe\/guerre-en-ukraine-lallemagne-reclame-des-garanties-de-securite-fiables-pour-la-paix-FUMKMPJQSZFSROPHLFWK6Q4QEU\/\">men\u00e9e par la Russie<\/a> contre les Pays Baltes devient une v\u00e9ritable nuisance, voire un danger pour la s\u00e9curit\u00e9 des civils europ\u00e9ens. Ces derniers mois, les Pays Baltes accusent de plus en plus ouvertement la Russie d\u2019\u00eatre responsable d\u2019une forte augmentation des interf\u00e9rences radio et satellitaires, rapporte <a href=\"https:\/\/www.bloomberg.com\/news\/articles\/2025-08-23\/baltic-states-seek-to-fight-back-against-russian-signal-jamming?srnd=homepage-europe&amp;embedded-checkout=true\" target=\"_self\" rel=\"nofollow noopener\" title=\"https:\/\/www.bloomberg.com\/news\/articles\/2025-08-23\/baltic-states-seek-to-fight-back-against-russian-signal-jamming?srnd=homepage-europe&amp;embedded-checkout=true\">l\u2019agence de presse am\u00e9ricaine Bloomberg<\/a>.<\/p>\n<p class=\"paragraph article-body-paragraph article__item   \">La preuve, selon eux, que la <a href=\"https:\/\/www.lexpress.fr\/monde\/europe\/ukraine-la-russie-accusee-de-tortures-sexuelles-horribles-sur-des-civils-4BQT7YRP4VA4LOPUIIRQ3ASFOI\/\" target=\"_self\" rel=\"nofollow noopener\" title=\"https:\/\/www.lexpress.fr\/monde\/europe\/ukraine-la-russie-accusee-de-tortures-sexuelles-horribles-sur-des-civils-4BQT7YRP4VA4LOPUIIRQ3ASFOI\/\">Russie<\/a> stationne d\u2019importantes quantit\u00e9s de mat\u00e9riel de guerre \u00e9lectronique \u00e0 la lisi\u00e8re de <a href=\"https:\/\/www.lexpress.fr\/monde\/europe\/en-allemagne-lidee-denvoyer-des-troupes-en-ukraine-divise-XVRT6PLAFZG5ZJPTE4452BR3GI\/\" target=\"_self\" rel=\"nofollow noopener\" title=\"https:\/\/www.lexpress.fr\/monde\/europe\/en-allemagne-lidee-denvoyer-des-troupes-en-ukraine-divise-XVRT6PLAFZG5ZJPTE4452BR3GI\/\">l\u2019Union europ\u00e9enne.<\/a> Car depuis le d\u00e9but de <a href=\"https:\/\/www.lexpress.fr\/monde\/europe\/comment-washington-regule-a-distance-les-operations-militaires-de-lukraine-en-russie-A5SDO3272VFARLLKW7R5FEQQS4\/\" target=\"_self\" rel=\"nofollow noopener\" title=\"https:\/\/www.lexpress.fr\/monde\/europe\/comment-washington-regule-a-distance-les-operations-militaires-de-lukraine-en-russie-A5SDO3272VFARLLKW7R5FEQQS4\/\">l\u2019invasion de l\u2019Ukraine<\/a> par les forces de Vladimir Poutine en f\u00e9vrier 2022, \u00ab\u00a0la r\u00e9gion de la mer Baltique a enregistr\u00e9 un brouillage \u00e9tendu des signaux, notamment du syst\u00e8me de positionnement global (GPS), ce qui a perturb\u00e9 les communications a\u00e9riennes et maritimes\u00a0\u00bb, rapporte l\u2019agence.<\/p>\n<p>85 % des vols touch\u00e9s en Estonie<\/p>\n<p class=\"paragraph article-body-paragraph article__item   \">La situation s\u2019est consid\u00e9rablement aggrav\u00e9e ces derniers mois, selon les autorit\u00e9s baltes. Selon <a href=\"https:\/\/www.lexpress.fr\/economie\/high-tech\/margus-tsahkna-ministre-estonien-avec-la-russie-nous-avons-un-delai-de-trois-a-cinq-ans-ZGYFD6REKZE35NH2XH23TQBWZ4\/\" target=\"_self\" rel=\"nofollow noopener\" title=\"https:\/\/www.lexpress.fr\/economie\/high-tech\/margus-tsahkna-ministre-estonien-avec-la-russie-nous-avons-un-delai-de-trois-a-cinq-ans-ZGYFD6REKZE35NH2XH23TQBWZ4\/\">l\u2019Estonie<\/a>, 85 % des vols du pays subissent d\u00e9sormais des perturbations, voire la transmission volontaire de mauvaises coordonn\u00e9es g\u00e9ographiques, une pratique aussi appel\u00e9e spoofing. La Lituanie rapporte elle aussi une flamb\u00e9e des brouillages GPS depuis le mois dernier.<\/p>\n<p class=\"paragraph article-body-paragraph article__item   \">Les autorit\u00e9s de Riga (capitale de la Lettonie) pensent quant \u00e0 elles que Moscou a d\u00e9ploy\u00e9 du mat\u00e9riel dans la r\u00e9gion frontali\u00e8re de Pskov, selon la t\u00e9l\u00e9vision publique cit\u00e9e par Bloomberg. Certains dispositifs de guerre \u00e9lectronique pourraient m\u00eame \u00eatre install\u00e9s sur des navires de guerre en mer Baltique, estiment des responsables baltes.<\/p>\n<p><strong class=\"article-body-link-list__item text-gray-800 article-body-link-list__item--one-item\">LIRE AUSSI  : <a class=\"article-body-link-list__item-link\" href=\"https:\/\/www.lexpress.fr\/monde\/europe\/andrei-pertsev-vladimir-poutine-espere-toujours-une-crise-politique-en-ukraine-NTDS5S3LXNDKHGLXBJBOKBXDCM\/\" target=\"_blank\" rel=\"noreferrer nofollow noopener\">Andre\u00ef Pertsev : \u00ab\u00a0Vladimir Poutine esp\u00e8re toujours une crise politique en Ukraine\u00a0\u00bb<\/a><\/strong><\/p>\n<p class=\"paragraph article-body-paragraph article__item   \">En plus de porter atteinte \u00e0 la s\u00e9curit\u00e9 des transports civils, ces interf\u00e9rences volontaires russes pourraient \u00eatre une mani\u00e8re de tester une nouvelle fois l\u2019OTAN, pour certains sp\u00e9cialistes. Selon Bloomberg, l\u2019enjeu est aussi \u00ab\u00a0celui de la s\u00e9curit\u00e9 d\u2019une r\u00e9gion devenue un point chaud pour l\u2019OTAN dans son bras de fer avec le Kremlin\u00a0\u00bb. Car la Lettonie, la Lituanie et l\u2019Estonie \u2014 les membres baltes de l\u2019alliance qui bordent la Russie \u2014 figurent parmi les plus fervents soutiens de Kiev.<\/p>\n<p class=\"paragraph article-body-paragraph article__item   \">Bien que les autorit\u00e9s de la r\u00e9gion affirment que les vols commerciaux restent s\u00fbrs, les pilotes doivent de plus en plus recourir \u00e0 des m\u00e9thodes de navigation alternatives et les pays frontaliers de la Russie ont saisi plusieurs organisations internationales.<\/p>\n<p>Les agences onusiennes alert\u00e9es<\/p>\n<p class=\"paragraph article-body-paragraph article__item   \">Le 23 juin dernier, la Finlande, l\u2019Estonie, la Lettonie et la Lituanie ont collectivement signal\u00e9, avec la Finlande voisine, l\u2019aggravation des interf\u00e9rences de radionavigation \u00e0 l\u2019Union internationale des t\u00e9l\u00e9communications (UIT). Soutenus par la Su\u00e8de et la Pologne, ils ont \u00e9galement exprim\u00e9 leur inqui\u00e9tude au sujet de la guerre \u00e9lectronique russe dans une lettre adress\u00e9e d\u00e9but juillet \u00e0 l\u2019Organisation de l\u2019aviation civile internationale (OACI). Donn\u00e9es de perturbation \u00e0 l\u2019appui, l\u2019agence a conclu que la Russie \u00e9tait responsable de ces interf\u00e9rences.<\/p>\n<p><strong class=\"article-body-link-list__item text-gray-800 article-body-link-list__item--one-item\">LIRE AUSSI  : <a class=\"article-body-link-list__item-link\" href=\"https:\/\/www.lexpress.fr\/idees-et-debats\/toma-istomina-journaliste-ukrainienne-poutine-na-jamais-ete-dans-une-situation-aussi-favorable-KZMBQISU3ZFI7DWYD6CPV22HXM\/\" target=\"_blank\" rel=\"noreferrer nofollow noopener\">Toma Istomina, journaliste ukrainienne : \u00ab\u00a0Poutine n\u2019a jamais \u00e9t\u00e9 dans une situation aussi favorable\u00a0\u00bb<\/a><\/strong><\/p>\n<p class=\"paragraph article-body-paragraph article__item   \">Dans la r\u00e9ponse de l\u2019OACI, consult\u00e9e par l\u2019agence de presse am\u00e9ricaine, l\u2019organisation a exprim\u00e9 sa \u00ab\u00a0profonde inqui\u00e9tude\u00a0\u00bb pour la s\u00e9curit\u00e9 des vols civils notamment. Elle avertit \u00e9galement la Russie : si elle ne pr\u00e9cise pas dans les 30 jours les mesures qu\u2019elle prendra pour mettre fin aux perturbations, l\u2019affaire sera consid\u00e9r\u00e9e comme une possible violation du droit international. L\u2019IUT elle aussi a appel\u00e9 le Kremlin \u00e0 cesser imm\u00e9diatement ces activit\u00e9s.<\/p>\n<p>Suspendre les fr\u00e9quences russes ?<\/p>\n<p class=\"paragraph article-body-paragraph article__item   \">Selon un communiqu\u00e9 du gouvernement lituanien consult\u00e9 par Bloomberg, le Kremlin interpellations \u00ab\u00a0n\u2019a pas ni\u00e9\u00a0\u00bb son activit\u00e9 de brouillage lors de la r\u00e9cente r\u00e9union de l\u2019UIT, \u00ab\u00a0mais a justifi\u00e9 ses actions par la n\u00e9cessit\u00e9 de prot\u00e9ger les infrastructures nationales\u00a0\u00bb. L\u2019absence d\u2019action pourrait pourtant ne pas rester sans cons\u00e9quences : l\u2019UIT \u00e9tant une agence des <a href=\"https:\/\/www.lexpress.fr\/monde\/en-pleine-crise-de-sens-et-de-financements-lonu-veut-se-reinventer-F2A3RKEZARA7FA52WQUHT3EBCI\/\" target=\"_self\" rel=\"nofollow noopener\" title=\"https:\/\/www.lexpress.fr\/monde\/en-pleine-crise-de-sens-et-de-financements-lonu-veut-se-reinventer-F2A3RKEZARA7FA52WQUHT3EBCI\/\">Nations unies<\/a>, elle a le pouvoir de suspendre la d\u00e9livrance de nouvelles autorisations pour l\u2019utilisation de fr\u00e9quences radio.<\/p>\n<p><strong class=\"article-body-link-list__item text-gray-800 article-body-link-list__item--one-item\">LIRE AUSSI  : <a class=\"article-body-link-list__item-link\" href=\"https:\/\/www.lexpress.fr\/monde\/jamais-nous-ne-partirons-le-donbass-otage-des-negociations-trump-poutine-Z4KCBSX7H5GGHIPFYJYX4PP4IY\/\" target=\"_blank\" rel=\"noreferrer nofollow noopener\">\u00ab\u00a0Jamais nous ne partirons\u00a0\u00bb : le Donbass, otage des n\u00e9gociations Trump-Poutine<\/a><\/strong><\/p>\n<p class=\"paragraph article-body-paragraph article__item    article__text__endpicto\">Des mesures ont d\u2019ores et d\u00e9j\u00e0 \u00e9t\u00e9 prises par les pays Baltes pour contrer les interf\u00e9rences russes. En juillet dernier, ces pays ont annonc\u00e9 utiliser une nouvelle capacit\u00e9 du <a href=\"https:\/\/www.lexpress.fr\/economie\/face-aux-etats-unis-de-donald-trump-la-souverainete-de-leurope-se-joue-aussi-dans-lespace-EJ37HKVWGRGONIULNURYTIDY2Y\/?auth=cf8f3ea6fa\" target=\"_self\" rel=\"nofollow noopener\" title=\"https:\/\/www.lexpress.fr\/economie\/face-aux-etats-unis-de-donald-trump-la-souverainete-de-leurope-se-joue-aussi-dans-lespace-EJ37HKVWGRGONIULNURYTIDY2Y\/?auth=cf8f3ea6fa\">syst\u00e8me satellitaire europ\u00e9en<\/a> Galileo pour contrer le spoofing. Les autorit\u00e9s ont \u00e9galement demand\u00e9 \u00e0 leurs citoyens de ne pas utiliser de drones pr\u00e8s de la fronti\u00e8re avec la Russie, et les pilotes polonais utilisent une assistance par radar pour prendre le relais lorsque les GPS sont brouill\u00e9s. Ces mesures pourraient \u00eatre insuffisantes : depuis quelques mois, en plus des communications a\u00e9riennes, les communications terrestres (notamment le r\u00e9seau des t\u00e9l\u00e9phones portables et les tours) et maritimes sont elles aussi touch\u00e9es.<\/p>\n","protected":false},"excerpt":{"rendered":"D\u2019abord anecdotique, la guerre des ondes men\u00e9e par la Russie contre les Pays Baltes devient une v\u00e9ritable nuisance,&hellip;\n","protected":false},"author":2,"featured_media":342988,"comment_status":"","ping_status":"","sticky":false,"template":"","format":"standard","meta":{"footnotes":""},"categories":[1591],"tags":[11,674,1887,74,12,1885,1886,132],"class_list":{"0":"post-342987","1":"post","2":"type-post","3":"status-publish","4":"format-standard","5":"has-post-thumbnail","7":"category-russie","8":"tag-actualites","9":"tag-europe","10":"tag-federation-de-russie","11":"tag-monde","12":"tag-news","13":"tag-russia","14":"tag-russian-federation","15":"tag-russie"},"share_on_mastodon":{"url":"https:\/\/pubeurope.com\/@fr\/115089844702183256","error":""},"_links":{"self":[{"href":"https:\/\/www.europesays.com\/fr\/wp-json\/wp\/v2\/posts\/342987","targetHints":{"allow":["GET"]}}],"collection":[{"href":"https:\/\/www.europesays.com\/fr\/wp-json\/wp\/v2\/posts"}],"about":[{"href":"https:\/\/www.europesays.com\/fr\/wp-json\/wp\/v2\/types\/post"}],"author":[{"embeddable":true,"href":"https:\/\/www.europesays.com\/fr\/wp-json\/wp\/v2\/users\/2"}],"replies":[{"embeddable":true,"href":"https:\/\/www.europesays.com\/fr\/wp-json\/wp\/v2\/comments?post=342987"}],"version-history":[{"count":0,"href":"https:\/\/www.europesays.com\/fr\/wp-json\/wp\/v2\/posts\/342987\/revisions"}],"wp:featuredmedia":[{"embeddable":true,"href":"https:\/\/www.europesays.com\/fr\/wp-json\/wp\/v2\/media\/342988"}],"wp:attachment":[{"href":"https:\/\/www.europesays.com\/fr\/wp-json\/wp\/v2\/media?parent=342987"}],"wp:term":[{"taxonomy":"category","embeddable":true,"href":"https:\/\/www.europesays.com\/fr\/wp-json\/wp\/v2\/categories?post=342987"},{"taxonomy":"post_tag","embeddable":true,"href":"https:\/\/www.europesays.com\/fr\/wp-json\/wp\/v2\/tags?post=342987"}],"curies":[{"name":"wp","href":"https:\/\/api.w.org\/{rel}","templated":true}]}}